{"id":187339,"date":"2025-06-19T02:33:25","date_gmt":"2025-06-19T02:33:25","guid":{"rendered":"https:\/\/www.europesays.com\/fr\/187339\/"},"modified":"2025-06-19T02:33:25","modified_gmt":"2025-06-19T02:33:25","slug":"a-la-prison-de-rennes-un-nouveau-detenu-est-mort-en-cellule","status":"publish","type":"post","link":"https:\/\/www.europesays.com\/fr\/187339\/","title":{"rendered":"\u00e0 la prison de Rennes, un nouveau d\u00e9tenu est mort en cellule"},"content":{"rendered":"<p>            Par<br \/>\n        <strong><br \/>\n            <a href=\"https:\/\/actu.fr\/auteur\/redaction-rennes\" title=\"Consulter tous les articles de R\u00e9daction Rennes\" target=\"_blank\" rel=\"noopener\">R\u00e9daction Rennes<\/a><br \/>\n        <\/strong><\/p>\n<p>        Publi\u00e9 le<\/p>\n<p>            18 juin 2025 \u00e0 17h40        <\/p>\n<p><a href=\"https:\/\/actu.fr\/bretagne\/vezin-le-coquet_35353\/humiliations-et-traces-de-coups-kevin-est-mort-a-la-prison-de-rennes-sa-famille-ne-croit-pas-au-suicide_62367586.html\" target=\"_blank\" rel=\"noopener\">Apr\u00e8s K\u00e9vin Boudou, <\/a>samedi 1\u1d49\u02b3 mars\u00a02025 et <a href=\"https:\/\/actu.fr\/bretagne\/rennes_35238\/apres-le-deces-de-kevin-boudou-a-la-prison-de-rennes-vezin-un-autre-detenu-retrouve-mort-en-cellule_62521406.html\" target=\"_blank\" rel=\"noopener\">Jos\u00e9 Kinkembo, <\/a>jeudi 10\u00a0avril 2025, un troisi\u00e8me d\u00e9tenu a \u00e9t\u00e9 retrouv\u00e9 mort \u00e0<strong> la prison de Rennes-Vezin<\/strong> dans de <strong>sordides conditions. <\/strong>Alexis, un jeune homme de 25\u00a0ans, a en effet \u00e9t\u00e9 d\u00e9couvert <strong>inanim\u00e9<\/strong> ce samedi 14\u00a0juin en d\u00e9but d\u2019apr\u00e8s-midi par les agents p\u00e9nitentiaires alors qu\u2019il portait<strong> des \u00ab\u2009traces de coups\u2009\u00bb.<\/strong><\/p>\n<p class=\" wall-content\">Son co-d\u00e9tenu, Lotfi, a \u00e9t\u00e9 <strong>mis en examen<\/strong> ce lundi 16\u00a0juin 2025 pour \u00ab\u2009meurtre aggrav\u00e9 par des <strong>actes<\/strong>\u00a0<strong>de torture<\/strong> ou de <strong>barbarie\u2009\u00bb.<\/strong><\/p>\n<p>De nombreuses blessures sur son corps<\/p>\n<p class=\" wall-content\">D\u2019apr\u00e8s les premiers \u00e9l\u00e9ments de l\u2019enqu\u00eate, ces \u00ab\u2009actes de torture et de barbarie\u2009\u00bb auraient \u00e9t\u00e9 inflig\u00e9s <strong>ces deux derni\u00e8res semaines<\/strong> au jeune homme qui souffrait de <strong>\u00ab\u2009probl\u00e8mes psychiatriques\u2009\u00bb.<\/strong><\/p>\n<p class=\" wall-content\">Des \u00ab\u2009blessures d\u2019\u00e2ges divers\u2009\u00bb ont en effet \u00e9t\u00e9 d\u00e9couvertes sur son corps, selon une source proche de l\u2019enqu\u00eate, qui fait \u00e9tat notamment de <strong>\u00ab\u2009br\u00fblures\u2009\u00bb.<\/strong><\/p>\n<p class=\" wall-content\"><strong>Une autopsie<\/strong> devait \u00eatre diligent\u00e9e en ce d\u00e9but de semaine\u2009: le rapport du m\u00e9decin l\u00e9giste devrait permettre de d\u00e9terminer <strong>avec pr\u00e9cision l\u2019origine de sa mort<\/strong> et de dater les l\u00e9sions d\u00e9couvertes sur son corps.<\/p>\n<p>D\u00e9j\u00e0 condamn\u00e9 22\u00a0fois<\/p>\n<p class=\" wall-content\">Selon nos informations, au moment des faits, <strong>la victime se trouvait seule en cellule avec son co-d\u00e9tenu<\/strong> Lotfi, <strong>un Nantais<\/strong> de <strong>26\u00a0ans<\/strong> dont le casier judiciaire comporte <strong>22 mentions<\/strong> pour des faits commis entre\u00a02013 et\u00a02025. Ce dernier avait \u00e9t\u00e9 transf\u00e9r\u00e9 \u00e0 Rennes depuis la prison de Lorient (Morbihan), fin avril\u00a02025.<\/p>\n<p class=\" wall-content\">Plus t\u00f4t dans la journ\u00e9e, Lotfi aurait en fait <strong>\u00ab\u2009demand\u00e9 de l\u2019aide\u2009\u00bb<\/strong> car il ne pouvait<strong> \u00ab\u2009plus supporter les odeurs en cellule\u2009\u00bb<\/strong> \u00e9manant d\u2019Alexis.<\/p>\n<p class=\" wall-content\">Mais \u00ab\u2009rien n\u2019avait \u00e9t\u00e9 fait\u2009\u00bb par les agents p\u00e9nitentiaires de cette prison dont le taux d\u2019occupation s\u2019\u00e9l\u00e8ve actuellement \u00e0 \u00ab\u2009123\u2009%\u2009\u00bb.<\/p>\n<p>Des \u00ab\u2009probl\u00e8mes d\u2019incontinence f\u00e9cale\u2009\u00bb<\/p>\n<p class=\" wall-content\">Le \u00ab\u2009meurtrier\u2009\u00bb pr\u00e9sum\u00e9 aurait d\u2019ailleurs d\u00fb \u00eatre lib\u00e9r\u00e9, au plus tard, d\u2019ici la fin du mois de septembre\u00a02025. <strong>La victime,<\/strong> elle, avait notamment comparu devant la cour d\u2019appel de Rennes en f\u00e9vrier\u00a02025 pour <strong>\u00ab\u2009violence sur un fonctionnaire de police<\/strong> sans incapacit\u00e9 totale de travail (ITT)\u2009\u00bb et \u00ab\u2009usage illicite de stup\u00e9fiants\u2009\u00bb.<\/p>\n<p class=\" wall-content\">Selon une source proche de l\u2019enqu\u00eate, Alexis avait en fait <strong>des \u00ab\u2009probl\u00e8mes d\u2019incontinence f\u00e9cale\u2009\u00bb<\/strong> et son co-d\u00e9tenu ne supportait plus les d\u00e9sagr\u00e9ments que cette probl\u00e9matique pouvait g\u00e9n\u00e9rer dans leur cellule.<\/p>\n<blockquote class=\"ac-article-quote wall-content\">\n<p>J&rsquo;estime qu&rsquo;il y a un dysfonctionnement majeur dans le traitement de ce qui n&rsquo;\u00e9tait au d\u00e9part qu&rsquo;un incident.<\/p>\n<p>    <strong> Me Sobieslaw Bemmoussat<\/strong><br \/>\n        Avocat de Lofti    <\/p><\/blockquote>\n<p>Des d\u00e9tenus retrouv\u00e9s pendus<\/p>\n<p>En mars et avril 2025, K\u00e9vin Boudou et Jos\u00e9 Kinkembo, deux d\u00e9tenus, ont \u00e9t\u00e9 d\u00e9couverts pendus dans leurs cellules. La famille de l&rsquo;un d&rsquo;entre eux a d&rsquo;ailleurs d\u00e9pos\u00e9 plainte contre X pour \u00ab\u00a0homicide involontaire\u00a0\u00bb et \u00ab\u00a0non-assistance \u00e0 personne en danger\u00a0\u00bb.<\/p>\n<p>Il reconna\u00eet partiellement les faits<\/p>\n<p class=\" wall-content\">Lors de sa pr\u00e9sentation devant la juge d\u2019instruction rennaise en charge du dossier, son client \u2013 d\u00e9j\u00e0 condamn\u00e9 \u00e0 plusieurs reprises pour des faits de violence \u2013<strong> ne s\u2019est \u00ab\u2009pas beaucoup \u00e9panch\u00e9\u2009\u00bb<\/strong> sur les conditions dans lesquelles son co-d\u00e9tenu est mort.<\/p>\n<p class=\" wall-content\">En tout \u00e9tat de cause, ce jeune \u00ab\u2009sans dipl\u00f4me ni domicile\u2009\u00bb <strong>reconna\u00eet<\/strong> \u00e0 ce stade<strong> avoir port\u00e9 des coups d\u2019une \u00ab\u2009extr\u00eame gravit\u00e9\u2009\u00bb,<\/strong> au point qu\u2019il a lui-m\u00eame \u00e9valu\u00e9 leur intensit\u00e9 \u00e0 \u00ab\u20099\u2009\u00bb sur \u00ab\u2009une \u00e9chelle de 1 \u00e0 10\u2009\u00bb.<\/p>\n<p class=\" wall-content\">Selon Me Sobieslaw Bemmoussat, son client r\u00e9fute toutefois \u00ab\u2009l\u2019intention\u2009\u00bb d\u2019avoir voulu \u00ab\u2009tuer\u2009\u00bb Alexis ainsi que les accusations de \u00ab\u2009tortures\u2009\u00bb.<\/p>\n<blockquote class=\"ac-article-quote wall-content\">\n<p>Il s&rsquo;agit d&rsquo;un jeune homme qui a \u00e9t\u00e9 balad\u00e9 de foyer en foyer, en famille d&rsquo;accueil et en d\u00e9tention : il n&rsquo;a connu quasiment que \u00e7a et est tr\u00e8s isol\u00e9 socialement.<\/p>\n<p>    <strong> Me Sobieslaw Bemmoussat<\/strong><br \/>\n        Avocat de Lofti    <\/p><\/blockquote>\n<p class=\" wall-content\">\u00ab\u2009Il a eu un pied-de-biche dans la bouche, et non pas une cuill\u00e8re en argent\u2009\u00bb, image d\u2019ailleurs l\u2019avocat de ce jeune originaire du quartier populaire des Dervalli\u00e8res \u00e0 Nantes.<\/p>\n<p>Transf\u00e9r\u00e9 au\u00a0Mans<\/p>\n<p class=\" wall-content\">Son client a donc \u00e9t\u00e9 <strong>plac\u00e9 en d\u00e9tention provisoire<\/strong> dans cette affaire et a \u00e9t\u00e9 <strong>transf\u00e9r\u00e9 au\u00a0Mans (Sarthe)<\/strong>, o\u00f9 il a \u00e9t\u00e9 <strong>plac\u00e9<\/strong> <strong>\u00e0 l\u2019isolement<\/strong>.<\/p>\n<p class=\" wall-content\">Si la qualification criminelle de \u00ab\u2009meurtre pr\u00e9c\u00e9d\u00e9 ou suivi d\u2019un autre crime\u2009\u00bb devait \u00eatre retenue, alors le mis en cause <strong>encourrait th\u00e9oriquement la r\u00e9clusion criminelle \u00e0 perp\u00e9tuit\u00e9<\/strong>.<\/p>\n<p class=\" wall-content\">CB (PressPepper)<\/p>\n<p class=\" wall-content\">Suivez toute l\u2019actualit\u00e9 de vos villes et m\u00e9dias favoris en vous inscrivant \u00e0 <a href=\"https:\/\/moncompte.actu.fr\" title=\"D\u00e9couvez Mon Actu\" rel=\"nofollow noopener\" data-trk=\"{&quot;cta&quot;:{&quot;action&quot;:&quot;https:\\\/\\\/moncompte.actu.fr&quot;,&quot;category&quot;:&quot;mon compte&quot;,&quot;from&quot;:&quot;article footer&quot;,&quot;name&quot;:&quot;Mon actu&quot;,&quot;type&quot;:&quot;cta&quot;}}\" target=\"_blank\">Mon Actu<\/a>.<\/p>\n","protected":false},"excerpt":{"rendered":"Par R\u00e9daction Rennes Publi\u00e9 le 18 juin 2025 \u00e0 17h40 Apr\u00e8s K\u00e9vin Boudou, samedi 1\u1d49\u02b3 mars\u00a02025 et Jos\u00e9&hellip;\n","protected":false},"author":2,"featured_media":187340,"comment_status":"","ping_status":"","sticky":false,"template":"","format":"standard","meta":{"footnotes":""},"categories":[2821],"tags":[1111,11,829,1777,674,118,1011,27,12,899,584,25],"class_list":{"0":"post-187339","1":"post","2":"type-post","3":"status-publish","4":"format-standard","5":"has-post-thumbnail","7":"category-rennes","8":"tag-actu","9":"tag-actualites","10":"tag-bretagne","11":"tag-eu","12":"tag-europe","13":"tag-faits-divers","14":"tag-fr","15":"tag-france","16":"tag-news","17":"tag-prisons","18":"tag-rennes","19":"tag-republique-francaise"},"share_on_mastodon":{"url":"https:\/\/pubeurope.com\/@fr\/114707693898428953","error":""},"_links":{"self":[{"href":"https:\/\/www.europesays.com\/fr\/wp-json\/wp\/v2\/posts\/187339","targetHints":{"allow":["GET"]}}],"collection":[{"href":"https:\/\/www.europesays.com\/fr\/wp-json\/wp\/v2\/posts"}],"about":[{"href":"https:\/\/www.europesays.com\/fr\/wp-json\/wp\/v2\/types\/post"}],"author":[{"embeddable":true,"href":"https:\/\/www.europesays.com\/fr\/wp-json\/wp\/v2\/users\/2"}],"replies":[{"embeddable":true,"href":"https:\/\/www.europesays.com\/fr\/wp-json\/wp\/v2\/comments?post=187339"}],"version-history":[{"count":0,"href":"https:\/\/www.europesays.com\/fr\/wp-json\/wp\/v2\/posts\/187339\/revisions"}],"wp:featuredmedia":[{"embeddable":true,"href":"https:\/\/www.europesays.com\/fr\/wp-json\/wp\/v2\/media\/187340"}],"wp:attachment":[{"href":"https:\/\/www.europesays.com\/fr\/wp-json\/wp\/v2\/media?parent=187339"}],"wp:term":[{"taxonomy":"category","embeddable":true,"href":"https:\/\/www.europesays.com\/fr\/wp-json\/wp\/v2\/categories?post=187339"},{"taxonomy":"post_tag","embeddable":true,"href":"https:\/\/www.europesays.com\/fr\/wp-json\/wp\/v2\/tags?post=187339"}],"curies":[{"name":"wp","href":"https:\/\/api.w.org\/{rel}","templated":true}]}}