{"id":187349,"date":"2025-06-19T02:38:20","date_gmt":"2025-06-19T02:38:20","guid":{"rendered":"https:\/\/www.europesays.com\/fr\/187349\/"},"modified":"2025-06-19T02:38:20","modified_gmt":"2025-06-19T02:38:20","slug":"le-nice-jazz-festival-est-de-retour-cet-ete-du-24-au-27-juillet","status":"publish","type":"post","link":"https:\/\/www.europesays.com\/fr\/187349\/","title":{"rendered":"Le Nice Jazz Festival est de retour cet \u00e9t\u00e9 du 24 au 27 juillet !"},"content":{"rendered":"<p><strong>\u201cChaque nouvelle g\u00e9n\u00e9ration d\u2019artistes a su chambouler nos habitudes, secouer les certitudes des plus conservateurs et apporter sa pierre \u00e0 un \u00e9difice qui fait que le\u00a0jazz\u00a0est le grand bouleversement musical du XX\u00e8me et de notre d\u00e9but de XXI\u00e8me si\u00e8cle. Il nous semblait essentiel de pouvoir rendre compte de l\u2019\u00e9tat d\u2019agitation de cette musique, ou comme le disait Ornette Coleman de donner le sentiment du \u00ab Shape of\u00a0Jazz\u00a0To Come \u00bb. Il fallait donc ajouter un concert de plus au Th\u00e9\u00e2tre de Verdure !<\/strong><\/p>\n<p>Malgr\u00e9 un tout petit sentiment de l\u00e9g\u00e8re frustration de ne pas avoir pu tout caser, nous croyons fermement que ce sera un nouvel \u00e9tage \u00e0 la fus\u00e9e\u00a0Nice\u00a0Jazz\u00a0Fest\u2019. C\u2019est \u00e0 partir d\u2019une page blanche et avec une passion incroyable, que nous avons construit ce programme. C\u2019est un \u00e9tat des lieux, un r\u00e9sum\u00e9 de l\u2019air du temps\u2026 presque un manifeste.<\/p>\n<p>Il balaye la diversit\u00e9, les expressions, les formats de la Great American Black Music\u2026 avec le\u00a0jazz\u00a0comme centre de gravit\u00e9. Quatre groupes \u00e0 Verdure cela veut aussi dire des concerts plus courts, plus denses, plus dynamiques. Le\u00a0jazz\u00a0est aussi une histoire d\u2019allers-retours incessants. Impossible aujourd\u2019hui de consid\u00e9rer la sc\u00e8ne hip hop d\u2019Atlanta (EarthGang) sans y voir les influences\u00a0jazz-soul des ann\u00e9es 70. Impossible de consid\u00e9rer le\u00a0jazz\u00a0de\u00a0Christian McBride\u00a0sans \u00e9couter James Brown, son h\u00e9ros. Pas de\u00a0Jalen Ngonda\u00a0sans Marvin Gaye, pas de\u00a0Raye\u00a0sans Dinah Washington. Il y a du Sixun dans\u00a0Monsieur M\u00e2l\u00e2, et tellement de swing dans le flow de\u00a0Freddie Gibbs\u00a0ou de\u00a0GoldLink. La musique circule sans fronti\u00e8res, sans permis de s\u00e9jour. Elle va de Chicago \u00e0 Paris en passant par Londres ou Detroit. C\u2019est un \u00e9ternel recommencement o\u00f9 chaque nouvelle g\u00e9n\u00e9ration red\u00e9couvre des tr\u00e9sors et s\u2019en empare. C\u2019est\u00a0Edouard Pennes\u00a0qui relit Charlie Parker pour en livrer une lecture au pr\u00e9sent. C\u2019est\u00a0Jorja Smith\u00a0qui nous envo\u00fbte,\u00a0Feu! Chatterton\u00a0qui nous fait chavirer. L\u2019ancien et le nouveau qui s\u2019entrecroisent sur les deux sc\u00e8nes du plus beau des festivals. Celui dont la sc\u00e8ne fait face \u00e0 la mer, sur la plus belle Promenade du monde, au c\u0153ur de la Baie des Anges. En plein centre de\u00a0Nice. Lieu de tous les possibles.\u201d \u2013 <b data-olk-copy-source=\"MessageBody\">S\u00e9bastien Vidal \u2013 Directeur Artistique du\u00a0Nice\u00a0Jazz\u00a0Fest\u2019<\/b><\/p>\n<p><img loading=\"lazy\" decoding=\"async\" aria-describedby=\"caption-attachment-365401\" class=\"wp-image-365401 size-medium\" src=\"https:\/\/www.europesays.com\/fr\/wp-content\/uploads\/2025\/06\/Prog-nice-jazz-festival-400x286.png\" alt=\"\" width=\"400\" height=\"286\"  \/><\/p>\n<p id=\"caption-attachment-365401\" class=\"wp-caption-text\">Programmation Nice Jazz Festival<\/p>\n<p>[Source : communiqu\u00e9 de presse]<\/p>\n<p><a href=\"https:\/\/www.clubartistikrezo.com\/\" rel=\"nofollow noopener\" target=\"_blank\"><b>\u00c9v\u00e9nement partenaire du Club Artistik Rezo<\/b><\/a><\/p>\n","protected":false},"excerpt":{"rendered":"\u201cChaque nouvelle g\u00e9n\u00e9ration d\u2019artistes a su chambouler nos habitudes, secouer les certitudes des plus conservateurs et apporter sa&hellip;\n","protected":false},"author":2,"featured_media":187350,"comment_status":"","ping_status":"","sticky":false,"template":"","format":"standard","meta":{"footnotes":""},"categories":[2819],"tags":[1111,11,1697,1777,674,849,1011,27,12,2401,882,25],"class_list":{"0":"post-187349","1":"post","2":"type-post","3":"status-publish","4":"format-standard","5":"has-post-thumbnail","7":"category-nice","8":"tag-actu","9":"tag-actualites","10":"tag-concert","11":"tag-eu","12":"tag-europe","13":"tag-festival","14":"tag-fr","15":"tag-france","16":"tag-news","17":"tag-nice","18":"tag-provence-alpes-cote-dazur","19":"tag-republique-francaise"},"share_on_mastodon":{"url":"https:\/\/pubeurope.com\/@fr\/114707713530478619","error":""},"_links":{"self":[{"href":"https:\/\/www.europesays.com\/fr\/wp-json\/wp\/v2\/posts\/187349","targetHints":{"allow":["GET"]}}],"collection":[{"href":"https:\/\/www.europesays.com\/fr\/wp-json\/wp\/v2\/posts"}],"about":[{"href":"https:\/\/www.europesays.com\/fr\/wp-json\/wp\/v2\/types\/post"}],"author":[{"embeddable":true,"href":"https:\/\/www.europesays.com\/fr\/wp-json\/wp\/v2\/users\/2"}],"replies":[{"embeddable":true,"href":"https:\/\/www.europesays.com\/fr\/wp-json\/wp\/v2\/comments?post=187349"}],"version-history":[{"count":0,"href":"https:\/\/www.europesays.com\/fr\/wp-json\/wp\/v2\/posts\/187349\/revisions"}],"wp:featuredmedia":[{"embeddable":true,"href":"https:\/\/www.europesays.com\/fr\/wp-json\/wp\/v2\/media\/187350"}],"wp:attachment":[{"href":"https:\/\/www.europesays.com\/fr\/wp-json\/wp\/v2\/media?parent=187349"}],"wp:term":[{"taxonomy":"category","embeddable":true,"href":"https:\/\/www.europesays.com\/fr\/wp-json\/wp\/v2\/categories?post=187349"},{"taxonomy":"post_tag","embeddable":true,"href":"https:\/\/www.europesays.com\/fr\/wp-json\/wp\/v2\/tags?post=187349"}],"curies":[{"name":"wp","href":"https:\/\/api.w.org\/{rel}","templated":true}]}}