{"id":187357,"date":"2025-06-19T02:43:16","date_gmt":"2025-06-19T02:43:16","guid":{"rendered":"https:\/\/www.europesays.com\/fr\/187357\/"},"modified":"2025-06-19T02:43:16","modified_gmt":"2025-06-19T02:43:16","slug":"en-images-toulouse-piste-cyclable-voliere-vegetalisation-le-parc-de-lile-du-ramier-prend-forme","status":"publish","type":"post","link":"https:\/\/www.europesays.com\/fr\/187357\/","title":{"rendered":"EN IMAGES. Toulouse. Piste cyclable, voli\u00e8re, v\u00e9g\u00e9talisation&#8230; Le parc de l&rsquo;\u00eele du Ramier prend forme"},"content":{"rendered":"<p>            Par<br \/>\n        <strong><br \/>\n            <a href=\"https:\/\/actu.fr\/auteur\/nina-hossein-zadeh\" title=\"Consulter tous les articles de Nina Hossein-Zadeh\" target=\"_blank\" rel=\"noopener\">Nina Hossein-Zadeh<\/a><br \/>\n        <\/strong><\/p>\n<p>        Publi\u00e9 le<\/p>\n<p>            18 juin 2025 \u00e0 17h02        <\/p>\n<p>Le projet de <a href=\"https:\/\/actu.fr\/occitanie\/toulouse_31555\/carte-voici-le-projet-definitif-et-detaille-du-futur-poumon-vert-de-toulouse-sur-l-ile-du-ramier_58044527.html\" target=\"_blank\" rel=\"noopener\">reconversion de l\u2019\u00eele du Ramier<\/a> entre dans une nouvelle phase visible. Ce mercredi 18\u00a0juin 2025, <strong>Jean-Luc Moudenc<\/strong>, maire de <a href=\"https:\/\/actu.fr\/toulouse\/\" target=\"_blank\" rel=\"noopener\">Toulouse<\/a>, et <strong>Henri Bava<\/strong>, architecte paysagiste en charge du projet, ont d\u00e9voil\u00e9 les premiers am\u00e9nagements achev\u00e9s ou en cours dans ce qui deviendra d\u2019ici \u00e0 2030 le \u00ab\u2009Central Park\u2009\u00bb de la Ville rose. \u00ab\u2009Avec ce projet, l\u2019\u00eele revient \u00e0 sa vocation\u2009:<strong> un lieu de promenade \u00e0 travers la nature<\/strong> et de s\u00e9r\u00e9nit\u00e9 ouvert \u00e0 tous\u2009\u00bb, s\u2019enthousiasme le locataire du Capitole.<\/p>\n<p>Une piste cyclable et des premiers am\u00e9nagements visibles<\/p>\n<p class=\" wall-content\">Le point presse s\u2019est tenu \u00e0 l\u2019entr\u00e9e du futur parc, o\u00f9 une piste cyclable longe d\u00e9sormais l\u2019esplanade arbor\u00e9e. \u00ab\u2009On se trouve \u00e0 l\u2019entr\u00e9e du futur parc du Ramier. Aujourd\u2019hui est une date importante puisqu\u2019<strong>on ouvre la piste cyclable qui longe le parc<\/strong>, qui va de la passerelle Rapas jusqu\u2019\u00e0 l\u2019all\u00e9e Camille Soula\u2009\u00bb, a expliqu\u00e9 Henri Bava.<\/p>\n<p class=\" wall-content\">Deux stations V\u00e9lo Toulouse ont donc \u00e9t\u00e9 install\u00e9es dans la zone. Deux autres viendront \u00e9galement s\u2019implanter au cours des am\u00e9nagements. L\u2019objectif affich\u00e9 par la mairie est de favoriser les mobilit\u00e9s douces comme la marche et le v\u00e9lo pour rejoindre le parc de l\u2019\u00eele du Ramier.<\/p>\n<p>    <img   decoding=\"async\" loading=\"lazy\" src=\"https:\/\/www.europesays.com\/fr\/wp-content\/uploads\/2025\/06\/piste-cyclable-ramier-960x640.jpg\" alt=\"Une nouvelle piste cyclable a \u00e9t\u00e9 inaugur\u00e9 ce mercredi 18 juin 2025 entre la passerelle Empalot et l'all\u00e9e Camille Soula.\" width=\"960\" height=\"640\"\/><br \/>\n    Une nouvelle piste cyclable a \u00e9t\u00e9 inaugur\u00e9e ce mercredi 18\u00a0juin 2025 entre la passerelle Rapas et l\u2019all\u00e9e Camille Soula. (\u00a9Nina Hossein-Zadeh)40\u2009000 plantations en un an<\/p>\n<p class=\" wall-content\">\u00c0 travers cette visite, la M\u00e9tropole a souhait\u00e9 montrer concr\u00e8tement les avanc\u00e9es du chantier. Les sols st\u00e9riles de l\u2019ancien parc des Expositions ont \u00e9t\u00e9 profond\u00e9ment transform\u00e9s\u2009: \u00ab\u2009On parle beaucoup des arbres, mais tout le travail part d\u2019un sol qui \u00e9tait st\u00e9rile. Il a fallu casser le sol min\u00e9ral et rajouter de la terre fertile.\u2009\u00bb<\/p>\n<p>Vid\u00e9os : en ce moment sur Actu<\/p>\n<p class=\" wall-content\"><strong>En un an, plus de 40\u2009000 plantations ont \u00e9t\u00e9 effectu\u00e9es sur des terrains paill\u00e9s pour limiter l\u2019arrosage.<\/strong> \u00ab\u2009On a un paillage sur terrain sec avec des plantes qui vont survivre en cas de fortes chaleurs comme aujourd\u2019hui. Les prairies ne sont pas non plus arros\u00e9es\u00a0\u00bb, pr\u00e9cise Henri Bava, contrairement aux zones de bosquet, o\u00f9 l\u2019arrosage proviendra de \u00ab\u00a0cuves install\u00e9es sous l\u2019esplanade\u00a0\u00bb et dont l\u2019a volum\u00e9trie a \u00e9t\u00e9 pens\u00e9e \u00ab\u00a0par rapport aux zones \u00e0 arroser\u00a0\u00bb.<\/p>\n<p class=\" wall-content\">Arbustes, v\u00e9g\u00e9taux et fleurs profiteront ainsi des eaux pluviales et de celle de la piscine Nakache \u00ab\u2009apr\u00e8s traitement\u2009\u00bb.<\/p>\n<p>    <img   decoding=\"async\" loading=\"lazy\" src=\"https:\/\/www.europesays.com\/fr\/wp-content\/uploads\/2025\/06\/futur-espace-sanitaire-parc-960x640.jpg\" alt=\"40 000 arbres, arbustes et fleurs ont \u00e9t\u00e9 plant\u00e9s en un an pour le parc de l'\u00eele du Ramier.\" width=\"960\" height=\"640\"\/><br \/>\n    40\u2009000 arbres, arbustes et fleurs ont \u00e9t\u00e9 plant\u00e9s en un an pour le parc de l\u2019\u00eele du Ramier. (\u00a9Nina Hossein-Zadeh)Un espace particuli\u00e8rement pr\u00e9serv\u00e9 de la chaleur<\/p>\n<p class=\" wall-content\">Jean-Luc Moudenc s\u2019est \u00e9galement f\u00e9licit\u00e9 d\u2019un projet qui fera office de rempart contre la chaleur.<\/p>\n<p class=\" wall-content\">\u00ab\u2009L\u2019ancienne canop\u00e9e a \u00e9t\u00e9 pr\u00e9serv\u00e9e partout\u2009: c\u2019est l\u2019avantage de ce projet, c\u2019est qu\u2019on garde tous les arbres. <strong>On voit bien la diff\u00e9rence de temp\u00e9rature, on se rend compte de l\u2019efficacit\u00e9 de ces arbres.<\/strong>\u2009\u00bb<\/p>\n<p class=\" wall-content\">Il faudra n\u00e9anmoins attendre que les arbustes plant\u00e9s au cours de l\u2019ann\u00e9e prennent en \u00e2ge avant qu\u2019ils offrent un plein espace de fra\u00eecheur dans l\u2019ensemble du parc.<\/p>\n<p>Un c\u0153ur de parc en construction<\/p>\n<p class=\" wall-content\">Sur place, c\u2019est le c\u0153ur du futur parc qui commence d\u00e9j\u00e0 \u00e0 prendre forme, entre la piscine Nakache et les anciens halls de l\u2019ex-parc des Expositions.<\/p>\n<p class=\" wall-content\">\u00ab\u2009L\u00e0 o\u00f9 nous nous trouvons, c\u2019est une sorte de place arbor\u00e9e avec vue sur plusieurs b\u00e2timents importants\u2009: le hall 3, la rotonde qui sera r\u00e9am\u00e9nag\u00e9e, la voli\u00e8re qui sera v\u00e9g\u00e9talis\u00e9e et l\u2019institut de la m\u00e9canique des fluides\u00a0\u00bb, d\u00e9taille l\u2019architecte en charge du projet.<\/p>\n<p class=\" wall-content\"><strong>Le c\u0153ur du parc constitue ainsi une future place anim\u00e9e<\/strong> \u00ab\u2009avec les \u00e9v\u00e9nements pr\u00e9vus dans le hall 3\u2009\u00bb, puisqu\u2019il deviendra un lieu tourn\u00e9 vers les activit\u00e9s sportives, culturelles et \u00e9v\u00e8nementielles.<\/p>\n<p>Une voli\u00e8re spectaculaire pour les enfants<\/p>\n<p class=\" wall-content\">L\u2019un des \u00e9l\u00e9ments les plus attendus est sans doute la voli\u00e8re, une aire de jeux monumentale con\u00e7ue comme un rep\u00e8re familial.<\/p>\n<p class=\" wall-content\">\u00ab\u2009Dans ce parc, on a un bosquet particulier en cours de r\u00e9alisation, avec l\u2019envie d\u2019avoir un point de rendez-vous pour les familles. <strong>On ne voulait pas des jeux lambda.<\/strong> On a souhait\u00e9 r\u00e9fl\u00e9chir \u00e0 l\u2019identification des esp\u00e8ces pr\u00e9sentes dans le bras de la Garonne. On a beaucoup de poissons et d\u2019oiseaux. On s\u2019est demand\u00e9 comment d\u00e9velopper l\u2019imaginaire avec cette diversit\u00e9.\u2009\u00bb<\/p>\n<p class=\" wall-content\">La voli\u00e8re sera donc construite autour de la diversit\u00e9. Cette structure en m\u00e9tal, qui sera entour\u00e9e de plantes grimpantes, culminera \u00e0 <strong>16\u00a0m\u00e8tres de haut pour 32\u00a0m\u00e8tres de large<\/strong>.<\/p>\n<p class=\" wall-content\">\u00ab\u2009Les enfants pourront prendre de la hauteur et se hisser comme les oiseaux.<strong> Il y aura une tour en filet qui va culminer jusqu\u2019\u00e0 12\u00a0m\u00e8tres,<\/strong> sur laquelle les enfants grimperont. Il y aura un sol souple en cas de chute et avec des motifs d\u2019oiseaux pour sensibiliser les enfants \u00e0 la biodiversit\u00e9\u2009\u00bb, explique Henri Bava.<\/p>\n<p class=\" wall-content\">\n    <img   decoding=\"async\" loading=\"lazy\" src=\"https:\/\/www.europesays.com\/fr\/wp-content\/uploads\/2025\/06\/voliere-toulouse-ramier-960x640.jpg\" alt=\"La voli\u00e8re sera un point de rendez-vous pour les familles et un espace de jeu pour les enfants.\" width=\"960\" height=\"640\"\/><br \/>\n    La voli\u00e8re sera un point de rendez-vous pour les familles et un espace de jeu pour les enfants. (\u00a9Nina Hossein-Zadeh)<br \/>\n    <img   decoding=\"async\" loading=\"lazy\" src=\"https:\/\/www.europesays.com\/fr\/wp-content\/uploads\/2025\/06\/airedejeux-c-agenceter-960x640.jpg\" alt=\"L'aire de jeux sera v\u00e9g\u00e9talis\u00e9e avec des plantes grimpantes sur la voli\u00e8re.\" width=\"960\" height=\"640\"\/><br \/>\n    L\u2019aire de jeux sera v\u00e9g\u00e9talis\u00e9e avec des plantes grimpantes sur la voli\u00e8re. (\u00a9Agence TER)<\/p>\n<p>Le ahah\u2009: g\u00e9rer les eaux en toute discr\u00e9tion<\/p>\n<p class=\" wall-content\">Autre \u00e9l\u00e9ment technique, mais invisible \u00e0 l\u2019\u0153il non averti, le ahah, un foss\u00e9 \u00e9cologique inspir\u00e9 des parcs anglais, permet la gestion durable des eaux pluviales.<\/p>\n<p class=\" wall-content\">\u00ab\u2009Le ahah est <strong>un r\u00e9cup\u00e9rateur \u00e9cologique des eaux de pluies.<\/strong> C\u2019est une cl\u00f4ture physique puisqu\u2019on ne la traverse pas, mais elle n\u2019est pas visuelle. On voulait avoir la vue d\u00e9gag\u00e9e sur l\u2019entr\u00e9e du parc et la piscine Nakache, sans cl\u00f4ture, de jour comme de nuit.\u00a0\u00bb<\/p>\n<p class=\" wall-content\">Un syst\u00e8me qui permet de r\u00e9cup\u00e9rer les eaux de pluies pour arroser les bosquets qui en ont besoin, mais aussi arroser les plantes int\u00e9gr\u00e9es au ahah.<\/p>\n<p>    <img   decoding=\"async\" loading=\"lazy\" src=\"https:\/\/www.europesays.com\/fr\/wp-content\/uploads\/2025\/06\/ahah-toulouse-ramier-960x640.jpg\" alt=\"Les ahah sont des r\u00e9cup\u00e9rateurs d'eaux de pluie \u00e9cologiques : ils font \u00e9galement office de cl\u00f4ture infranchissable.\" width=\"960\" height=\"640\"\/><br \/>\n    Les ahah sont des r\u00e9cup\u00e9rateurs d\u2019eaux de pluie \u00e9cologiques\u2009: ils font \u00e9galement office de cl\u00f4ture infranchissable. (\u00a9Nina Hossein-Zadeh)Un projet d\u2019envergure, pour un parc central en 2025<\/p>\n<p class=\" wall-content\">\u00c0 terme, ce parc urbain s\u2019\u00e9tendra sur 38 hectares, avec <strong>un budget total estim\u00e9 \u00e0 125\u00a0millions d\u2019euros.<\/strong> Le parc central, en cours d\u2019am\u00e9nagement, sera livr\u00e9 fin 2025, tandis que d\u2019autres \u00e9quipements s\u2019\u00e9chelonneront jusqu\u2019\u00e0 2030.<\/p>\n<p class=\" wall-content\">Fr\u00eanes \u00e0 fleurs, \u00e9rables champ\u00eatres, all\u00e9es arbor\u00e9es, jardins botaniques, clairi\u00e8res et mobilier urbain durable composeront ce parc pens\u00e9 pour la biodiversit\u00e9 et la d\u00e9tente.<\/p>\n<p class=\" wall-content\">\u00ab\u2009Un kiosque \u00e0 musique viendra compl\u00e9ter le c\u0153ur du parc de l\u2019\u00eele du Ramier avec un am\u00e9nagement pr\u00e9vu au premier trimestre 2026\u2009\u00bb, a pr\u00e9cis\u00e9 Henri Bava.<\/p>\n<p class=\" wall-content\">Suivez toute l\u2019actualit\u00e9 de vos villes et m\u00e9dias favoris en vous inscrivant \u00e0 <a href=\"https:\/\/moncompte.actu.fr\" title=\"D\u00e9couvez Mon Actu\" rel=\"nofollow noopener\" data-trk=\"{&quot;cta&quot;:{&quot;action&quot;:&quot;https:\\\/\\\/moncompte.actu.fr&quot;,&quot;category&quot;:&quot;mon compte&quot;,&quot;from&quot;:&quot;article footer&quot;,&quot;name&quot;:&quot;Mon actu&quot;,&quot;type&quot;:&quot;cta&quot;}}\" target=\"_blank\">Mon Actu<\/a>.<\/p>\n<ul class=\"ac-article-tag wall-content\">\n<li><a href=\"https:\/\/actu.fr\/tag\/toulouse-metropole\" data-trk=\"{&quot;cta&quot;:{&quot;action&quot;:&quot;Toulouse M\\u00e9tropole&quot;,&quot;category&quot;:&quot;tag&quot;,&quot;from&quot;:&quot;article footer&quot;,&quot;name&quot;:&quot;Toulouse M\\u00e9tropole&quot;,&quot;type&quot;:&quot;cta&quot;}}\" target=\"_blank\" rel=\"noopener\">#Toulouse M\u00e9tropole<\/a><\/li>\n<li><a href=\"https:\/\/actu.fr\/tag\/travaux\" data-trk=\"{&quot;cta&quot;:{&quot;action&quot;:&quot;Travaux&quot;,&quot;category&quot;:&quot;tag&quot;,&quot;from&quot;:&quot;article footer&quot;,&quot;name&quot;:&quot;Travaux&quot;,&quot;type&quot;:&quot;cta&quot;}}\" target=\"_blank\" rel=\"noopener\">#Travaux<\/a><\/li>\n<\/ul>\n","protected":false},"excerpt":{"rendered":"Par Nina Hossein-Zadeh Publi\u00e9 le 18 juin 2025 \u00e0 17h02 Le projet de reconversion de l\u2019\u00eele du Ramier&hellip;\n","protected":false},"author":2,"featured_media":187358,"comment_status":"","ping_status":"","sticky":false,"template":"","format":"standard","meta":{"footnotes":""},"categories":[2816],"tags":[1111,11,1777,674,1011,27,12,2680,25,104,2312,1090,2086],"class_list":{"0":"post-187357","1":"post","2":"type-post","3":"status-publish","4":"format-standard","5":"has-post-thumbnail","7":"category-toulouse","8":"tag-actu","9":"tag-actualites","10":"tag-eu","11":"tag-europe","12":"tag-fr","13":"tag-france","14":"tag-news","15":"tag-occitanie","16":"tag-republique-francaise","17":"tag-societe","18":"tag-toulouse","19":"tag-toulouse-metropole","20":"tag-travaux"},"share_on_mastodon":{"url":"https:\/\/pubeurope.com\/@fr\/114707733562089691","error":""},"_links":{"self":[{"href":"https:\/\/www.europesays.com\/fr\/wp-json\/wp\/v2\/posts\/187357","targetHints":{"allow":["GET"]}}],"collection":[{"href":"https:\/\/www.europesays.com\/fr\/wp-json\/wp\/v2\/posts"}],"about":[{"href":"https:\/\/www.europesays.com\/fr\/wp-json\/wp\/v2\/types\/post"}],"author":[{"embeddable":true,"href":"https:\/\/www.europesays.com\/fr\/wp-json\/wp\/v2\/users\/2"}],"replies":[{"embeddable":true,"href":"https:\/\/www.europesays.com\/fr\/wp-json\/wp\/v2\/comments?post=187357"}],"version-history":[{"count":0,"href":"https:\/\/www.europesays.com\/fr\/wp-json\/wp\/v2\/posts\/187357\/revisions"}],"wp:featuredmedia":[{"embeddable":true,"href":"https:\/\/www.europesays.com\/fr\/wp-json\/wp\/v2\/media\/187358"}],"wp:attachment":[{"href":"https:\/\/www.europesays.com\/fr\/wp-json\/wp\/v2\/media?parent=187357"}],"wp:term":[{"taxonomy":"category","embeddable":true,"href":"https:\/\/www.europesays.com\/fr\/wp-json\/wp\/v2\/categories?post=187357"},{"taxonomy":"post_tag","embeddable":true,"href":"https:\/\/www.europesays.com\/fr\/wp-json\/wp\/v2\/tags?post=187357"}],"curies":[{"name":"wp","href":"https:\/\/api.w.org\/{rel}","templated":true}]}}