{"id":18736,"date":"2025-04-12T01:22:39","date_gmt":"2025-04-12T01:22:39","guid":{"rendered":"https:\/\/www.europesays.com\/fr\/18736\/"},"modified":"2025-04-12T01:22:39","modified_gmt":"2025-04-12T01:22:39","slug":"les-fans-disent-tous-la-meme-chose-apres-la-revelation-de-la-bande-annonce","status":"publish","type":"post","link":"https:\/\/www.europesays.com\/fr\/18736\/","title":{"rendered":"Les fans disent tous la m\u00eame chose apr\u00e8s la r\u00e9v\u00e9lation de la bande-annonce"},"content":{"rendered":"<p>Les fans de la saga port\u00e9e par Nicole Wallace et Gabriel Guevara ne s\u2019y attendaient pas, mais Prime Video les a g\u00e2t\u00e9s le mercredi 9 avril en d\u00e9voilant le premier teaser d\u2019\u00c0 contre-sens 3. Des images in\u00e9dites qui s\u2019accompagnent d\u2019un indice sur la date de sortie. Depuis, tous disent la m\u00eame chose sur les r\u00e9seaux sociaux.<\/p>\n<p>Le 27 d\u00e9cembre dernier, les fans d\u2019\u00c0 contre-sens ont v\u00e9cu des vacances de fin d\u2019ann\u00e9e mouvement\u00e9es devant le deuxi\u00e8me volet de la saga adapt\u00e9e des romans de Mercedes Ron. C\u2019est ce jour-l\u00e0 qu\u2019est sorti \u00c0 contre-sens 2, qui se terminait sur la rupture entre Nick (Gabriel Guevara) et Noah (Nicole Wallace). Heureusement, ils n\u2019ont pas eu \u00e0 patienter pour savoir si le film aurait une suite : le deuxi\u00e8me et le troisi\u00e8me volet ont \u00e9t\u00e9 tourn\u00e9s en m\u00eame temps, et <a href=\"https:\/\/www.programme-tv.net\/news\/cinema\/368073-a-contre-sens-3-ce-qui-nous-attend-dans-la-suite-selon-nicole-wallace\/\" data-api-deeplink=\"teleloisirs:\/\/news\/368073\" target=\"_blank\" rel=\"noopener\">Nicole Wallace a m\u00eame donn\u00e9 des indices sur le dernier opus<\/a> dans une interview \u00e0 T\u00e9l\u00e9-Loisirs. Depuis, Prime Video n\u2019avait pas donn\u00e9 de nouvelles de ce nouveau film, mais <a href=\"https:\/\/www.programme-tv.net\/news\/cinema\/375515-a-contre-sens-3-prime-video-devoile-une-premiere-bande-annonce-et-donne-un-gros-indice-sur-la-date-de-sortie-du-film\/\" data-api-deeplink=\"teleloisirs:\/\/news\/375515\" target=\"_blank\" rel=\"noopener\">on en sait d\u00e9sormais plus<\/a>.<\/p>\n<p>\u00c0 contre-sens 3 : Prime Video d\u00e9voile le mois de sortie, les fans n\u2019en peuvent d\u00e9j\u00e0 plus !<\/p>\n<p>Mercredi 9 avril, la plateforme qui a aussi d\u00e9voil\u00e9 <a href=\"https:\/\/www.programme-tv.net\/news\/cinema\/371329-a-contre-sens-on-a-vu-le-remake-britannique-et-on-sest-pose-une-question\/\" data-api-deeplink=\"teleloisirs:\/\/news\/371329\" target=\"_blank\" rel=\"noopener\">\u00c0 contre-sens : Londres, remake britannique de la saga espagnole<\/a>, a publi\u00e9 par surprise la toute premi\u00e8re bande-annonce du film <a href=\"https:\/\/www.programme-tv.net\/news\/cinema\/369350-a-contre-sens-3-prime-video-intrigues-casting-ce-que-lon-sait-sur-la-suite-du-film\/\" data-api-deeplink=\"teleloisirs:\/\/news\/369350\" target=\"_blank\" rel=\"noopener\">\u00c0 contre-sens 3<\/a>. Une vid\u00e9o qui tease ce qui nous attend, avec notamment un saut dans le temps de plusieurs ann\u00e9es. Les premi\u00e8res images sont d\u2019ailleurs plut\u00f4t similaires \u00e0 ce qu\u2019attendaient les fans des romans (si vous voulez d\u00e9j\u00e0 vous spoiler ce troisi\u00e8me film, c\u2019est possible puisque <a href=\"https:\/\/www.programme-tv.net\/news\/cinema\/368375-a-contre-sens-3-ce-qui-nous-attend-dans-la-suite-selon-le-roman\/\" data-api-deeplink=\"teleloisirs:\/\/news\/368375\" target=\"_blank\" rel=\"noopener\">nous vous avons d\u00e9voil\u00e9 ce qu\u2019il va se passer en se basant sur le livre<\/a>). En plus de cela, Prime Video a confirm\u00e9 que l\u2019ultime volet de la saga serait bien disponible en 2025, plus particuli\u00e8rement au mois d\u2019octobre. Une annonce qui a fait bondir les fans. Sur les r\u00e9seaux sociaux ou dans les commentaires de la vid\u00e9o post\u00e9e sur Youtube, nombre d\u2019entre eux ont exprim\u00e9 leur frustration \u00e0 l\u2019id\u00e9e de devoir attendre encore six mois avant de d\u00e9couvrir le film. \u00ab\u00a0On est oblig\u00e9 d&rsquo;attendre jusqu&rsquo;\u00e0 octobre ?\u00a0\u00bb; \u00ab\u00a0C\u2019est tellement long \u00e0 attendre, mais j\u2019ai h\u00e2te qu\u2019il sorte\u00a0\u00bb ; \u00ab\u00a0Ils veulent pas avancer la date, moi je veux le voir tout de suite\u00a0\u00bb ou encore \u00ab\u00a0Trop h\u00e2te mais par contre en octobre ???\u00a0\u00bb peut-on lire en commentaires de la vid\u00e9o. Les internautes sont donc unanimes : l\u2019attente va \u00eatre (tr\u00e8s) longue !<\/p>\n<p>                        \u00c0 contre-sens 3 est le film pr\u00e9f\u00e9r\u00e9 de Nicole Wallace<\/p>\n<p>\u00c0 l\u2019occasion de la sortie du deuxi\u00e8me volet, T\u00e9l\u00e9-Loisirs a rencontr\u00e9 <a href=\"https:\/\/www.programme-tv.net\/news\/cinema\/367817-a-contre-sens-2-nicole-wallace-explique-pourquoi-cette-scene-polemique-du-livre-a-ete-modifiee\/\" data-api-deeplink=\"teleloisirs:\/\/news\/367817\" target=\"_blank\" rel=\"noopener\">Nicole Wallace, qui nous avait notamment expliqu\u00e9 pourquoi cette sc\u00e8ne phare des romans avait \u00e9t\u00e9 modifi\u00e9e<\/a>. L\u2019actrice vue aussi dans Ni una m\u00e1s sur Netflix nous avait confi\u00e9 que le troisi\u00e8me &#8211; et dernier &#8211; volet de la saga \u00c0 contre-sens \u00e9tait son film pr\u00e9f\u00e9r\u00e9. \u00ab\u00a0Vous allez voir des Noah et Nick diff\u00e9rents. Ils sont plus matures, ils ont beaucoup chang\u00e9. C\u2019est pour \u00e7a que c\u2019est mon pr\u00e9f\u00e9r\u00e9 car on a l\u2019impression que c\u2019est un monde diff\u00e9rent par rapport au tout premier\u00a0\u00bb, nous avait expliqu\u00e9 l\u2019actrice espagnole.<\/p>\n","protected":false},"excerpt":{"rendered":"Les fans de la saga port\u00e9e par Nicole Wallace et Gabriel Guevara ne s\u2019y attendaient pas, mais Prime&hellip;\n","protected":false},"author":2,"featured_media":18737,"comment_status":"","ping_status":"","sticky":false,"template":"","format":"standard","meta":{"footnotes":""},"categories":[1354],"tags":[7392,7391,4225,244,58,59,1346,1011,27,7390,1360,7389,4224,129],"class_list":{"0":"post-18736","1":"post","2":"type-post","3":"status-publish","4":"format-standard","5":"has-post-thumbnail","7":"category-films","8":"tag-a-contre-sens","9":"tag-a-contre-sens-2","10":"tag-amazon-prime-vidu00e9o","11":"tag-commentaire","12":"tag-divertissement","13":"tag-entertainment","14":"tag-films","15":"tag-fr","16":"tag-france","17":"tag-gabriel-guevara","18":"tag-movies","19":"tag-nicole-wallace","20":"tag-pub-streaming-prime-video","21":"tag-svod"},"share_on_mastodon":{"url":"https:\/\/pubeurope.com\/@fr\/114322377543213970","error":""},"_links":{"self":[{"href":"https:\/\/www.europesays.com\/fr\/wp-json\/wp\/v2\/posts\/18736","targetHints":{"allow":["GET"]}}],"collection":[{"href":"https:\/\/www.europesays.com\/fr\/wp-json\/wp\/v2\/posts"}],"about":[{"href":"https:\/\/www.europesays.com\/fr\/wp-json\/wp\/v2\/types\/post"}],"author":[{"embeddable":true,"href":"https:\/\/www.europesays.com\/fr\/wp-json\/wp\/v2\/users\/2"}],"replies":[{"embeddable":true,"href":"https:\/\/www.europesays.com\/fr\/wp-json\/wp\/v2\/comments?post=18736"}],"version-history":[{"count":0,"href":"https:\/\/www.europesays.com\/fr\/wp-json\/wp\/v2\/posts\/18736\/revisions"}],"wp:featuredmedia":[{"embeddable":true,"href":"https:\/\/www.europesays.com\/fr\/wp-json\/wp\/v2\/media\/18737"}],"wp:attachment":[{"href":"https:\/\/www.europesays.com\/fr\/wp-json\/wp\/v2\/media?parent=18736"}],"wp:term":[{"taxonomy":"category","embeddable":true,"href":"https:\/\/www.europesays.com\/fr\/wp-json\/wp\/v2\/categories?post=18736"},{"taxonomy":"post_tag","embeddable":true,"href":"https:\/\/www.europesays.com\/fr\/wp-json\/wp\/v2\/tags?post=18736"}],"curies":[{"name":"wp","href":"https:\/\/api.w.org\/{rel}","templated":true}]}}