{"id":187362,"date":"2025-06-19T02:47:16","date_gmt":"2025-06-19T02:47:16","guid":{"rendered":"https:\/\/www.europesays.com\/fr\/187362\/"},"modified":"2025-06-19T02:47:16","modified_gmt":"2025-06-19T02:47:16","slug":"municipales-a-marseille-le-depute-rn-franck-allisio-officiellement-candidat","status":"publish","type":"post","link":"https:\/\/www.europesays.com\/fr\/187362\/","title":{"rendered":"Municipales \u00e0 Marseille : le d\u00e9put\u00e9 RN Franck Allisio officiellement candidat"},"content":{"rendered":"<p class=\"p2\">Il est le premier \u00e0 se d\u00e9clarer. Dans une interview accord\u00e9e \u00e0 <a href=\"https:\/\/www.francebleu.fr\/emissions\/l-invite-de-7h45-d-ici-provence\/exclusif-le-rn-franck-allisio-est-officiellement-candidat-a-la-mairie-de-marseille-4563907\" target=\"_blank\" rel=\"nofollow noopener\">Ici Provence<\/a>, le d\u00e9put\u00e9 du Rassemblement national de la 12e circonscription des Bouches-du-Rh\u00f4ne, Franck Allisio, a annonc\u00e9 sa candidature \u00e0 la mairie de Marseille. \u00ab\u00a0Je suis pr\u00eat, je suis candidat \u00e0 la mairie de Marseille\u00a0\u00bb, a d\u00e9clar\u00e9 le patron du RN dans le d\u00e9partement. L\u2019\u00e9lu n\u2019a d\u2019ailleurs pas tard\u00e9 \u00e0 annoncer son programme : \u00ab\u00a0Mettre de l\u2019ordre\u00a0\u00bb (\u2026)\u00a0afin de\u00a0\u00ab\u00a0rassembler tous les Marseillais car je veux que Marseille nous fasse de nouveau r\u00eaver\u00a0\u00bb.<\/p>\n<p><a href=\"https:\/\/www.valeursactuelles.com\/politique\/marseille-le-maire-de-gauche-annonce-un-jumelage-avec-une-ville-en-palestine\" class=\"h-flex h-align-items-center h-border-tb h-ptb-15\" rel=\"nofollow noopener\" target=\"_blank\">A\u00a0LIRE\u00a0Marseille : le maire de gauche annonce un jumelage avec \u00ab\u00a0une ville en Palestine\u00a0\u00bb<\/a><\/p>\n<p class=\"p2\">Dans un sondage paru le mercredi 4 mai pour Ipsos, Beno\u00eet Payan, <a href=\"https:\/\/www.valeursactuelles.com\/regions\/provence-alpes-cote-dazur\/bouches-du-rhone\/marseille\/politique\/marseille-benoit-payan-se-soumet-au-diktat-de-lextreme-gauche-estiment-des-elus-lr-apres-lannonce-de-nouvelles-aides-pour-gaza\" rel=\"nofollow noopener\" target=\"_blank\">maire (divers gauche) sortant<\/a>, est plac\u00e9 en t\u00eate, avec des intentions de vote allant de 25 \u00e0 28% d\u00e8s le premier tour. Il devance ainsi de quelques points Martine Vassal (divers droite), vaincue lors des \u00e9lections municipales 2020. Franck Allisio \u00e9tait d\u00e9j\u00e0 \u00e0 un niveau particuli\u00e8rement \u00e9lev\u00e9. En effet, il \u00e9tait estim\u00e9 \u00e0 19% des intentions de vote.<\/p>\n<p>\u00ab\u00a0Que Mme Vassal rejoigne M. Payan, elle nous fera gagner du temps\u00a0!\u00a0\u00bb<\/p>\n<p class=\"p2\">Celui qui sera donc t\u00eate de liste aux prochaines \u00e9lections municipales a rappel\u00e9 que, malgr\u00e9 le recrutement de 800 policiers municipaux \u00e0 Marseille, ce chiffre n\u2019est pas suffisant. Il estime ainsi qu\u2019il \u00ab\u00a0en faut un millier\u00a0\u00bb. Selon lui, <a href=\"https:\/\/www.valeursactuelles.com\/clubvaleurs\/societe\/marseille-la-police-municipale-sous-ingerence\" target=\"_blank\" rel=\"noopener nofollow\">la police municipale de Marseille<\/a> est la \u00ab\u00a0plus belle de France\u00a0\u00bb, martelant que sa ville \u00ab\u00a0a besoin de plus que des symboles. Nous devons assurer la tranquillit\u00e9 des Marseillais dans leur quotidien\u00a0\u00bb, a-t-il ajout\u00e9.<\/p>\n<p class=\"p2\">Interrog\u00e9 \u00e0 propos d\u2019une \u00e9ventuelle alliance avec un autre candidat, Franck Allisio a balay\u00e9 cette hypoth\u00e8se d\u2019un revers de main : \u00ab\u00a0J\u2019ai en face de moi deux sortants avec M. Payan et Mme Vassal, qui sont en train de se battre\u00a0\u00bb. \u00ab\u00a0Que Mme Vassal rejoigne M. Payan, elle nous fera gagner du temps\u00a0!\u00a0\u00bb, a-t-il pr\u00e9cis\u00e9.<\/p>\n","protected":false},"excerpt":{"rendered":"Il est le premier \u00e0 se d\u00e9clarer. Dans une interview accord\u00e9e \u00e0 Ici Provence, le d\u00e9put\u00e9 du Rassemblement&hellip;\n","protected":false},"author":2,"featured_media":187363,"comment_status":"","ping_status":"","sticky":false,"template":"","format":"standard","meta":{"footnotes":""},"categories":[2814],"tags":[1111,11,426,4188,1777,674,1011,27,884,3434,12,882,1078,25],"class_list":{"0":"post-187362","1":"post","2":"type-post","3":"status-publish","4":"format-standard","5":"has-post-thumbnail","7":"category-marseille","8":"tag-actu","9":"tag-actualites","10":"tag-candidat","11":"tag-elections-municipales","12":"tag-eu","13":"tag-europe","14":"tag-fr","15":"tag-france","16":"tag-marseille","17":"tag-municipales-2026","18":"tag-news","19":"tag-provence-alpes-cote-dazur","20":"tag-rassemblement-national","21":"tag-republique-francaise"},"share_on_mastodon":{"url":"https:\/\/pubeurope.com\/@fr\/114707749364035144","error":""},"_links":{"self":[{"href":"https:\/\/www.europesays.com\/fr\/wp-json\/wp\/v2\/posts\/187362","targetHints":{"allow":["GET"]}}],"collection":[{"href":"https:\/\/www.europesays.com\/fr\/wp-json\/wp\/v2\/posts"}],"about":[{"href":"https:\/\/www.europesays.com\/fr\/wp-json\/wp\/v2\/types\/post"}],"author":[{"embeddable":true,"href":"https:\/\/www.europesays.com\/fr\/wp-json\/wp\/v2\/users\/2"}],"replies":[{"embeddable":true,"href":"https:\/\/www.europesays.com\/fr\/wp-json\/wp\/v2\/comments?post=187362"}],"version-history":[{"count":0,"href":"https:\/\/www.europesays.com\/fr\/wp-json\/wp\/v2\/posts\/187362\/revisions"}],"wp:featuredmedia":[{"embeddable":true,"href":"https:\/\/www.europesays.com\/fr\/wp-json\/wp\/v2\/media\/187363"}],"wp:attachment":[{"href":"https:\/\/www.europesays.com\/fr\/wp-json\/wp\/v2\/media?parent=187362"}],"wp:term":[{"taxonomy":"category","embeddable":true,"href":"https:\/\/www.europesays.com\/fr\/wp-json\/wp\/v2\/categories?post=187362"},{"taxonomy":"post_tag","embeddable":true,"href":"https:\/\/www.europesays.com\/fr\/wp-json\/wp\/v2\/tags?post=187362"}],"curies":[{"name":"wp","href":"https:\/\/api.w.org\/{rel}","templated":true}]}}