{"id":187372,"date":"2025-06-19T02:52:17","date_gmt":"2025-06-19T02:52:17","guid":{"rendered":"https:\/\/www.europesays.com\/fr\/187372\/"},"modified":"2025-06-19T02:52:17","modified_gmt":"2025-06-19T02:52:17","slug":"les-aeroports-parisiens-retrouvent-des-altitudes-record-2","status":"publish","type":"post","link":"https:\/\/www.europesays.com\/fr\/187372\/","title":{"rendered":"Les a\u00e9roports parisiens retrouvent des altitudes record"},"content":{"rendered":"<p><img loading=\"lazy\" decoding=\"async\" alt=\"\u00a9 Shutterstock - En mai 2025, les plateformes d\u2019Orly et de Charles-de-Gaulle ont d\u00e9pass\u00e9 leur niveau de trafic de 2019, symbole d\u2019un secteur a\u00e9rien d\u00e9sormais relanc\u00e9.\" data-zoom-src=\"https:\/\/www.europesays.com\/fr\/wp-content\/uploads\/2025\/06\/initial-aeroport-paris-charles-de-gaulle.jpg\" data-zoomable=\"\" height=\"702\" src=\"https:\/\/www.europesays.com\/fr\/wp-content\/uploads\/2025\/06\/initial-aeroport-paris-charles-de-gaulle.jpg\" width=\"1248\"\/>  <\/p>\n<p class=\"article-desc\">\u00a9 Shutterstock &#8211; En mai 2025, les plateformes d\u2019Orly et de Charles-de-Gaulle ont d\u00e9pass\u00e9 leur niveau de trafic de 2019, symbole d\u2019un secteur a\u00e9rien d\u00e9sormais relanc\u00e9. <\/p>\n<p>Les <strong>a\u00e9roports parisiens<\/strong> confirment leur envol post-pand\u00e9mie. En mai 2025, le trafic global des plateformes d\u2019A\u00e9roports de Paris (ADP) a d\u00e9pass\u00e9 celui enregistr\u00e9 en mai 2019, avant la crise sanitaire du Covid-19. <strong>Orly<\/strong> a accueilli <strong>3,2 millions de passagers<\/strong>, soit une progression de 6,7 % sur un an, quand <a href=\"https:\/\/mesinfos.fr\/95700-roissy-en-france\/roissy-2035-adp-mise-sur-une-expansion-sans-gigantisme-219472.html\" rel=\"noopener\" target=\"_blank\">Charles-de-Gaulle<\/a> en comptait <strong>6,2 millions<\/strong>, en hausse de 1,7 %. <\/p>\n<p>Ce d\u00e9passement du niveau pr\u00e9-Covid n\u2019est pas une premi\u00e8re : d\u00e9cembre 2024 et f\u00e9vrier 2025 avaient d\u00e9j\u00e0 enregistr\u00e9 des r\u00e9sultats similaires. En mai, le cap est franchi avec +1,8 % par rapport \u00e0 2019. <\/p>\n<p><strong>La reprise reste toutefois in\u00e9gale<\/strong>. Charles-de-Gaulle, a\u00e9roport international majeur, n\u2019a retrouv\u00e9 que 95,7 % de son <a href=\"https:\/\/mesinfos.fr\/ile-de-france\/les-aeroports-parisiens-ont-retrouve-923-percent-des-voyageurs-de-2019-191316.html\" rel=\"noopener\" target=\"_blank\">trafic de 2019<\/a>, alors qu\u2019Orly le d\u00e9passe, atteignant 104 %, gr\u00e2ce notamment \u00e0 l\u2019essor des vols courts et moyens courriers, souvent op\u00e9r\u00e9s par des compagnies low cost.<\/p>\n<p>  Moins de vols int\u00e9rieurs, plus d\u2019international <\/p>\n<p>Sur l\u2019ensemble de l\u2019ann\u00e9e 2025 jusqu\u2019\u00e0 fin mai, le trafic reste l\u00e9g\u00e8rement en dessous de celui de 2019, \u00e0 98,3 %. Au total, <strong>41,6 millions de passagers <\/strong>ont transit\u00e9 par les a\u00e9roports parisiens depuis janvier, ce qui repr\u00e9sente une hausse de 4,6 % par rapport \u00e0 la m\u00eame p\u00e9riode en 2024. <\/p>\n<p>Les<strong> liaisons int\u00e9rieures<\/strong> en France m\u00e9tropolitaine continuent de reculer : -1,5 % en mai, -2,4 % en cumul\u00e9 depuis janvier. Ce recul est compens\u00e9 par la progression du trafic vers l\u2019international, notamment l\u2019Europe (+3,5 %), l\u2019Afrique (+1,7 %) et l\u2019Am\u00e9rique du Nord (+4,7 %), cette derni\u00e8re maintenant une croissance solide malgr\u00e9 les tensions politiques.<\/p>\n","protected":false},"excerpt":{"rendered":"\u00a9 Shutterstock &#8211; En mai 2025, les plateformes d\u2019Orly et de Charles-de-Gaulle ont d\u00e9pass\u00e9 leur niveau de trafic&hellip;\n","protected":false},"author":2,"featured_media":185877,"comment_status":"","ping_status":"","sticky":false,"template":"","format":"standard","meta":{"footnotes":""},"categories":[1592],"tags":[1111,11,31746,1777,674,1011,27,662,12,626,25],"class_list":{"0":"post-187372","1":"post","2":"type-post","3":"status-publish","4":"format-standard","5":"has-post-thumbnail","7":"category-ile-de-france","8":"tag-actu","9":"tag-actualites","10":"tag-au00e9roports","11":"tag-eu","12":"tag-europe","13":"tag-fr","14":"tag-france","15":"tag-ile-de-france","16":"tag-news","17":"tag-paris","18":"tag-republique-francaise"},"share_on_mastodon":{"url":"https:\/\/pubeurope.com\/@fr\/114707768592145459","error":""},"_links":{"self":[{"href":"https:\/\/www.europesays.com\/fr\/wp-json\/wp\/v2\/posts\/187372","targetHints":{"allow":["GET"]}}],"collection":[{"href":"https:\/\/www.europesays.com\/fr\/wp-json\/wp\/v2\/posts"}],"about":[{"href":"https:\/\/www.europesays.com\/fr\/wp-json\/wp\/v2\/types\/post"}],"author":[{"embeddable":true,"href":"https:\/\/www.europesays.com\/fr\/wp-json\/wp\/v2\/users\/2"}],"replies":[{"embeddable":true,"href":"https:\/\/www.europesays.com\/fr\/wp-json\/wp\/v2\/comments?post=187372"}],"version-history":[{"count":0,"href":"https:\/\/www.europesays.com\/fr\/wp-json\/wp\/v2\/posts\/187372\/revisions"}],"wp:featuredmedia":[{"embeddable":true,"href":"https:\/\/www.europesays.com\/fr\/wp-json\/wp\/v2\/media\/185877"}],"wp:attachment":[{"href":"https:\/\/www.europesays.com\/fr\/wp-json\/wp\/v2\/media?parent=187372"}],"wp:term":[{"taxonomy":"category","embeddable":true,"href":"https:\/\/www.europesays.com\/fr\/wp-json\/wp\/v2\/categories?post=187372"},{"taxonomy":"post_tag","embeddable":true,"href":"https:\/\/www.europesays.com\/fr\/wp-json\/wp\/v2\/tags?post=187372"}],"curies":[{"name":"wp","href":"https:\/\/api.w.org\/{rel}","templated":true}]}}