{"id":187377,"date":"2025-06-19T02:55:10","date_gmt":"2025-06-19T02:55:10","guid":{"rendered":"https:\/\/www.europesays.com\/fr\/187377\/"},"modified":"2025-06-19T02:55:10","modified_gmt":"2025-06-19T02:55:10","slug":"paris-eloi-spinnler-irwin-durand-wilfried-romain-la-jeune-garde-de-la-gastronomie-prend-la-lumiere","status":"publish","type":"post","link":"https:\/\/www.europesays.com\/fr\/187377\/","title":{"rendered":"Paris : Eloi Spinnler,\u00a0Irwin Durand, Wilfried Romain&#8230; La jeune garde de la gastronomie prend la lumi\u00e8re"},"content":{"rendered":"<p class=\"paragraph text_align_left\">Coup d\u2019envoi des TheFork Awards 2025. Les internautes sont invit\u00e9s \u00e0 \u00e9lire le meilleur restaurant de l\u2019ann\u00e9e et pour cette sixi\u00e8me \u00e9dition parrain\u00e9e par le pr\u00e9sentateur de \u00ab Top Chef \u00bb (M6) St\u00e9phane Rottenberg, Paris se distingue encore avec 14 \u00e9tablissements nomm\u00e9s.<\/p>\n<p class=\"paragraph text_align_left\">Argile de Romain Lamon (IXe), Panorama de Pierre-Louis Sauvaige (XIe), Col\u00e8re d\u2019<a href=\"https:\/\/www.leparisien.fr\/paris-75\/paris-star-de-youtube-le-chef-eloi-spinnler-veut-porter-des-messages-pour-une-cuisine-plus-responsable-04-11-2024-FXQMB7C5HZGKFPVONFJEVTKTHI.php\" target=\"_self\" rel=\"nofollow noopener\">Eloi Spinnler<\/a> (IXe), Naam d\u2019Anne Coppin (XIXe), Restaurant F de Fr\u00e9d\u00e9rico Merino (XVIe), Irwin d\u2019Irwin Durand (VIIIe), Rosemarie de Philippe Cadeau (VIIe), Bru de Julia de Laguarigue (IXe), <a href=\"https:\/\/www.leparisien.fr\/bien-manger\/fana-braise-la-baignoire-notre-selection-de-restaurants-et-bistrots-du-mois-23-11-2024-MBY675IDQRET3JZRIKKJUWJKEE.php\" target=\"_self\" rel=\"nofollow noopener\">Fana de Gabriel Gras Fernandex<\/a> (XVIIIe), Hestia de Lo\u00efc Dantec (Ve), <a href=\"https:\/\/www.leparisien.fr\/culture-loisirs\/tv\/ca-va-etre-explosif-sept-anciens-candidats-de-top-chef-se-retrouvent-en-cuisine-chez-wilfried-07-06-2025-4Q4V2VQJANH2JF5AB5CHVIPCGI.php\" target=\"_self\" rel=\"nofollow noopener\">Lava de Wilfried Romain <\/a>(Ve), Clutch de Pierre Rieder (XIe) et Matka de Piotr Korzen (IIIe) et enfin <a href=\"https:\/\/www.leparisien.fr\/culture-loisirs\/tv\/top-chef-2025-ca-nous-a-completement-ressoudes-philippine-et-charles-couple-a-la-ville-et-aux-fourneaux-26-03-2025-46UP3SDOJ5DSZHO7BZ4T6N5ZFY.php\" target=\"_self\" rel=\"nofollow noopener\">le Bor\u00e9al de Philippine Jaillet et Charles Neyers<\/a> (VIIIe)&#8230; Tous ces jeunes talents sont en comp\u00e9tition pour d\u00e9crocher le titre de meilleur restaurant de l\u2019ann\u00e9e. <\/p>\n<p class=\"paragraph text_align_left\">Tous sont \u00e9galement pl\u00e9biscit\u00e9s et soutenus par de grands chefs parisiens, de <a href=\"https:\/\/www.leparisien.fr\/culture-loisirs\/guy-savoy-meilleur-restaurant-du-monde-ex-aequo-je-prefere-partager-la-premiere-place-que-la-deuxieme-25-11-2024-QZNL3NVZFJARTO5L5XHE5ZKJDQ.php\" target=\"_self\" rel=\"nofollow noopener\">Guy Savoy<\/a> \u00e0 <a href=\"https:\/\/www.leparisien.fr\/paris-75\/ex-top-chef-mory-sacko-lance-un-restaurant-ephemere-a-paris-ma-mere-trouve-que-mes-plats-compliques-27-06-2024-NSFJNTBNTNCLXOYWPLMQ4GBHNE.php\" target=\"_self\" rel=\"nofollow noopener\">Mory Sako<\/a> en passant par <a href=\"https:\/\/www.leparisien.fr\/paris-75\/a-paris-des-nouveaux-chefs-qui-celebrent-leurs-racines-cest-ma-cour-de-recreation-samuse-omar-dhiab-09-06-2025-TJIIPZQ3FVGXTES5YIY2UYL6KE.php\" target=\"_self\" rel=\"nofollow noopener\">Omar Dhiab<\/a> ou encore <a href=\"https:\/\/www.leparisien.fr\/paris-75\/jai-ete-submerge-par-lemotion-thibaut-spiwack-ancien-de-top-chef-decroche-sa-premiere-etoile-06-03-2023-HWR3XXQQORAVLOH2NQJ5CW2UOA.php\" target=\"_self\" rel=\"nofollow noopener\">Thibaut Spiwack<\/a>. Mais ces chefs n\u2019auront pas le dernier mot pour autant : ce prix est le \u00ab le seul prix gastronomique 100 % d\u00e9cid\u00e9 par le public \u00bb, rappelle Damien Rodi\u00e8re, le directeur g\u00e9n\u00e9ral Europe de la plateforme.<\/p>\n<p class=\"paragraph text_align_left\">V\u00e9ritable tremplin pour la jeune g\u00e9n\u00e9ration, l\u2019\u00e9dition 2024 a vu 3 de ses 6 laur\u00e9ats d\u00e9crocher une \u00e9toile dont <a href=\"https:\/\/www.leparisien.fr\/paris-75\/les-quartiers-riches-sont-morts-le-soir-a-paris-cap-a-lest-pour-les-restaurants-etoiles-06-04-2025-3PQ6NE3CPBCNLCMG6KTQEMEXBI.php\" target=\"_self\" rel=\"nofollow noopener\">Am\u00e2lia<\/a>, d\u2019Eugenio Anfuso et Cecilia Spurio, un couple de trentenaires d\u2019origine italienne install\u00e9 dans le XIe. Les TheFork Awards \u00ab mettent en lumi\u00e8re plus de 80 nouvelles tables en France, ouvertes depuis moins de deux ans, parrain\u00e9es par des chefs \u00e9toil\u00e9s \u00bb, poursuit Damien Rodi\u00e8re. Depuis la cr\u00e9ation du prix gastronomique en 2019, 30 ont \u00e0 leur tour \u00e9t\u00e9 couronn\u00e9es par le guide Michelin.<\/p>\n<p class=\"paragraph text_align_left\">Les votes sont ouverts jusqu\u2019au 30 septembre sur <a href=\"https:\/\/www.thefork-awards.fr \" target=\"_self\" rel=\"nofollow\">le site d\u00e9di\u00e9<\/a>. Les laur\u00e9ats seront d\u00e9voil\u00e9s en d\u00e9cembre prochain \u00e0 Marseille.<\/p>\n","protected":false},"excerpt":{"rendered":"Coup d\u2019envoi des TheFork Awards 2025. Les internautes sont invit\u00e9s \u00e0 \u00e9lire le meilleur restaurant de l\u2019ann\u00e9e et&hellip;\n","protected":false},"author":2,"featured_media":187378,"comment_status":"","ping_status":"","sticky":false,"template":"","format":"standard","meta":{"footnotes":""},"categories":[1888],"tags":[11,1777,674,1011,27,1944,12,626,25],"class_list":{"0":"post-187377","1":"post","2":"type-post","3":"status-publish","4":"format-standard","5":"has-post-thumbnail","7":"category-paris","8":"tag-actualites","9":"tag-eu","10":"tag-europe","11":"tag-fr","12":"tag-france","13":"tag-ma-ville","14":"tag-news","15":"tag-paris","16":"tag-republique-francaise"},"share_on_mastodon":{"url":"https:\/\/pubeurope.com\/@fr\/114707780292758887","error":""},"_links":{"self":[{"href":"https:\/\/www.europesays.com\/fr\/wp-json\/wp\/v2\/posts\/187377","targetHints":{"allow":["GET"]}}],"collection":[{"href":"https:\/\/www.europesays.com\/fr\/wp-json\/wp\/v2\/posts"}],"about":[{"href":"https:\/\/www.europesays.com\/fr\/wp-json\/wp\/v2\/types\/post"}],"author":[{"embeddable":true,"href":"https:\/\/www.europesays.com\/fr\/wp-json\/wp\/v2\/users\/2"}],"replies":[{"embeddable":true,"href":"https:\/\/www.europesays.com\/fr\/wp-json\/wp\/v2\/comments?post=187377"}],"version-history":[{"count":0,"href":"https:\/\/www.europesays.com\/fr\/wp-json\/wp\/v2\/posts\/187377\/revisions"}],"wp:featuredmedia":[{"embeddable":true,"href":"https:\/\/www.europesays.com\/fr\/wp-json\/wp\/v2\/media\/187378"}],"wp:attachment":[{"href":"https:\/\/www.europesays.com\/fr\/wp-json\/wp\/v2\/media?parent=187377"}],"wp:term":[{"taxonomy":"category","embeddable":true,"href":"https:\/\/www.europesays.com\/fr\/wp-json\/wp\/v2\/categories?post=187377"},{"taxonomy":"post_tag","embeddable":true,"href":"https:\/\/www.europesays.com\/fr\/wp-json\/wp\/v2\/tags?post=187377"}],"curies":[{"name":"wp","href":"https:\/\/api.w.org\/{rel}","templated":true}]}}