{"id":187381,"date":"2025-06-19T02:57:14","date_gmt":"2025-06-19T02:57:14","guid":{"rendered":"https:\/\/www.europesays.com\/fr\/187381\/"},"modified":"2025-06-19T02:57:14","modified_gmt":"2025-06-19T02:57:14","slug":"la-russie-veut-faire-entendre-la-voix-du-sud-global-lors-du-forum-economique-de-saint-petersbourg","status":"publish","type":"post","link":"https:\/\/www.europesays.com\/fr\/187381\/","title":{"rendered":"La Russie veut faire entendre la voix du \u00abSud global\u00bb lors du Forum \u00e9conomique de Saint-P\u00e9tersbourg"},"content":{"rendered":"<p>L\u2019ombre de la guerre entre Isra\u00ebl et l\u2019Iran plane sur le forum qui s\u2019est ouvert mercredi. La 28e \u00e9dition d\u2019un rendez-vous international des affaires et de la politique.<\/p>\n<p class=\"fig-paragraph\">C\u2019est le grand rendez-vous international des affaires et de la politique en Russie, qui a lieu chaque ann\u00e9e. D\u00e9sert\u00e9 par la plupart des Occidentaux depuis 2022, le Forum \u00e9conomique de Saint-P\u00e9tersbourg (Spief) se veut une vitrine de la r\u00e9silience du pays face aux sanctions internationales et l\u2019affichage des alternatives offertes par le \u00ab\u00a0<a href=\"http:\/\/www.lefigaro.fr\/vox\/monde\/aux-origines-du-concept-de-sud-global-20250417\" data-fig-type=\"Article\" data-gtm-custom-categorie=\"navigation\" data-gtm-custom-action=\"crossclick\" data-gtm-custom-label=\"Contextuel\" data-gtm-event=\"customEventSPE\" data-fig-domain=\"LEFIGARO\" target=\"_blank\" rel=\"noopener\">Sud global<\/a>\u00a0\u00bb, de l\u2019Asie \u00e0 l\u2019Am\u00e9rique latine en passant par l\u2019Afrique. Mais la 28e\u00a0\u00e9dition de cet \u00e9v\u00e9nement, que l\u2019on appelait nagu\u00e8re le \u00ab\u00a0Davos russe\u00a0\u00bb, s\u2019est ouverte mercredi \u00e0 l\u2019ombre port\u00e9e de la nouvelle guerre, qui fait rage entre Isra\u00ebl et l\u2019Iran. Un conflit qui fait craindre \u00e0 Moscou la perte d\u2019un partenaire majeur au Moyen-Orient, la\u00a0<a href=\"http:\/\/www.lefigaro.fr\/international\/le-pouvoir-en-iran-est-dans-la-nasse-dos-au-mur-la-republique-islamique-mobilise-sa-diplomatie-20250616\" data-fig-type=\"Article\" data-gtm-custom-categorie=\"navigation\" data-gtm-custom-action=\"crossclick\" data-gtm-custom-label=\"Contextuel\" data-gtm-event=\"customEventSPE\" data-fig-domain=\"LEFIGARO\" target=\"_blank\" rel=\"noopener\">R\u00e9publique islamique<\/a>, apr\u00e8s l\u2019effondrement de son alli\u00e9 syrien, en d\u00e9cembre dernier.<\/p>\n<p class=\"fig-body-link\">\n            \u00c0 lire aussi<br \/>\n        <a class=\"fig-body-link__link fig-premium-mark\" href=\"http:\/\/www.lefigaro.fr\/international\/le-chef-de-la-diplomatie-indienne-au-figaro-le-sud-global-veut-la-fin-de-la-guerre-en-ukraine-20250609\" data-fig-type=\"Article\" data-gtm-custom-categorie=\"navigation\" data-gtm-custom-action=\"crossclick\" data-gtm-custom-label=\"Contextuel\" data-gtm-event=\"customEventSPE\" data-fig-domain=\"LEFIGARO\" target=\"_blank\" rel=\"noopener\">Le chef de la diplomatie indienne au Figaro\u00a0: \u00ab\u00a0Le \u201cSud global\u201d veut la fin de la guerre en Ukraine\u00a0\u00bb<br \/>\n    <\/a>\n<\/p>\n<p class=\"fig-paragraph\">\u00c0 premi\u00e8re vue, le carnet de bal de ce grand rassemblement, \u00e0 l\u2019organisation tr\u00e8s rod\u00e9e, est flatteur, entre conf\u00e9rences th\u00e9matiques et soir\u00e9es festives. Le point d\u2019orgue, comme de tradition, sera vendredi apr\u00e8s-midi la session\u2026<\/p>\n<p class=\"fig-premium-paywall__infos\">\n        Cet article est r\u00e9serv\u00e9 aux abonn\u00e9s.        Il vous reste 82% \u00e0 d\u00e9couvrir.\n    <\/p>\n<p>                <img  data- alt=\"Le Figaro\" class=\"fig-img--complete fig-img\"\/><\/p>\n<p class=\"fig-premium-paywall__title\">Vente Flash<\/p>\n<p class=\"fig-premium-paywall__subtitle\">3,99\u20ac par mois pendant 12 mois. Sans engagement.<\/p>\n<p class=\"fig-premium-paywall__connect\">\n                D\u00e9j\u00e0 abonn\u00e9\u00a0?                <a class=\"fig-premium-paywall__connect-link\" href=\"https:\/\/connect.lefigaro.fr\/login?client=horizon_web&amp;type=main&amp;redirect_uri=https%3A%2F%2Fwww.lefigaro.fr%2Finternational%2Fla-russie-veut-faire-entendre-la-voix-du-sud-global-lors-du-forum-economique-de-saint-petersbourg-20250618\" data-js-gtm=\"{&quot;customCategorie&quot;: &quot;conversion&quot;, &quot;customAction&quot;: &quot;before_Landing_Connexion_paywall_auto&quot;, &quot;customLabel&quot;: &quot;bGVmaWdhcm8uZnJfXzFmMDRjMzlkLWFiMTctNjcxNi04N2JhLWQ1Mjg2MTE4NjE2Y19fQXJ0aWNsZQ==_La Russie veut faire entendre la voix du \u00abSud global\u00bb lors du Forum \u00e9conomique de Saint-P\u00e9tersbourg_221&quot;, &quot;customIDSPE&quot;: &quot;bGVmaWdhcm8uZnJfXzFmMDRjMzlkLWFiMTctNjcxNi04N2JhLWQ1Mjg2MTE4NjE2Y19fQXJ0aWNsZQ==&quot;, &quot;event&quot;: &quot;customEventSPE&quot;}\" target=\"_blank\" rel=\"noopener\"><br \/>\n                    Connectez-vous<br \/>\n                <\/a>\n            <\/p>\n","protected":false},"excerpt":{"rendered":"L\u2019ombre de la guerre entre Isra\u00ebl et l\u2019Iran plane sur le forum qui s\u2019est ouvert mercredi. La 28e&hellip;\n","protected":false},"author":2,"featured_media":187382,"comment_status":"","ping_status":"","sticky":false,"template":"","format":"standard","meta":{"footnotes":""},"categories":[1591],"tags":[259,11,260,1887,14,261,12,262,1885,1886,132,135],"class_list":{"0":"post-187381","1":"post","2":"type-post","3":"status-publish","4":"format-standard","5":"has-post-thumbnail","7":"category-russie","8":"tag-actualite-internationale","9":"tag-actualites","10":"tag-affaires-etrangeres","11":"tag-federation-de-russie","12":"tag-international","13":"tag-ministere-des-affaires-etrangeres","14":"tag-news","15":"tag-politique-etrangere","16":"tag-russia","17":"tag-russian-federation","18":"tag-russie","19":"tag-vladimir-poutine"},"share_on_mastodon":{"url":"https:\/\/pubeurope.com\/@fr\/114707788280165339","error":""},"_links":{"self":[{"href":"https:\/\/www.europesays.com\/fr\/wp-json\/wp\/v2\/posts\/187381","targetHints":{"allow":["GET"]}}],"collection":[{"href":"https:\/\/www.europesays.com\/fr\/wp-json\/wp\/v2\/posts"}],"about":[{"href":"https:\/\/www.europesays.com\/fr\/wp-json\/wp\/v2\/types\/post"}],"author":[{"embeddable":true,"href":"https:\/\/www.europesays.com\/fr\/wp-json\/wp\/v2\/users\/2"}],"replies":[{"embeddable":true,"href":"https:\/\/www.europesays.com\/fr\/wp-json\/wp\/v2\/comments?post=187381"}],"version-history":[{"count":0,"href":"https:\/\/www.europesays.com\/fr\/wp-json\/wp\/v2\/posts\/187381\/revisions"}],"wp:featuredmedia":[{"embeddable":true,"href":"https:\/\/www.europesays.com\/fr\/wp-json\/wp\/v2\/media\/187382"}],"wp:attachment":[{"href":"https:\/\/www.europesays.com\/fr\/wp-json\/wp\/v2\/media?parent=187381"}],"wp:term":[{"taxonomy":"category","embeddable":true,"href":"https:\/\/www.europesays.com\/fr\/wp-json\/wp\/v2\/categories?post=187381"},{"taxonomy":"post_tag","embeddable":true,"href":"https:\/\/www.europesays.com\/fr\/wp-json\/wp\/v2\/tags?post=187381"}],"curies":[{"name":"wp","href":"https:\/\/api.w.org\/{rel}","templated":true}]}}