{"id":187383,"date":"2025-06-19T02:58:09","date_gmt":"2025-06-19T02:58:09","guid":{"rendered":"https:\/\/www.europesays.com\/fr\/187383\/"},"modified":"2025-06-19T02:58:09","modified_gmt":"2025-06-19T02:58:09","slug":"poutine-se-dit-pret-a-rencontrer-zelensky-mais-pas-tout-de-suite","status":"publish","type":"post","link":"https:\/\/www.europesays.com\/fr\/187383\/","title":{"rendered":"Poutine se dit \u00ab\u00a0pr\u00eat\u00a0\u00bb \u00e0 rencontrer Zelensky, mais pas tout de suite"},"content":{"rendered":"<p>Apr\u00e8s plus de trois ans de <a href=\"https:\/\/www.20minutes.fr\/monde\/ukraine\/\" target=\"_blank\" class=\"color-ultramarine c-link\" rel=\"nofollow noopener\">guerre en Ukraine<\/a>, une poign\u00e9e de main va-t-elle avoir lieu entre <a href=\"https:\/\/www.20minutes.fr\/monde\/vladimir_poutine\/\" target=\"_blank\" class=\"color-ultramarine c-link\" rel=\"nofollow noopener\">Vladimir Poutine<\/a> et <a href=\"https:\/\/www.20minutes.fr\/monde\/volodymyr-zelensky\/\" target=\"_blank\" class=\"color-ultramarine c-link\" rel=\"nofollow noopener\">Volodymyr Zelensky<\/a>\u00a0? Une r\u00e9ponse favorable \u00e0 cette question semble se dessiner, mais il va falloir attendre encore, et s\u00fbrement un long moment.<\/p>\n<p>Lors d\u2019un \u00e9change avec des repr\u00e9sentants d\u2019agences de presse \u00e9trang\u00e8res, dont l\u2019AFP, Vladimir Poutine a en effet pos\u00e9 ses conditions ce jeudi pour voir directement son homologue ukrainien. Le ma\u00eetre du Kremlin a ainsi d\u00e9clar\u00e9 \u00eatre \u00ab\u00a0m\u00eame pr\u00eat \u00e0 rencontrer\u00a0\u00bb Volodymyr Zelensky mais uniquement dans le cadre de la \u00ab\u00a0derni\u00e8re \u00e9tape\u00a0\u00bb des n\u00e9gociations entre Moscou et Kiev.<\/p>\n<p>Poutine critique encore la l\u00e9gitimit\u00e9 de Zelensky<\/p>\n<p>Le pr\u00e9sident russe a toutefois de nouveau mis en doute la l\u00e9gitimit\u00e9 de Volodymyr Zelensky, dont le mandat a officiellement expir\u00e9 en mai\u00a02024. Kiev n\u2019a pas pu organiser d\u2019\u00e9lection pr\u00e9sidentielle du fait de l\u2019assaut russe et la mise en place de la loi martiale.<\/p>\n<\/p>\n<p>\u00ab\u00a0Je suis pr\u00eat \u00e0 rencontrer tout le monde, m\u00eame Zelensky. L\u00e0 n\u2019est pas la question. Si l\u2019Etat ukrainien fait confiance \u00e0 une personne en particulier pour mener des n\u00e9gociations, mon Dieu, cela peut \u00eatre Zelensky\u00a0\u00bb, a d\u00e9clar\u00e9 le chef de l\u2019Etat russe lors de cette table ronde organis\u00e9e \u00e0 Saint-P\u00e9tersbourg. \u00ab\u00a0Peu importe qui n\u00e9gocie, m\u00eame si c\u2019est le chef actuel du r\u00e9gime\u00a0\u00bb.<\/p>\n<p>Des pourparlers mais aucun progr\u00e8s<\/p>\n<p>Vladimir Poutine a \u00e9galement estim\u00e9 qu\u2019il fallait \u00ab\u00a0trouver une solution qui, non seulement mette fin au conflit actuel, mais qui cr\u00e9e \u00e9galement les conditions n\u00e9cessaires pour \u00e9viter que de telles situations ne se reproduisent \u00e0 long terme\u00a0\u00bb.<\/p>\n<p><a href=\"https:\/\/www.20minutes.fr\/monde\/ukraine\/\" target=\"_blank\" class=\"c-link c-btn c-btn--primary\" rel=\"nofollow noopener\">Notre dossier sur la Guerre en Ukraine<\/a><\/p>\n<p>Deux rounds de pourparlers entre Russes et Ukrainiens ont eu lieu \u00e0 Istanbul, mais n\u2019ont d\u00e9bouch\u00e9 sur aucun progr\u00e8s vers un cessez-le-feu dans ce conflit qui a fait des dizaines de milliers de morts et de bless\u00e9s. La <a href=\"https:\/\/www.20minutes.fr\/monde\/russie\/\" target=\"_blank\" class=\"color-ultramarine c-link\" rel=\"nofollow noopener\">Russie<\/a> demande notamment \u00e0 Kiev le retrait de ses forces de quatre r\u00e9gions dont Moscou revendique l\u2019annexion, la renonciation de l\u2019Ukraine \u00e0 int\u00e9grer l\u2019Otan et la limitation de la taille de son arm\u00e9e.<\/p>\n","protected":false},"excerpt":{"rendered":"Apr\u00e8s plus de trois ans de guerre en Ukraine, une poign\u00e9e de main va-t-elle avoir lieu entre Vladimir&hellip;\n","protected":false},"author":2,"featured_media":187384,"comment_status":"","ping_status":"","sticky":false,"template":"","format":"standard","meta":{"footnotes":""},"categories":[1590],"tags":[47,11,1777,674,131,74,12,132,220,133,135,134],"class_list":{"0":"post-187383","1":"post","2":"type-post","3":"status-publish","4":"format-standard","5":"has-post-thumbnail","7":"category-ukraine","8":"tag-actualite","9":"tag-actualites","10":"tag-eu","11":"tag-europe","12":"tag-guerre-en-ukraine","13":"tag-monde","14":"tag-news","15":"tag-russie","16":"tag-ukraine","17":"tag-video","18":"tag-vladimir-poutine","19":"tag-volodymyr-zelensky"},"share_on_mastodon":{"url":"https:\/\/pubeurope.com\/@fr\/114707792178286019","error":""},"_links":{"self":[{"href":"https:\/\/www.europesays.com\/fr\/wp-json\/wp\/v2\/posts\/187383","targetHints":{"allow":["GET"]}}],"collection":[{"href":"https:\/\/www.europesays.com\/fr\/wp-json\/wp\/v2\/posts"}],"about":[{"href":"https:\/\/www.europesays.com\/fr\/wp-json\/wp\/v2\/types\/post"}],"author":[{"embeddable":true,"href":"https:\/\/www.europesays.com\/fr\/wp-json\/wp\/v2\/users\/2"}],"replies":[{"embeddable":true,"href":"https:\/\/www.europesays.com\/fr\/wp-json\/wp\/v2\/comments?post=187383"}],"version-history":[{"count":0,"href":"https:\/\/www.europesays.com\/fr\/wp-json\/wp\/v2\/posts\/187383\/revisions"}],"wp:featuredmedia":[{"embeddable":true,"href":"https:\/\/www.europesays.com\/fr\/wp-json\/wp\/v2\/media\/187384"}],"wp:attachment":[{"href":"https:\/\/www.europesays.com\/fr\/wp-json\/wp\/v2\/media?parent=187383"}],"wp:term":[{"taxonomy":"category","embeddable":true,"href":"https:\/\/www.europesays.com\/fr\/wp-json\/wp\/v2\/categories?post=187383"},{"taxonomy":"post_tag","embeddable":true,"href":"https:\/\/www.europesays.com\/fr\/wp-json\/wp\/v2\/tags?post=187383"}],"curies":[{"name":"wp","href":"https:\/\/api.w.org\/{rel}","templated":true}]}}