{"id":187385,"date":"2025-06-19T02:59:10","date_gmt":"2025-06-19T02:59:10","guid":{"rendered":"https:\/\/www.europesays.com\/fr\/187385\/"},"modified":"2025-06-19T02:59:10","modified_gmt":"2025-06-19T02:59:10","slug":"liran-ouvert-a-des-pourparlers-avec-les-etats-unis-sur-un-cessez-le-feu-et-le-programme-nucleaire","status":"publish","type":"post","link":"https:\/\/www.europesays.com\/fr\/187385\/","title":{"rendered":"L&rsquo;Iran ouvert \u00e0 des pourparlers avec les Etats-Unis sur un cessez-le-feu et le programme nucl\u00e9aire"},"content":{"rendered":"<p style=\"text-align:justify;\">AA \/ Washington \/ Michael Hernandez<\/p>\n<p style=\"text-align:justify;\">L&rsquo;Iran est ouvert \u00e0 des n\u00e9gociations avec les Etats-Unis sur un cessez-le-feu avec Isra\u00ebl, ainsi que sur son programme nucl\u00e9aire, affirme un article publi\u00e9 mercredi.<\/p>\n<p style=\"text-align:justify;\">Un haut responsable du minist\u00e8re iranien des Affaires \u00e9trang\u00e8res a d\u00e9clar\u00e9 au New York Times que T\u00e9h\u00e9ran accepterait l&rsquo;offre du pr\u00e9sident am\u00e9ricain Donald Trump de se rencontrer prochainement. Ce dernier a d\u00e9clar\u00e9 aux journalistes, t\u00f4t mardi, qu&rsquo;il serait ouvert \u00e0 l&rsquo;id\u00e9e de d\u00e9p\u00eacher le vice-pr\u00e9sident JD Vance ou l&rsquo;envoy\u00e9 sp\u00e9cial Steve Witkoff pour une rencontre avec l&rsquo;Iran.<\/p>\n<p style=\"text-align:justify;\">Le responsable du minist\u00e8re iranien des Affaires \u00e9trang\u00e8res, qui a parl\u00e9 au Times sous couvert d&rsquo;anonymat, a d\u00e9clar\u00e9 que le ministre des Affaires \u00e9trang\u00e8res Abbas Araghchi serait ouvert \u00e0 cette rencontre.<\/p>\n<p style=\"text-align:justify;\">Araghchi a d\u00e9clar\u00e9 plus t\u00f4t mercredi que, \u00e0 l\u2019exception d\u2019Isra\u00ebl, l&rsquo;Iran restait attach\u00e9 \u00e0 la diplomatie.<\/p>\n<p style=\"text-align:justify;\">\u00ab \u00c0 l&rsquo;exception du r\u00e9gime isra\u00e9lien ill\u00e9gitime, g\u00e9nocidaire et occupant, nous restons attach\u00e9s \u00e0 la diplomatie \u00bb, a-t-il \u00e9crit, ajoutant : \u00ab Nous sommes, comme toujours, s\u00e9rieux et tourn\u00e9s vers l&rsquo;avenir \u00bb.<\/p>\n<p style=\"text-align:justify;\">Les tensions r\u00e9gionales se sont intensifi\u00e9es depuis vendredi, lorsqu&rsquo;Isra\u00ebl a lanc\u00e9 des frappes a\u00e9riennes sur plusieurs sites en Iran, notamment des installations militaires et nucl\u00e9aires, incitant T\u00e9h\u00e9ran \u00e0 lancer des frappes de repr\u00e9sailles.<\/p>\n<p style=\"text-align:justify;\">Les autorit\u00e9s isra\u00e9liennes ont d\u00e9clar\u00e9 qu&rsquo;au moins 24 personnes avaient \u00e9t\u00e9 tu\u00e9es et des centaines d&rsquo;autres bless\u00e9es depuis lors, \u00e0 la suite d&rsquo;attaques de missiles iraniens.<\/p>\n<p style=\"text-align:justify;\">De son c\u00f4t\u00e9, l&rsquo;Iran compte 585 morts et plus de 1 300 bless\u00e9s suite aux attaques isra\u00e9liennes, selon les m\u00e9dias iraniens.<\/p>\n<p style=\"text-align:justify;\">*Traduit de l\u2019Anglais par Mourad Belhaj <\/p>\n<p>                            &#13;<br \/>\n                                <a href=\"https:\/\/www.aa.com.tr\/fr\/p\/abonnement\/1001\" target=\"_blank\" style=\"font-size:12px; color:#444; text-decoration:none;\" rel=\"noopener\">&#13;<br \/>\n                                    Seulement une partie des d\u00e9p\u00eaches, que l&rsquo;Agence Anadolu diffuse \u00e0 ses abonn\u00e9s via le Syst\u00e8me de Diffusion interne (HAS), est diffus\u00e9e sur le site de l&rsquo;AA, de mani\u00e8re r\u00e9sum\u00e9e. <b style=\"color:#1897F7\">Contactez-nous s&rsquo;il vous pla\u00eet pour vous abonner.<\/b>&#13;<br \/>\n                                <\/a>&#13;<\/p>\n","protected":false},"excerpt":{"rendered":"AA \/ Washington \/ Michael Hernandez L&rsquo;Iran est ouvert \u00e0 des n\u00e9gociations avec les Etats-Unis sur un cessez-le-feu&hellip;\n","protected":false},"author":2,"featured_media":187386,"comment_status":"","ping_status":"","sticky":false,"template":"","format":"standard","meta":{"footnotes":""},"categories":[1589],"tags":[4295,10461,11,1785,75,73,1866,3019,3819,12,1864,1865,1863,308],"class_list":{"0":"post-187385","1":"post","2":"type-post","3":"status-publish","4":"format-standard","5":"has-post-thumbnail","7":"category-etats-unis","8":"tag-tats-unis","9":"tag-abbas-araghchi","10":"tag-actualites","11":"tag-anadolu-ajansi","12":"tag-donald-trump","13":"tag-etats-unis","14":"tag-etats-unis-damerique","15":"tag-iran","16":"tag-isral","17":"tag-news","18":"tag-united-states","19":"tag-united-states-of-america","20":"tag-us","21":"tag-usa"},"share_on_mastodon":{"url":"https:\/\/pubeurope.com\/@fr\/114707796328775525","error":""},"_links":{"self":[{"href":"https:\/\/www.europesays.com\/fr\/wp-json\/wp\/v2\/posts\/187385","targetHints":{"allow":["GET"]}}],"collection":[{"href":"https:\/\/www.europesays.com\/fr\/wp-json\/wp\/v2\/posts"}],"about":[{"href":"https:\/\/www.europesays.com\/fr\/wp-json\/wp\/v2\/types\/post"}],"author":[{"embeddable":true,"href":"https:\/\/www.europesays.com\/fr\/wp-json\/wp\/v2\/users\/2"}],"replies":[{"embeddable":true,"href":"https:\/\/www.europesays.com\/fr\/wp-json\/wp\/v2\/comments?post=187385"}],"version-history":[{"count":0,"href":"https:\/\/www.europesays.com\/fr\/wp-json\/wp\/v2\/posts\/187385\/revisions"}],"wp:featuredmedia":[{"embeddable":true,"href":"https:\/\/www.europesays.com\/fr\/wp-json\/wp\/v2\/media\/187386"}],"wp:attachment":[{"href":"https:\/\/www.europesays.com\/fr\/wp-json\/wp\/v2\/media?parent=187385"}],"wp:term":[{"taxonomy":"category","embeddable":true,"href":"https:\/\/www.europesays.com\/fr\/wp-json\/wp\/v2\/categories?post=187385"},{"taxonomy":"post_tag","embeddable":true,"href":"https:\/\/www.europesays.com\/fr\/wp-json\/wp\/v2\/tags?post=187385"}],"curies":[{"name":"wp","href":"https:\/\/api.w.org\/{rel}","templated":true}]}}