{"id":187399,"date":"2025-06-19T03:07:13","date_gmt":"2025-06-19T03:07:13","guid":{"rendered":"https:\/\/www.europesays.com\/fr\/187399\/"},"modified":"2025-06-19T03:07:13","modified_gmt":"2025-06-19T03:07:13","slug":"linsee-prevoit-une-croissance-ralentie-a-06-en-2025","status":"publish","type":"post","link":"https:\/\/www.europesays.com\/fr\/187399\/","title":{"rendered":"l&rsquo;Insee pr\u00e9voit une croissance ralentie \u00e0 0,6% en 2025"},"content":{"rendered":"<p style=\"text-align:\">\u00ab\u00a0Lentement, la zone euro sort de sa torpeur, malgr\u00e9 le retournement des \u00e9changes mondiaux\u00a0\u00bb, avec un r\u00e9veil de l&rsquo;investissement notamment, mais \u00ab\u00a0l&rsquo;\u00e9conomie fran\u00e7aise ne semble pas \u00e9voluer au diapason du continent\u00a0\u00bb, souligne l&rsquo;Institut national de la statistique dans sa note de conjoncture.<\/p>\n<p><a href=\"https:\/\/lecourrier.vn\/pib-en-hausse-de-04-au-troisieme-trimestre-et-pouvoir-dachat-en-hausse\/1273421.html\" title=\"PIB en hausse de 0,4% au troisi\u00e8me trimestre et pouvoir d&#039;achat en hausse\" target=\"_blank\" rel=\"noopener\">&gt;&gt; PIB en hausse de 0,4% au troisi\u00e8me trimestre et pouvoir d&rsquo;achat en hausse<\/a><\/p>\n<p><a href=\"https:\/\/lecourrier.vn\/france-le-taux-de-chomage-quasi-stable-malgre-un-marche-du-travail-degrade\/1277379.html\" title=\"France : le taux de ch\u00f4mage quasi stable malgr\u00e9 un march\u00e9 du travail d\u00e9grad\u00e9\" target=\"_blank\" rel=\"noopener\">&gt;&gt; France : le taux de ch\u00f4mage quasi stable malgr\u00e9 un march\u00e9 du travail d\u00e9grad\u00e9<\/a><\/p>\n<p><a href=\"https:\/\/lecourrier.vn\/lemploi-salarie-prive-stable-en-france-au-premier-trimestre-2025\/1282586.html\" title=\"L&#039;emploi salari\u00e9 priv\u00e9 stable en France au premier trimestre 2025\" target=\"_blank\" rel=\"noopener\">&gt;&gt; L&#8217;emploi salari\u00e9 priv\u00e9 stable en France au premier trimestre 2025<\/a><\/p>\n<tr>\n<td class=\"pic\"><img decoding=\"async\" class=\"lazyload\" src=\"https:\/\/www.europesays.com\/fr\/wp-content\/uploads\/2025\/06\/231525-2.webp.webp\" alt=\"\"\/><\/td>\n<\/tr>\n<tr>\n<td class=\"caption\"><\/td>\n<\/tr>\n<tr align=\"right\">\n<td class=\"author\">Photo : AFP\/VNA\/CVN<\/td>\n<\/tr>\n<p style=\"text-align:left\">\u00ab\u00a0Alors qu&rsquo;en 2023 et 2024, l&rsquo;activit\u00e9 fran\u00e7aise avait plut\u00f4t mieux r\u00e9sist\u00e9 (&#8230;) que dans les autres pays europ\u00e9ens, les moteurs tricolores s\u2019essoufflent d\u00e9sormais\u00a0\u00bb, a-t-il d\u00e9velopp\u00e9.<\/p>\n<p style=\"text-align:left\">La pr\u00e9vision de l&rsquo;Insee est inf\u00e9rieure \u00e0 celle du gouvernement, qui table sur une croissance de 0,7%. Apr\u00e8s +0,1% au premier trimestre, l&rsquo;organisme public pr\u00e9voit une hausse de 0,2% du PIB sur chacun des trois trimestres suivants.<\/p>\n<p style=\"text-align:left\">Pilier traditionnel de la croissance fran\u00e7aise, la consommation des m\u00e9nages n&rsquo;augmenterait que mod\u00e9r\u00e9ment (0,7% apr\u00e8s 1,0% en 2024), au m\u00eame rythme que le pouvoir d&rsquo;achat (apr\u00e8s 2,5%), malgr\u00e9 une inflation assagie, attendue autour de 1% en fin d&rsquo;ann\u00e9e.<\/p>\n<p style=\"text-align:left\">Apr\u00e8s 18,8% au premier trimestre, un pic en 45 ans (hors crise sanitaire), le taux d&rsquo;\u00e9pargne des m\u00e9nages diminuerait un peu \u00e0 18,2% sur l&rsquo;ann\u00e9e (et m\u00eame \u00e0 17,3% en fin d&rsquo;ann\u00e9e), demeurant toutefois \u00e0 un niveau \u00e9lev\u00e9, signe de l&rsquo;attentisme ambiant.<\/p>\n<p style=\"text-align:left\">Les investissements continueraient de se d\u00e9grader, mais moins fortement (-0,5% apr\u00e8s -1,3%), notablement chez les entreprises (-0,8%) et les m\u00e9nages (-0,6%), la construction de logements neufs montrant des signes de reprise. Les investissements des administrations publiques passeraient en territoire n\u00e9gatif (-0,6%).<\/p>\n<p style=\"text-align:left\">Les entreprises verraient par ailleurs leur situation se d\u00e9grader, p\u00e2tissant de taux d&rsquo;int\u00e9r\u00eat plus \u00e9lev\u00e9s pour leurs nouveaux cr\u00e9dits et, pour les plus grandes d&rsquo;entre elles, d&rsquo;une surtaxe pr\u00e9vue au budget 2025.<\/p>\n<p style=\"text-align:left\">Assombrissant davantage le tableau, le soutien du commerce ext\u00e9rieur \u00e0 la croissance observ\u00e9 en 2023 et 2024 s&rsquo;effacerait : il enl\u00e8verait m\u00eame 0,7 point de croissance, les industriels fran\u00e7ais perdant des parts de march\u00e9.<\/p>\n<p style=\"text-align:left\">L&rsquo;Insee chiffre \u00e0 0,1 point de PIB en 2025 l&rsquo;impact pour la France du choc des droits de douane am\u00e9ricains, tant en raison de l&rsquo;impact commercial direct que de l&rsquo;incertitude et des tensions financi\u00e8res qu&rsquo;il g\u00e9n\u00e8re, et de 0,4 \u00e0 0,6 point en 2026 selon qu&rsquo;il y ait ou non des mesures de riposte.<\/p>\n<p style=\"text-align:right\"><b>AFP\/VNA\/CVN<\/b><\/p>\n","protected":false},"excerpt":{"rendered":"\u00ab\u00a0Lentement, la zone euro sort de sa torpeur, malgr\u00e9 le retournement des \u00e9changes mondiaux\u00a0\u00bb, avec un r\u00e9veil de&hellip;\n","protected":false},"author":2,"featured_media":187400,"comment_status":"","ping_status":"","sticky":false,"template":"","format":"standard","meta":{"footnotes":""},"categories":[4],"tags":[11,913,1011,27,2066,12,25],"class_list":{"0":"post-187399","1":"post","2":"type-post","3":"status-publish","4":"format-standard","5":"has-post-thumbnail","7":"category-france","8":"tag-actualites","9":"tag-croissance","10":"tag-fr","11":"tag-france","12":"tag-insee","13":"tag-news","14":"tag-republique-francaise"},"share_on_mastodon":{"url":"https:\/\/pubeurope.com\/@fr\/114707827459193229","error":""},"_links":{"self":[{"href":"https:\/\/www.europesays.com\/fr\/wp-json\/wp\/v2\/posts\/187399","targetHints":{"allow":["GET"]}}],"collection":[{"href":"https:\/\/www.europesays.com\/fr\/wp-json\/wp\/v2\/posts"}],"about":[{"href":"https:\/\/www.europesays.com\/fr\/wp-json\/wp\/v2\/types\/post"}],"author":[{"embeddable":true,"href":"https:\/\/www.europesays.com\/fr\/wp-json\/wp\/v2\/users\/2"}],"replies":[{"embeddable":true,"href":"https:\/\/www.europesays.com\/fr\/wp-json\/wp\/v2\/comments?post=187399"}],"version-history":[{"count":0,"href":"https:\/\/www.europesays.com\/fr\/wp-json\/wp\/v2\/posts\/187399\/revisions"}],"wp:featuredmedia":[{"embeddable":true,"href":"https:\/\/www.europesays.com\/fr\/wp-json\/wp\/v2\/media\/187400"}],"wp:attachment":[{"href":"https:\/\/www.europesays.com\/fr\/wp-json\/wp\/v2\/media?parent=187399"}],"wp:term":[{"taxonomy":"category","embeddable":true,"href":"https:\/\/www.europesays.com\/fr\/wp-json\/wp\/v2\/categories?post=187399"},{"taxonomy":"post_tag","embeddable":true,"href":"https:\/\/www.europesays.com\/fr\/wp-json\/wp\/v2\/tags?post=187399"}],"curies":[{"name":"wp","href":"https:\/\/api.w.org\/{rel}","templated":true}]}}