{"id":187414,"date":"2025-06-19T03:18:15","date_gmt":"2025-06-19T03:18:15","guid":{"rendered":"https:\/\/www.europesays.com\/fr\/187414\/"},"modified":"2025-06-19T03:18:15","modified_gmt":"2025-06-19T03:18:15","slug":"breves-les-petites-infos-de-lindustrie-des-arts-graphiques-17-juin-2025-graphiline-com","status":"publish","type":"post","link":"https:\/\/www.europesays.com\/fr\/187414\/","title":{"rendered":"Br\u00e8ves \/ Les petites infos de l&#039;industrie des arts graphiques &#8211; 17 juin 2025 &#8211; Graphiline.com"},"content":{"rendered":"<ol>\n<li><a href=\"https:\/\/news.google.com\/rss\/articles\/CBMiqgFBVV95cUxNSE1YVWVaTW8wa3FueU8wSGRseFJEX1NOMmQzT3Q4RVFNcWJfWWVkQ2VDMmJuMU5WZk1YZF9ibzJldm9NbHBiWHQzTG5nTUdfdjBUdmRBQmZWdzVCSF8tdk91c0lTZDdQVTBaal9VbGV3RjBLWnFkb2duYV9oUkRWc3NQZFVHUjdFcF9FVWhMRTFqUWNyOEdyTnpDVmpZUkVQZmRySFhFdUhndw?oc=5\" target=\"_blank\" rel=\"nofollow noopener\">Br\u00e8ves \/ Les petites infos de l&rsquo;industrie des arts graphiques &#8211; 17 juin 2025<\/a>&nbsp;&nbsp;Graphiline.com<\/li>\n<li><a href=\"https:\/\/news.google.com\/rss\/articles\/CBMi3AFBVV95cUxPbWNnbjYwWHdBQ3o1YlE2a1AyMndGckQ0d3dQWXV1MXZTUHRMdDU2c2dXcUVpZGpwQjJYdkozWjhqZWZYejB1TVRHcDFpNGZEaXRyRVBQV1RsbFZ2aDdSdkZyYjJwdndDanFtRVg0RjFBUnYxTVJ3WmV3SUYwRWh5ZlRXcFNVdGMzNEFXajZOdWJabTdPNHZlMGtCdlJ0UDZYZ1pmVTdmRnNfMVI5a0tEc1BfcWNvRHFqOHI3elhtYlljSFlTRGlMZ0JMNlB3TFZWZjN6U1VGRzZyNDZf?oc=5\" target=\"_blank\" rel=\"nofollow noopener\">Landes. \u00ab Cela ne pr\u00e9sente aucun danger \u00bb : la direction de Gascogne Papier rassure apr\u00e8s un incendie<\/a>&nbsp;&nbsp;Sud Ouest<\/li>\n<li><a href=\"https:\/\/news.google.com\/rss\/articles\/CBMi2wFBVV95cUxOLXlzWlh1bjc3MTctTlJUdk94SkoxTjMycmpENFlqZnhCZzVQNlhPNVRIZFdPLWFIQjU5RmZmdUtXd1Ayd3ZKQ2FyRUFhUWRzcXF6S1c1UUpYb19IRUhIOFdHNFlOcmVGbERkWFd0QzdlRFJDQWtEaTdSVTJXdHl4OVJoM0tfaDI4Q1FDX3Q4UmRUZ282QUZpcG1BS2V2eFhjTGRBQzhxZG9yMmxDcmkxeWpHRC1FNjRvdXpjX29QTUp0TkE1ZVRnN0c5MHpvMEtMcWlVdzRwdTZrSDQ?oc=5\" target=\"_blank\" rel=\"nofollow noopener\">Landes. Un feu se d\u00e9clare au sein d&rsquo;une usine \u00e0 Mimizan, trente pompiers mobilis\u00e9s<\/a>&nbsp;&nbsp;Actu.fr<\/li>\n<li><a href=\"https:\/\/news.google.com\/rss\/articles\/CBMia0FVX3lxTE1rUG5lUmIxd1U1d2RpOVRhS3oxeFVNUFVKNm93WUxPWExYbkZGTVNldjNrRU5sWUNET05yeE5leU1md3ZqYVZOdFVKTTFVOXpPdV9qR0lQT1pnTHRtUTRGNkltYVhacGF0SlBn?oc=5\" target=\"_blank\" rel=\"nofollow noopener\">Un incendie se d\u00e9clare dans l&rsquo;usine Gascogne Papier \u00e0 Mimizan, mobilisant trente pompiers<\/a>&nbsp;&nbsp;landesinfo.fr<\/li>\n<li><a href=\"https:\/\/news.google.com\/rss\/articles\/CBMixAFBVV95cUxNUEtiNEZyeDBNakZ5WldvNmdHYkNKdlhOdEVNeWFreHFrU0xCd2ZoMWxMZm5iVTVJcmZpZ0ZDM0NjbFQtakh2Y2pfQlBTb3dKcTBKNU4tSjVmZlQ3X2YxNFZPNHJFVDNJRC12RVFZVjhoVTlZR1ZZWnFJRHZHcjZpdU8xajh6aVJmcFFkNzhaUkxoZnIxdzczU1dzRWE3ZkdyUXBnSVF0YTBUcXNsUnE2bkNFLWZIYWhmTjdYeHMtallTSWJh?oc=5\" target=\"_blank\" rel=\"nofollow noopener\">Landes : un incendie s\u2019est produit \u00e0 l\u2019usine Gascogne Papier \u00e0 Mimizan<\/a>&nbsp;&nbsp;Sud Ouest<\/li>\n<\/ol>\n","protected":false},"excerpt":{"rendered":"Br\u00e8ves \/ Les petites infos de l&rsquo;industrie des arts graphiques &#8211; 17 juin 2025&nbsp;&nbsp;Graphiline.com Landes. \u00ab Cela ne&hellip;\n","protected":false},"author":2,"featured_media":187415,"comment_status":"","ping_status":"","sticky":false,"template":"","format":"standard","meta":{"footnotes":""},"categories":[1358],"tags":[1348,1384,1385,1386,58,59,1011,27,18149],"class_list":{"0":"post-187414","1":"post","2":"type-post","3":"status-publish","4":"format-standard","5":"has-post-thumbnail","7":"category-arts-et-design","8":"tag-arts","9":"tag-arts-and-design","10":"tag-arts-et-design","11":"tag-design","12":"tag-divertissement","13":"tag-entertainment","14":"tag-fr","15":"tag-france","16":"tag-imprimerie"},"share_on_mastodon":{"url":"https:\/\/pubeurope.com\/@fr\/114707870832879801","error":""},"_links":{"self":[{"href":"https:\/\/www.europesays.com\/fr\/wp-json\/wp\/v2\/posts\/187414","targetHints":{"allow":["GET"]}}],"collection":[{"href":"https:\/\/www.europesays.com\/fr\/wp-json\/wp\/v2\/posts"}],"about":[{"href":"https:\/\/www.europesays.com\/fr\/wp-json\/wp\/v2\/types\/post"}],"author":[{"embeddable":true,"href":"https:\/\/www.europesays.com\/fr\/wp-json\/wp\/v2\/users\/2"}],"replies":[{"embeddable":true,"href":"https:\/\/www.europesays.com\/fr\/wp-json\/wp\/v2\/comments?post=187414"}],"version-history":[{"count":0,"href":"https:\/\/www.europesays.com\/fr\/wp-json\/wp\/v2\/posts\/187414\/revisions"}],"wp:featuredmedia":[{"embeddable":true,"href":"https:\/\/www.europesays.com\/fr\/wp-json\/wp\/v2\/media\/187415"}],"wp:attachment":[{"href":"https:\/\/www.europesays.com\/fr\/wp-json\/wp\/v2\/media?parent=187414"}],"wp:term":[{"taxonomy":"category","embeddable":true,"href":"https:\/\/www.europesays.com\/fr\/wp-json\/wp\/v2\/categories?post=187414"},{"taxonomy":"post_tag","embeddable":true,"href":"https:\/\/www.europesays.com\/fr\/wp-json\/wp\/v2\/tags?post=187414"}],"curies":[{"name":"wp","href":"https:\/\/api.w.org\/{rel}","templated":true}]}}