{"id":187417,"date":"2025-06-19T03:19:10","date_gmt":"2025-06-19T03:19:10","guid":{"rendered":"https:\/\/www.europesays.com\/fr\/187417\/"},"modified":"2025-06-19T03:19:10","modified_gmt":"2025-06-19T03:19:10","slug":"irvin-d-yalom-le-temps-de-dire-liberation","status":"publish","type":"post","link":"https:\/\/www.europesays.com\/fr\/187417\/","title":{"rendered":"Irvin D. Yalom, le temps de dire \u2013 Lib\u00e9ration"},"content":{"rendered":"<p class=\"sc-ksZaOG ehjQrN text-element\">Apr\u00e8s une quinzaine de livres, presque tous des best-sellers, le c\u00e9l\u00e8bre docteur am\u00e9ricain <a href=\"https:\/\/www.liberation.fr\/livres\/2006\/01\/19\/yalom-special_26971\/\" target=\"_blank\" rel=\"noopener\" title=\"https:\/\/www.liberation.fr\/livres\/2006\/01\/19\/yalom-special_26971\/\">Irvin D. Yalom<\/a>, 94 ans aujourd\u2019hui, publie ce qui pourrait \u00eatre son dernier ouvrage \u2013 encore que ce ne soit pas certain, plaisante son fils Benjamin, qui l\u2019a aid\u00e9 \u00e0 mettre ses notes en ordre. Comme toujours, le livre surprend : il y en a plusieurs en un, en tout cas au moins trois.<\/p>\n<p class=\"sc-ksZaOG ehjQrN text-element\">Le premier concerne la <a href=\"https:\/\/www.liberation.fr\/livres\/2015\/06\/12\/la-methode-irvin-yalom_1328543\/?redirected=1\" target=\"_blank\" rel=\"noopener\" title=\"https:\/\/www.liberation.fr\/livres\/2015\/06\/12\/la-methode-irvin-yalom_1328543\/?redirected=1\">\u00abm\u00e9thode Yalom\u00bb<\/a>, avec sa marque de fabrique, la th\u00e9rapie existentielle, fond\u00e9e sur l\u2019apport de la philosophie \u00e0 la psychanalyse, et nantie d\u2019une implication personnelle tr\u00e8s forte du th\u00e9rapeute. Mais l\u2019Heure du c\u0153ur n\u2019aurait pas cette originalit\u00e9 fonci\u00e8re s\u2019il ne s\u2019agissait que du recours \u00e0 cette forme de th\u00e9rapie qui a fait ses preuves depuis plusieurs d\u00e9cennies. Yalom a vieilli, il perd la m\u00e9moire \u2013 et ses notes. Que faire dans ces conditions quand on est dou\u00e9 d\u2019un tel insight clinique ? On l\u2019utilise autrement. C\u2019est le deuxi\u00e8me sujet de l\u2019Heure du c\u0153ur.<\/p>\n<p class=\"sc-ksZaOG ehjQrN text-element\">Yalom a \u00e9t\u00e9 aid\u00e9 dans sa nouvelle d\u00e9marche par l\u2019\u00e9pid\u00e9mie de Covid, qui a fait se calfeutrer \u00e0 domicile th\u00e9rapeutes comme patient<\/p>\n","protected":false},"excerpt":{"rendered":"Apr\u00e8s une quinzaine de livres, presque tous des best-sellers, le c\u00e9l\u00e8bre docteur am\u00e9ricain Irvin D. Yalom, 94 ans&hellip;\n","protected":false},"author":2,"featured_media":187418,"comment_status":"","ping_status":"","sticky":false,"template":"","format":"standard","meta":{"footnotes":""},"categories":[1357],"tags":[1379,10488,58,59,1011,27,1380],"class_list":{"0":"post-187417","1":"post","2":"type-post","3":"status-publish","4":"format-standard","5":"has-post-thumbnail","7":"category-livres","8":"tag-books","9":"tag-cahier-livres","10":"tag-divertissement","11":"tag-entertainment","12":"tag-fr","13":"tag-france","14":"tag-livres"},"share_on_mastodon":{"url":"https:\/\/pubeurope.com\/@fr\/114707874642824148","error":""},"_links":{"self":[{"href":"https:\/\/www.europesays.com\/fr\/wp-json\/wp\/v2\/posts\/187417","targetHints":{"allow":["GET"]}}],"collection":[{"href":"https:\/\/www.europesays.com\/fr\/wp-json\/wp\/v2\/posts"}],"about":[{"href":"https:\/\/www.europesays.com\/fr\/wp-json\/wp\/v2\/types\/post"}],"author":[{"embeddable":true,"href":"https:\/\/www.europesays.com\/fr\/wp-json\/wp\/v2\/users\/2"}],"replies":[{"embeddable":true,"href":"https:\/\/www.europesays.com\/fr\/wp-json\/wp\/v2\/comments?post=187417"}],"version-history":[{"count":0,"href":"https:\/\/www.europesays.com\/fr\/wp-json\/wp\/v2\/posts\/187417\/revisions"}],"wp:featuredmedia":[{"embeddable":true,"href":"https:\/\/www.europesays.com\/fr\/wp-json\/wp\/v2\/media\/187418"}],"wp:attachment":[{"href":"https:\/\/www.europesays.com\/fr\/wp-json\/wp\/v2\/media?parent=187417"}],"wp:term":[{"taxonomy":"category","embeddable":true,"href":"https:\/\/www.europesays.com\/fr\/wp-json\/wp\/v2\/categories?post=187417"},{"taxonomy":"post_tag","embeddable":true,"href":"https:\/\/www.europesays.com\/fr\/wp-json\/wp\/v2\/tags?post=187417"}],"curies":[{"name":"wp","href":"https:\/\/api.w.org\/{rel}","templated":true}]}}