{"id":18742,"date":"2025-04-12T01:25:10","date_gmt":"2025-04-12T01:25:10","guid":{"rendered":"https:\/\/www.europesays.com\/fr\/18742\/"},"modified":"2025-04-12T01:25:10","modified_gmt":"2025-04-12T01:25:10","slug":"sa-visite-inattendue-aupres-des-blesses-de-guerre","status":"publish","type":"post","link":"https:\/\/www.europesays.com\/fr\/18742\/","title":{"rendered":"sa visite inattendue aupr\u00e8s des bless\u00e9s de guerre"},"content":{"rendered":"<p>                             Par     <a class=\"fig-content-metas__author\" href=\"https:\/\/www.lefigaro.fr\/auteur\/maelys-decourt\" rel=\"author noopener\" target=\"_blank\">Maelys Decourt<\/a><\/p>\n<p>\n            Publi\u00e9<br \/>\n                le 11 avril 2025 \u00e0 12h03,<br \/>\n                 mis \u00e0 jour le 11 avril 2025 \u00e0 12h04<\/p>\n<p>    Le prince Harry est venu soutenir les bless\u00e9s de la guerre en Ukraine dans une clinique de Lviv, le 10 avril 2025.<br \/>\n                YANA STUKACH \/ AFP<\/p>\n<p>Le 10 avril 2025, le duc de Sussex s\u2019est d\u00e9plac\u00e9 \u00e0 Lviv, en Ukraine, pour visiter le Superhumans Center, une clinique o\u00f9 il a pu \u00e9changer avec les victimes de la guerre et les v\u00e9t\u00e9rans militaires.<\/p>\n<p class=\"fig-paragraph\">Il n\u2019avait pr\u00e9venu personne, ou presque. Le jeudi 10 avril,<a href=\"https:\/\/madame.lefigaro.fr\/tag\/prince-harry\" target=\"_blank\" rel=\"noopener\" data-gtm-custom-categorie=\"navigation\" data-gtm-custom-action=\"crossclick\" data-gtm-custom-label=\"Contextuel\" data-gtm-event=\"customEventSPE\">\u00a0le prince Harry<\/a>\u00a0a effectu\u00e9 une visite surprise \u00e0 Lviv, loin des cam\u00e9ras et des projecteurs. Quelques heures plus t\u00f4t, il se trouvait encore \u00e0 Londres, o\u00f9 il assistait \u00e0\u00a0<a href=\"http:\/\/madame.lefigaro.fr\/celebrites\/actu-people\/devant-les-tribunaux-anglais-le-prince-harry-estime-avoir-ete-mis-a-l-ecart-de-la-famille-royale-britannique-20250409\" data-fig-type=\"Article\" data-gtm-custom-categorie=\"navigation\" data-gtm-custom-action=\"crossclick\" data-gtm-custom-label=\"Contextuel\" data-gtm-event=\"customEventSPE\" data-fig-domain=\"MADAME\" target=\"_blank\" rel=\"noopener\">une audience devant la Haute Cour\u00a0<\/a>dans le cadre de son contentieux avec le minist\u00e8re de l\u2019Int\u00e9rieur britannique concernant sa s\u00e9curit\u00e9 personnelle au Royaume-Uni.<\/p>\n<p class=\"fig-paragraph\">Arriv\u00e9 en Ukraine, il s\u2019est rendu au Superhumans Center, une clinique sp\u00e9cialis\u00e9e dans la r\u00e9habilitation des bless\u00e9s de guerre. Inaugur\u00e9 en 2023, l\u2019\u00e9tablissement accueille militaires et civils pour leur fournir, gratuitement, proth\u00e8ses de haute technologie, soins chirurgicaux et accompagnement psychologique.<\/p>\n<p class=\"fig-paragraph\">Ce n\u2019est qu\u2019apr\u00e8s son d\u00e9part que la BBC a r\u00e9v\u00e9l\u00e9 sa pr\u00e9sence en Ukraine. Son porte-parole a confirm\u00e9 la visite aupr\u00e8s de l\u2019AFP, pr\u00e9cisant qu\u2019elle s\u2019\u00e9tait d\u00e9roul\u00e9e en toute discr\u00e9tion, sans couverture m\u00e9diatique imm\u00e9diate pour des raisons de s\u00e9curit\u00e9. Il a \u00e9galement rappel\u00e9 que cette initiative s\u2019inscrivait dans la mission de longue date du duc de Sussex en faveur des anciens combattants. Ancien capitaine de l\u2019arm\u00e9e britannique, Harry \u00e9tait accompagn\u00e9 de membres de la Fondation Invictus Games, cette comp\u00e9tition sportive internationale cr\u00e9\u00e9e en 2024 et d\u00e9di\u00e9e aux soldats et v\u00e9t\u00e9rans bless\u00e9s en service. Lors de sa visite, le prince a \u00e9galement rencontr\u00e9 Natalia Kalmykova, ministre ukrainienne des Affaires des v\u00e9t\u00e9rans.<\/p>\n<p><strong>Un soutien constant depuis 2022<\/strong><\/p>\n<p class=\"fig-paragraph\">D\u00e8s mars 2022, quelques jours apr\u00e8s le d\u00e9but de l\u2019agression russe, Harry et\u00a0<a href=\"https:\/\/madame.lefigaro.fr\/tag\/meghan-markle\" target=\"_blank\" rel=\"noopener\" data-gtm-custom-categorie=\"navigation\" data-gtm-custom-action=\"crossclick\" data-gtm-custom-label=\"Contextuel\" data-gtm-event=\"customEventSPE\">Meghan Markle<\/a>\u00a0avaient annonc\u00e9, via leur fondation Archewell,\u00a0<a href=\"https:\/\/www.vanityfair.com\/style\/2022\/03\/meghan-harry-donate-frontline-charities-in-ukraine?utm_source=chatgpt.com\" target=\"_blank\" rel=\"nofollow noopener\" data-gtm-custom-categorie=\"navigation\" data-gtm-custom-action=\"crossclick\" data-gtm-custom-label=\"Contextuel\" data-gtm-event=\"customEventSPE\">des dons \u00e0 plusieurs organisations<\/a>\u00a0venant en aide aux Ukrainiens, dont The HALO Trust, une ONG sp\u00e9cialis\u00e9e dans le d\u00e9minage humanitaire. Si le montant de leur contribution n\u2019a pas \u00e9t\u00e9 rendu public, le prince avait salu\u00e9 lors d\u2019un appel vid\u00e9o le travail des \u00e9quipes sur le terrain, les remerciant de \u00absauver des vies chaque jour\u00bb.<\/p>\n<p><strong>Un geste personnel, un message universel<\/strong><\/p>\n<p class=\"fig-paragraph\">Avec ce d\u00e9placement, le prince Harry devient le deuxi\u00e8me membre de la famille royale britannique \u00e0 s\u2019\u00eatre rendu en Ukraine depuis le d\u00e9but du conflit. En 2023, la duchesse d\u2019\u00c9dimbourg, Sophie de Wessex, avait rencontr\u00e9 le pr\u00e9sident Volodymyr Zelensky et son \u00e9pouse \u00e0 Kyiv, et visit\u00e9 la ville martyre de Boutcha. Plus r\u00e9cemment, en mars, le prince William s\u2019est entretenu avec des r\u00e9fugi\u00e9s ukrainiens lors d\u2019un d\u00e9placement en Estonie. Contrairement \u00e0 ces derniers, qui agissaient au nom de la Couronne, Harry a entrepris ce voyage \u00e0 titre personnel.<\/p>\n","protected":false},"excerpt":{"rendered":"Par Maelys Decourt Publi\u00e9 le 11 avril 2025 \u00e0 12h03, mis \u00e0 jour le 11 avril 2025 \u00e0&hellip;\n","protected":false},"author":2,"featured_media":18743,"comment_status":"","ping_status":"","sticky":false,"template":"","format":"standard","meta":{"footnotes":""},"categories":[8],"tags":[1291,47,11,58,6525,1067,59,1295,1294,6523,6527,6526,638,1011,27,6529,12,6524,4853,267,104,6528,220],"class_list":{"0":"post-18742","1":"post","2":"type-post","3":"status-publish","4":"format-standard","5":"has-post-thumbnail","7":"category-divertissement","8":"tag-actu-societe","9":"tag-actualite","10":"tag-actualites","11":"tag-divertissement","12":"tag-droit-des-femmes","13":"tag-enquete","14":"tag-entertainment","15":"tag-feminin","16":"tag-femme","17":"tag-femme-dans-la-societe","18":"tag-femme-de-politique","19":"tag-femme-politique","20":"tag-figaro","21":"tag-fr","22":"tag-france","23":"tag-info-societe","24":"tag-news","25":"tag-place-des-femmes-dans-la-societe","26":"tag-portraits","27":"tag-prince-harry","28":"tag-societe","29":"tag-temoigngage","30":"tag-ukraine"},"share_on_mastodon":{"url":"https:\/\/pubeurope.com\/@fr\/114322389370286387","error":""},"_links":{"self":[{"href":"https:\/\/www.europesays.com\/fr\/wp-json\/wp\/v2\/posts\/18742","targetHints":{"allow":["GET"]}}],"collection":[{"href":"https:\/\/www.europesays.com\/fr\/wp-json\/wp\/v2\/posts"}],"about":[{"href":"https:\/\/www.europesays.com\/fr\/wp-json\/wp\/v2\/types\/post"}],"author":[{"embeddable":true,"href":"https:\/\/www.europesays.com\/fr\/wp-json\/wp\/v2\/users\/2"}],"replies":[{"embeddable":true,"href":"https:\/\/www.europesays.com\/fr\/wp-json\/wp\/v2\/comments?post=18742"}],"version-history":[{"count":0,"href":"https:\/\/www.europesays.com\/fr\/wp-json\/wp\/v2\/posts\/18742\/revisions"}],"wp:featuredmedia":[{"embeddable":true,"href":"https:\/\/www.europesays.com\/fr\/wp-json\/wp\/v2\/media\/18743"}],"wp:attachment":[{"href":"https:\/\/www.europesays.com\/fr\/wp-json\/wp\/v2\/media?parent=18742"}],"wp:term":[{"taxonomy":"category","embeddable":true,"href":"https:\/\/www.europesays.com\/fr\/wp-json\/wp\/v2\/categories?post=18742"},{"taxonomy":"post_tag","embeddable":true,"href":"https:\/\/www.europesays.com\/fr\/wp-json\/wp\/v2\/tags?post=18742"}],"curies":[{"name":"wp","href":"https:\/\/api.w.org\/{rel}","templated":true}]}}