{"id":187425,"date":"2025-06-19T03:23:15","date_gmt":"2025-06-19T03:23:15","guid":{"rendered":"https:\/\/www.europesays.com\/fr\/187425\/"},"modified":"2025-06-19T03:23:15","modified_gmt":"2025-06-19T03:23:15","slug":"il-y-a-une-viande-a-eviter-pour-risque-de-cancer-ou-de-diabete","status":"publish","type":"post","link":"https:\/\/www.europesays.com\/fr\/187425\/","title":{"rendered":"Il y a une viande \u00e0 \u00e9viter pour risque de cancer ou de diab\u00e8te"},"content":{"rendered":"<p>La viande rouge (b\u0153uf, porc, agneau et veau) est connue pour apporter des prot\u00e9ines de qualit\u00e9, des vitamines et du fer facilement assimilable par l\u2019organisme.<\/p>\n<p>Or, la viande rouge est aussi reconnue comme canc\u00e9rog\u00e8ne probable pour l\u2019\u00eatre humain par le Centre international de recherche sur le cancer (CIRC). Quant \u00e0 la viande transform\u00e9e (charcuterie, saucisses, viandes s\u00e9ch\u00e9es\u2026), elle est class\u00e9e comme canc\u00e9rog\u00e8ne, c\u2019est \u00e0 dire qu\u2019il est prouv\u00e9 que vos risques de d\u00e9velopper un cancer sont plus \u00e9lev\u00e9s si vous en mangez.<\/p>\n<p>Des chercheurs de l\u2019Universit\u00e9 de Cambridge au Royaume-Uni ont voulu \u00e9valuer les liens entre consommation de viande rouge et de viande transform\u00e9e avec le d\u00e9veloppement du diab\u00e8te de type 2. Leur travail a \u00e9t\u00e9 publi\u00e9 dans la revue The Lancet.<\/p>\n<p>La viande transform\u00e9e augmente plus les risques de diab\u00e8te de type 2<\/p>\n<p>Les chercheurs se sont bas\u00e9s sur des \u00e9tudes r\u00e9alis\u00e9es sur 31 groupes de personnes de toutes les r\u00e9gions du monde. Aucun des plus de 1,9 million d\u2019adultes participants n\u2019avait \u00e9t\u00e9 diagnostiqu\u00e9 d\u2019un diab\u00e8te 1 ou 2 au d\u00e9but de la recherche. Chaque jour, les volontaires devaient renseigner leur consommation de viande. Les scientifiques avaient \u00e9galement acc\u00e8s \u00e0 d\u2019autres informations sur les participants : \u00e2ge, sexe, activit\u00e9 physique, consommation d\u2019alcool, de tabac, IMC, \u2026<\/p>\n<p>Dix ans apr\u00e8s le d\u00e9but de l\u2019\u00e9tude, 107 271 personnes souffraient d\u2019un diab\u00e8te de type 2. Les chercheurs ont trouv\u00e9 (&#8230;)<\/p>\n<p><a href=\"https:\/\/www.topsante.com\/nutrition_et_recettes\/il-y-a-une-viande-a-eviter-pour-risque-de-cancer-ou-de-diabete-901608?utm_campaign=partenariat&amp;utm_source=yahoo-articles&amp;utm_medium=flux\" rel=\"nofollow noopener\" target=\"_blank\" data-ylk=\"slk:Lire la suite sur Top Sant\u00e9;elm:context_link;itc:0;sec:content-canvas\" class=\"link \">Lire la suite sur Top Sant\u00e9<\/a><\/p>\n<p><a href=\"https:\/\/www.topsante.com\/senior\/voici-comment-reduire-son-age-biologique-de-16-ans-en-marchant-918273?utm_campaign=partenariat&amp;utm_source=yahoo-articles&amp;utm_medium=flux\" rel=\"nofollow noopener\" target=\"_blank\" data-ylk=\"slk:Voici comment r\u00e9duire son \u00e2ge biologique de 16 ans en marchant;elm:context_link;itc:0;sec:content-canvas\" class=\"link \">Voici comment r\u00e9duire son \u00e2ge biologique de 16 ans en marchant<\/a><br \/><a href=\"https:\/\/www.topsante.com\/medecine\/maladies_chroniques\/diabete\/6-diabetiques-sur-10-souffrent-dune-maladie-silencieuse-qui-peut-tuer-918228?utm_campaign=partenariat&amp;utm_source=yahoo-articles&amp;utm_medium=flux\" rel=\"nofollow noopener\" target=\"_blank\" data-ylk=\"slk:6 diab\u00e9tiques sur 10 souffrent d\u2019une maladie silencieuse qui peut tuer;elm:context_link;itc:0;sec:content-canvas\" class=\"link \">6 diab\u00e9tiques sur 10 souffrent d\u2019une maladie silencieuse qui peut tuer<\/a><br \/><a href=\"https:\/\/www.topsante.com\/medecine\/environnement_et_sante\/il-y-a-3-the-a-eviter-dans-les-supermarches-selon-60-millions-de-consommateurs-car-depourvu-de-pesticides-870063?utm_campaign=partenariat&amp;utm_source=yahoo-articles&amp;utm_medium=flux\" rel=\"nofollow noopener\" target=\"_blank\" data-ylk=\"slk:Il y a 3 th\u00e9s \u00e0 \u00e9viter dans les supermarch\u00e9s selon 60 Millions de consommateurs;elm:context_link;itc:0;sec:content-canvas\" class=\"link \">Il y a 3 th\u00e9s \u00e0 \u00e9viter dans les supermarch\u00e9s selon 60 Millions de consommateurs<\/a><br \/><a href=\"https:\/\/www.topsante.com\/medecine\/environnement_et_sante\/canicule\/une-etude-revele-la-meilleure-eau-en-bouteille-en-cas-de-fortes-chaleurs-918227?utm_campaign=partenariat&amp;utm_source=yahoo-articles&amp;utm_medium=flux\" rel=\"nofollow noopener\" target=\"_blank\" data-ylk=\"slk:Une \u00e9tude r\u00e9v\u00e8le la meilleure eau en bouteille en cas de fortes chaleurs;elm:context_link;itc:0;sec:content-canvas\" class=\"link \">Une \u00e9tude r\u00e9v\u00e8le la meilleure eau en bouteille en cas de fortes chaleurs<\/a><br \/><a href=\"https:\/\/www.topsante.com\/medecine\/votre_sante_vous\/medecine_du_futur\/ce-neuroscientifique-a-le-secret-pour-lutter-contre-linflammation-918235?utm_campaign=partenariat&amp;utm_source=yahoo-articles&amp;utm_medium=flux\" rel=\"nofollow noopener\" target=\"_blank\" data-ylk=\"slk:Ce neuroscientifique a le secret pour lutter contre l\u2019inflammation;elm:context_link;itc:0;sec:content-canvas\" class=\"link \">Ce neuroscientifique a le secret pour lutter contre l\u2019inflammation<\/a><\/p>\n","protected":false},"excerpt":{"rendered":"La viande rouge (b\u0153uf, porc, agneau et veau) est connue pour apporter des prot\u00e9ines de qualit\u00e9, des vitamines&hellip;\n","protected":false},"author":2,"featured_media":187426,"comment_status":"","ping_status":"","sticky":false,"template":"","format":"standard","meta":{"footnotes":""},"categories":[10],"tags":[19070,3359,1011,27,72,32512,71,32511,32510],"class_list":{"0":"post-187425","1":"post","2":"type-post","3":"status-publish","4":"format-standard","5":"has-post-thumbnail","7":"category-sante","8":"tag-centre-international-de-recherche-sur-le-cancer","9":"tag-diabete-de-type-2","10":"tag-fr","11":"tag-france","12":"tag-health","13":"tag-luniversite-de-cambridge","14":"tag-sante","15":"tag-viande-rouge","16":"tag-viandes"},"share_on_mastodon":{"url":"https:\/\/pubeurope.com\/@fr\/114707890958978542","error":""},"_links":{"self":[{"href":"https:\/\/www.europesays.com\/fr\/wp-json\/wp\/v2\/posts\/187425","targetHints":{"allow":["GET"]}}],"collection":[{"href":"https:\/\/www.europesays.com\/fr\/wp-json\/wp\/v2\/posts"}],"about":[{"href":"https:\/\/www.europesays.com\/fr\/wp-json\/wp\/v2\/types\/post"}],"author":[{"embeddable":true,"href":"https:\/\/www.europesays.com\/fr\/wp-json\/wp\/v2\/users\/2"}],"replies":[{"embeddable":true,"href":"https:\/\/www.europesays.com\/fr\/wp-json\/wp\/v2\/comments?post=187425"}],"version-history":[{"count":0,"href":"https:\/\/www.europesays.com\/fr\/wp-json\/wp\/v2\/posts\/187425\/revisions"}],"wp:featuredmedia":[{"embeddable":true,"href":"https:\/\/www.europesays.com\/fr\/wp-json\/wp\/v2\/media\/187426"}],"wp:attachment":[{"href":"https:\/\/www.europesays.com\/fr\/wp-json\/wp\/v2\/media?parent=187425"}],"wp:term":[{"taxonomy":"category","embeddable":true,"href":"https:\/\/www.europesays.com\/fr\/wp-json\/wp\/v2\/categories?post=187425"},{"taxonomy":"post_tag","embeddable":true,"href":"https:\/\/www.europesays.com\/fr\/wp-json\/wp\/v2\/tags?post=187425"}],"curies":[{"name":"wp","href":"https:\/\/api.w.org\/{rel}","templated":true}]}}