{"id":187427,"date":"2025-06-19T03:24:09","date_gmt":"2025-06-19T03:24:09","guid":{"rendered":"https:\/\/www.europesays.com\/fr\/187427\/"},"modified":"2025-06-19T03:24:09","modified_gmt":"2025-06-19T03:24:09","slug":"les-lakers-vont-etre-vendus-pour-10-milliards-de-dollars-un-montant-historique","status":"publish","type":"post","link":"https:\/\/www.europesays.com\/fr\/187427\/","title":{"rendered":"Les Lakers vont \u00eatre vendus pour 10\u00a0milliards de dollars, un montant historique"},"content":{"rendered":"<p>Jamais une franchise sportive am\u00e9ricaine n\u2019avait atteint une telle valorisation\u00a0: les <a href=\"https:\/\/www.20minutes.fr\/sport\/lakers\/\" target=\"_blank\" class=\"color-ultramarine c-link\" rel=\"noopener\">Los Angeles Lakers<\/a> s\u2019appr\u00eatent \u00e0 \u00eatre vendus pour la somme vertigineuse de 10\u00a0milliards de dollars (8,7\u00a0milliards d\u2019euros), rapporte <a href=\"https:\/\/www.espn.com\/nba\/story\/_\/id\/45539931\/buss-family-agrees-sell-lakers-mark-walter-sources-say\" rel=\"nofollow noopener\" target=\"_blank\" class=\"color-ultramarine c-link\">ESPN<\/a>. Ce rachat spectaculaire place l\u2019\u00e9quipe <a href=\"https:\/\/www.20minutes.fr\/dossier\/californie\" target=\"_blank\" class=\"color-ultramarine c-link\" rel=\"noopener\">californienne<\/a> de <a href=\"https:\/\/www.20minutes.fr\/sport\/nba\/\" target=\"_blank\" class=\"color-ultramarine c-link\" rel=\"noopener\">NBA<\/a> en t\u00eate du classement des franchises les plus ch\u00e8res de l\u2019histoire du sport. La famille Buss, propri\u00e9taire embl\u00e9matique de la franchise depuis\u00a01979, va c\u00e9der sa participation majoritaire au milliardaire Mark Walter.<\/p>\n<p>Mark Walter est le patron de la holding TWG Global, d\u00e9j\u00e0 propri\u00e9taire des Los Angeles <a href=\"https:\/\/www.20minutes.fr\/dossier\/baseball\" target=\"_blank\" class=\"color-ultramarine c-link\" rel=\"noopener\">Dodgers (MLB)<\/a>, des Sparks (WNBA), de la Billie Jean King Cup (tennis), et bient\u00f4t d\u2019une \u00e9curie Cadillac en <a href=\"https:\/\/www.20minutes.fr\/sport\/f1\/\" target=\"_blank\" class=\"color-ultramarine c-link\" rel=\"noopener\">Formule 1<\/a>. Le rachat, une fois officialis\u00e9, mettra un terme \u00e0 pr\u00e8s d\u2019un demi-si\u00e8cle de r\u00e8gne familial sur l\u2019\u00e9quipe la plus iconique de la NBA. Toutefois, La famille Buss conservera une participation minoritaire l\u00e9g\u00e8rement sup\u00e9rieure \u00e0 15 %, pendant une certaine p\u00e9riode.<\/p>\n<p>Onze titres sous la famille Buss<\/p>\n<p>Jeanie Buss conservera son r\u00f4le de pr\u00e9sidente, mais ce changement de cap met fin \u00e0 l\u2019h\u00e9ritage de son p\u00e8re, Jerry Buss, qui avait acquis les Lakers en\u00a01979 et r\u00e9volutionn\u00e9 la mani\u00e8re de vendre le basket-ball au public am\u00e9ricain. Spectacle permanent, paillettes, c\u00e9l\u00e9brit\u00e9s en courtside et palmar\u00e8s \u00e9clatant\u00a0: les Lakers version Buss ont fait du \u00ab\u00a0showtime\u00a0\u00bb un style de vie et une marque mondiale.<\/p>\n<\/p>\n<p>L\u2019\u00e9quipe a d\u00e9croch\u00e9 11 titres sous leur gouvernance. Les ann\u00e9es\u00a01980 ont vu briller Magic Johnson, Kareem Abdul-Jabbar et James Worthy sous la direction de Pat Riley. L\u2019\u00e2ge d\u2019or a ensuite \u00e9t\u00e9 raviv\u00e9 par le duo <a href=\"https:\/\/www.20minutes.fr\/sport\/kobe_bryant\/\" target=\"_blank\" class=\"color-ultramarine c-link\" rel=\"noopener\">Kobe Bryant<\/a> \u2013<a href=\"https:\/\/www.20minutes.fr\/dossier\/shaquille_o_neal\" target=\"_blank\" class=\"color-ultramarine c-link\" rel=\"noopener\"> Shaquille O\u2019Neal<\/a> dans les ann\u00e9es\u00a02000, suivi des sacres de\u00a02009 et\u00a02010, et plus r\u00e9cemment en\u00a02020 gr\u00e2ce \u00e0 <a href=\"https:\/\/www.20minutes.fr\/sport\/lebron_james\/\" target=\"_blank\" class=\"color-ultramarine c-link\" rel=\"noopener\">LeBron James<\/a>, en pleine pand\u00e9mie.<\/p>\n<p>Toujours une vitrine de la NBA<\/p>\n<p>Aujourd\u2019hui, la franchise reste une vitrine mondiale de la NBA. LeBron James, devenu le meilleur marqueur de l\u2019histoire de la ligue, forme d\u00e9sormais un duo explosif avec Luka Doncic, arriv\u00e9 \u00e0 l\u2019hiver dernier. Si les Lakers courent toujours apr\u00e8s une 18e couronne pour \u00e9galer les <a href=\"https:\/\/www.20minutes.fr\/sport\/boston_celtics\/\" target=\"_blank\" class=\"color-ultramarine c-link\" rel=\"noopener\">Celtics de Boston<\/a>, ils battent d\u00e9sormais tous les records\u2026 financiers.<\/p>\n<p><a href=\"https:\/\/www.20minutes.fr\/sport\/lakers\/\" target=\"_blank\" class=\"c-link c-btn c-btn--primary\" rel=\"noopener\">Notre dossier sur les Lakers<\/a><\/p>\n<p>En effet, la vente de la franchise d\u00e9passe ainsi les 6,1\u00a0milliards de dollars (5,3\u00a0milliards d\u2019euros) d\u00e9bours\u00e9s en d\u00e9but d\u2019ann\u00e9e pour l\u2019acquisition des Boston Celtics. Ce montant in\u00e9dit confirme ainsi l\u2019attractivit\u00e9 commerciale et symbolique des Lakers, dont l\u2019influence d\u00e9passe le cadre du sport.<\/p>\n","protected":false},"excerpt":{"rendered":"Jamais une franchise sportive am\u00e9ricaine n\u2019avait atteint une telle valorisation\u00a0: les Los Angeles Lakers s\u2019appr\u00eatent \u00e0 \u00eatre vendus&hellip;\n","protected":false},"author":2,"featured_media":187428,"comment_status":"","ping_status":"","sticky":false,"template":"","format":"standard","meta":{"footnotes":""},"categories":[9],"tags":[1464,73,1011,27,11399,8641,6116,2182,3241,517,60,4100],"class_list":{"0":"post-187427","1":"post","2":"type-post","3":"status-publish","4":"format-standard","5":"has-post-thumbnail","7":"category-sports","8":"tag-basketball","9":"tag-etats-unis","10":"tag-fr","11":"tag-france","12":"tag-lakers","13":"tag-lebron-james","14":"tag-los-angeles","15":"tag-nba","16":"tag-record","17":"tag-sport","18":"tag-sports","19":"tag-vente"},"share_on_mastodon":{"url":"https:\/\/pubeurope.com\/@fr\/114707894508211558","error":""},"_links":{"self":[{"href":"https:\/\/www.europesays.com\/fr\/wp-json\/wp\/v2\/posts\/187427","targetHints":{"allow":["GET"]}}],"collection":[{"href":"https:\/\/www.europesays.com\/fr\/wp-json\/wp\/v2\/posts"}],"about":[{"href":"https:\/\/www.europesays.com\/fr\/wp-json\/wp\/v2\/types\/post"}],"author":[{"embeddable":true,"href":"https:\/\/www.europesays.com\/fr\/wp-json\/wp\/v2\/users\/2"}],"replies":[{"embeddable":true,"href":"https:\/\/www.europesays.com\/fr\/wp-json\/wp\/v2\/comments?post=187427"}],"version-history":[{"count":0,"href":"https:\/\/www.europesays.com\/fr\/wp-json\/wp\/v2\/posts\/187427\/revisions"}],"wp:featuredmedia":[{"embeddable":true,"href":"https:\/\/www.europesays.com\/fr\/wp-json\/wp\/v2\/media\/187428"}],"wp:attachment":[{"href":"https:\/\/www.europesays.com\/fr\/wp-json\/wp\/v2\/media?parent=187427"}],"wp:term":[{"taxonomy":"category","embeddable":true,"href":"https:\/\/www.europesays.com\/fr\/wp-json\/wp\/v2\/categories?post=187427"},{"taxonomy":"post_tag","embeddable":true,"href":"https:\/\/www.europesays.com\/fr\/wp-json\/wp\/v2\/tags?post=187427"}],"curies":[{"name":"wp","href":"https:\/\/api.w.org\/{rel}","templated":true}]}}