{"id":187433,"date":"2025-06-19T03:27:09","date_gmt":"2025-06-19T03:27:09","guid":{"rendered":"https:\/\/www.europesays.com\/fr\/187433\/"},"modified":"2025-06-19T03:27:09","modified_gmt":"2025-06-19T03:27:09","slug":"lagence-americaine-du-medicament-approuve-un-traitement-preventif-prometteur-contre-le-vih","status":"publish","type":"post","link":"https:\/\/www.europesays.com\/fr\/187433\/","title":{"rendered":"l\u2019Agence am\u00e9ricaine du m\u00e9dicament approuve un traitement pr\u00e9ventif prometteur contre le VIH"},"content":{"rendered":"<p>Selon la cheffe de l\u2019Onusida, un d\u00e9ploiement ambitieux de cet \u00aboutil miracle\u00bb mis au point par le laboratoire pharmaceutique Gilead pourrait mettre fin \u00e0 l\u2019\u00e9pid\u00e9mie de VIH.<\/p>\n<p class=\"fig-paragraph\">Les \u00c9tats-Unis ont approuv\u00e9 un nouveau traitement, tr\u00e8s attendu, pour la pr\u00e9vention contre\u00a0<a href=\"https:\/\/sante.lefigaro.fr\/sante\/maladie\/sida-infection-vih\/quest-ce-que-sida\" target=\"_blank\" data-fig-type=\"Keyword\" rel=\"noopener\" data-gtm-custom-categorie=\"navigation\" data-gtm-custom-action=\"crossclick\" data-gtm-custom-label=\"Contextuel\" data-gtm-event=\"customEventSPE\" data-fig-domain=\"SANTE\">le VIH<\/a>, a annonc\u00e9 mercredi le laboratoire pharmaceutique Gilead qui le d\u00e9veloppe. Nomm\u00e9 Yeztugo, ce traitement qui consiste en deux injections annuelles, pourrait r\u00e9volutionner la lutte contre le VIH et le sida, en facilitant consid\u00e9rablement les prises en charge pr\u00e9ventives.<\/p>\n<p class=\"fig-paragraph\">Les m\u00e9dicaments destin\u00e9s \u00e0 pr\u00e9venir la transmission du VIH, connus sous le nom de \u00abprophylaxie pr\u00e9-exposition\u00bb, ou \u00abPrEP\u00bb, existent depuis plus d&rsquo;une d\u00e9cennie. Mais ils n\u00e9cessitent g\u00e9n\u00e9ralement la prise d&rsquo;une pilule quotidienne. En 2021, l&rsquo;Agence am\u00e9ricaine du m\u00e9dicament avait approuv\u00e9 un premier m\u00e9dicament injectable \u00e0 cet effet, l&rsquo;Apretude du laboratoire ViiV Healthcare.<\/p>\n<p class=\"fig-paragraph\">Selon Gilead, le nouveau traitement sera d\u00e9sormais disponible pour les \u00abadultes et les adolescents pesant au moins 35 kg\u00bb et \u00abayant besoin de la PrEP ou souhaitant en b\u00e9n\u00e9ficier\u00bb. \u00abC&rsquo;est un jour historique dans la lutte contre le VIH\u00bb, a salu\u00e9 Daniel O&rsquo;Day, patron de la biotech am\u00e9ricaine dans un communiqu\u00e9 annon\u00e7ant cette autorisation.<\/p>\n<p>\u00abUne nouvelle r\u00e9volution\u00bb<\/p>\n<p class=\"fig-paragraph\">Le laboratoire Gilead propose d\u00e9j\u00e0 depuis 2022 un traitement anti-r\u00e9troviral, le Sunlenca, d\u00e9velopp\u00e9 \u00e0 partir de la m\u00eame mol\u00e9cule, le lenacapavir. Cette derni\u00e8re promet une efficacit\u00e9 sans pr\u00e9c\u00e9dent et pourrait changer la donne contre le sida, selon les experts. Toutefois, ces espoirs pourraient \u00eatre douch\u00e9s par des prix astronomiques. Bien que l&rsquo;entreprise ne l&rsquo;ait pas divulgu\u00e9, les analystes estiment que le prix de lancement aux \u00c9tats-Unis pourrait s&rsquo;\u00e9lever \u00e0 25.000 dollars par an.<\/p>\n<p class=\"fig-paragraph\">De nombreuses voix se sont \u00e9lev\u00e9es pour enjoindre le laboratoire \u00e0 rendre ces\u00a0<a href=\"http:\/\/sante.lefigaro.fr\/vih-les-infections-au-plus-bas-en-2023-selon-l-onusida-20241126\" data-fig-type=\"Article\" data-gtm-custom-categorie=\"navigation\" data-gtm-custom-action=\"crossclick\" data-gtm-custom-label=\"Contextuel\" data-gtm-event=\"customEventSPE\" data-fig-domain=\"SANTE\" target=\"_blank\" rel=\"noopener\">traitements accessibles<\/a>\u00a0dans les pays pauvres, notamment en autorisant leur fabrication g\u00e9n\u00e9rique. En mars, la cheffe de l&rsquo;Onusida, Winnie Byanyima, avait d\u00e9clar\u00e9 que le monde \u00e9tait \u00ab\u00e0 l&rsquo;aube d&rsquo;une nouvelle r\u00e9volution dans le traitement pr\u00e9ventif\u00bb et pourrait \u00abvoir la fin du sida\u00bb dans le cas d&rsquo;un d\u00e9ploiement ambitieux de ce traitement, qu&rsquo;elle a qualifi\u00e9 d&rsquo;\u00aboutil miracle\u00bb.<\/p>\n","protected":false},"excerpt":{"rendered":"Selon la cheffe de l\u2019Onusida, un d\u00e9ploiement ambitieux de cet \u00aboutil miracle\u00bb mis au point par le laboratoire&hellip;\n","protected":false},"author":2,"featured_media":187434,"comment_status":"","ping_status":"","sticky":false,"template":"","format":"standard","meta":{"footnotes":""},"categories":[6],"tags":[237,35,101,232,231,234,228,33,34,1011,27,239,230,238,226,224,225,233,229,236,235,71,227],"class_list":{"0":"post-187433","1":"post","2":"type-post","3":"status-publish","4":"format-standard","5":"has-post-thumbnail","7":"category-economie","8":"tag-actualite-sur-les-maladies","9":"tag-business","10":"tag-cancer","11":"tag-cardiologie","12":"tag-cerveau","13":"tag-diabete","14":"tag-diagnostic","15":"tag-economie","16":"tag-economy","17":"tag-fr","18":"tag-france","19":"tag-info-sur-les-maladies","20":"tag-infographie","21":"tag-information-sur-les-maladies","22":"tag-maladie","23":"tag-medecine","24":"tag-medicament","25":"tag-obesite","26":"tag-pathologie","27":"tag-pediatrie","28":"tag-psychiatrie","29":"tag-sante","30":"tag-traitement"},"share_on_mastodon":{"url":"https:\/\/pubeurope.com\/@fr\/114707906126806219","error":""},"_links":{"self":[{"href":"https:\/\/www.europesays.com\/fr\/wp-json\/wp\/v2\/posts\/187433","targetHints":{"allow":["GET"]}}],"collection":[{"href":"https:\/\/www.europesays.com\/fr\/wp-json\/wp\/v2\/posts"}],"about":[{"href":"https:\/\/www.europesays.com\/fr\/wp-json\/wp\/v2\/types\/post"}],"author":[{"embeddable":true,"href":"https:\/\/www.europesays.com\/fr\/wp-json\/wp\/v2\/users\/2"}],"replies":[{"embeddable":true,"href":"https:\/\/www.europesays.com\/fr\/wp-json\/wp\/v2\/comments?post=187433"}],"version-history":[{"count":0,"href":"https:\/\/www.europesays.com\/fr\/wp-json\/wp\/v2\/posts\/187433\/revisions"}],"wp:featuredmedia":[{"embeddable":true,"href":"https:\/\/www.europesays.com\/fr\/wp-json\/wp\/v2\/media\/187434"}],"wp:attachment":[{"href":"https:\/\/www.europesays.com\/fr\/wp-json\/wp\/v2\/media?parent=187433"}],"wp:term":[{"taxonomy":"category","embeddable":true,"href":"https:\/\/www.europesays.com\/fr\/wp-json\/wp\/v2\/categories?post=187433"},{"taxonomy":"post_tag","embeddable":true,"href":"https:\/\/www.europesays.com\/fr\/wp-json\/wp\/v2\/tags?post=187433"}],"curies":[{"name":"wp","href":"https:\/\/api.w.org\/{rel}","templated":true}]}}