{"id":187437,"date":"2025-06-19T03:29:16","date_gmt":"2025-06-19T03:29:16","guid":{"rendered":"https:\/\/www.europesays.com\/fr\/187437\/"},"modified":"2025-06-19T03:29:16","modified_gmt":"2025-06-19T03:29:16","slug":"une-enquete-ouverte-pour-homicide-involontaire","status":"publish","type":"post","link":"https:\/\/www.europesays.com\/fr\/187437\/","title":{"rendered":"une enqu\u00eate ouverte pour homicide involontaire"},"content":{"rendered":"<p>            Par<br \/>\n        <strong><br \/>\n            <a href=\"https:\/\/actu.fr\/auteur\/redaction-pressemanche\" title=\"Consulter tous les articles de R\u00e9daction La Presse de la Manche\" rel=\"nofollow noopener\" target=\"_blank\">R\u00e9daction La Presse de la Manche<\/a><br \/>\n        <\/strong><\/p>\n<p>        Publi\u00e9 le<\/p>\n<p>            18 juin 2025 \u00e0 18h30<br \/>\n        ; mis \u00e0 jour le 18 juin 2025 \u00e0 18h31    <\/p>\n<p data-end=\"398\"><a href=\"https:\/\/actu.fr\/faits-divers\/un-lyceen-entre-la-vie-et-la-mort-suite-a-un-accident-sur-son-lieu-de-stage-dans-la-manche_62790909.html\" rel=\"nofollow noopener\" target=\"_blank\">Un \u00e9l\u00e8ve de seconde, scolaris\u00e9 au lyc\u00e9e Curie-Corot de Saint-L\u00f4 (Manche), est d\u00e9c\u00e9d\u00e9 ce mercredi 18 juin 2025<\/a>, apr\u00e8s un grave accident survenu la veille dans une enseigne <b>d\u2019am\u00e9nagement et de d\u00e9coration discount<\/b>, situ\u00e9e en sortie de ville.<\/p>\n<p data-end=\"784\" class=\" wall-content\">Le magasin, rest\u00e9 ferm\u00e9 ce mercredi, affichait une simple mention : \u00ab\u00a0\u2009Fermeture exceptionnelle\u2009\u00a0\u00bb. La veille, mardi 17 juin, de nombreux t\u00e9moins avaient remarqu\u00e9 une intervention de grande ampleur des secours. Plusieurs v\u00e9hicules de pompiers, de police, ainsi que<b> l\u2019h\u00e9licopt\u00e8re Dragon 50<\/b> de la S\u00e9curit\u00e9 civile s\u2019\u00e9taient mobilis\u00e9s sur place.<\/p>\n<p>Le drame survenu lors d\u2019une op\u00e9ration de manutention<\/p>\n<p data-end=\"1119\" class=\" wall-content\">Le jeune gar\u00e7on effectuait un stage d\u2019observation \u00e0 <a href=\"https:\/\/actu.fr\/normandie\/saint-lo_50502\" rel=\"nofollow noopener\" target=\"_blank\">Saint-L\u00f4<\/a>, comme le font de nombreux lyc\u00e9ens de seconde \u00e0 cette p\u00e9riode de l\u2019ann\u00e9e. Selon les premi\u00e8res constatations, il aurait \u00e9t\u00e9 victime d\u2019un accident lors d\u2019une op\u00e9ration de manutention de palettes \u00e0 l\u2019aide d\u2019un chariot \u00e9l\u00e9vateur.<\/p>\n<p data-end=\"1605\" class=\" wall-content\"><b>Gauthier Poupeau, procureur de la R\u00e9publique <\/b>de Coutances, confirme l\u2019ouverture d\u2019une enqu\u00eate pour homicide involontaire. \u00a0\u00bb Il appara\u00eet que lors de la manutention de palettes de marchandise \u00e0 l\u2019aide d\u2019un chariot \u00e9l\u00e9vateur, la marchandise a bascul\u00e9 sur la jeune victime situ\u00e9e non loin de l\u00e0. Les investigations permettront de pr\u00e9ciser les <b>circonstances<\/b> de l\u2019accident et de v\u00e9rifier le respect de la l\u00e9gislation, notamment sur la s\u00e9curit\u00e9 des travailleurs et l\u2019usage des \u00e9quipements et v\u00e9hicules. \u00ab\u00a0<\/p>\n<p data-end=\"1605\" class=\" wall-content\">Aux c\u00f4t\u00e9s de la police judiciaire, l\u2019inspection du travail est \u00e9galement mobilis\u00e9e, selon nos informations, pour faire toute la lumi\u00e8re sur les circonstances pr\u00e9cises du drame. L\u2019objectif : d\u00e9terminer si les conditions de s\u00e9curit\u00e9 r\u00e9glementaires \u00e9taient bien r\u00e9unies pour l\u2019accueil d\u2019un mineur en stage, notamment autour de l\u2019utilisation d\u2019un chariot \u00e9l\u00e9vateur, strictement encadr\u00e9e par le code du travail.<\/p>\n<p>Une cellule psychologique au lyc\u00e9e Curie-Corot<\/p>\n<p data-end=\"1932\" class=\" wall-content\">Le rectorat de Normandie, dans un communiqu\u00e9 diffus\u00e9 ce mercredi, a fait part de sa profonde \u00e9motion et annonc\u00e9 la mise en place d\u2019une cellule d\u2019\u00e9coute psychologique au sein du lyc\u00e9e Curie-Corot. Elle est accessible aux \u00e9l\u00e8ves et personnels, \u00a0\u00bb aussi longtemps que n\u00e9cessaire \u00ab\u00a0.<\/p>\n<p data-end=\"2157\" class=\" wall-content\">\u00a0\u00bb La rectrice Val\u00e9rie Cabuil adresse toutes ses pens\u00e9es et son soutien \u00e0 la famille, aux proches, aux camarades et \u00e0 l\u2019ensemble de la communaut\u00e9 \u00e9ducative douloureusement touch\u00e9e par cette trag\u00e9die \u00ab\u00a0, indique le communiqu\u00e9.<\/p>\n<p data-end=\"2945\" data-is-only-node=\"\" class=\" wall-content\">Le lyc\u00e9e Curie-Corot de Saint-L\u00f4 avait d\u00e9j\u00e0 \u00e9t\u00e9 endeuill\u00e9 par <a href=\"https:\/\/actu.fr\/faits-divers\/meurtre-du-saint-lois-kylian-binard-des-tensions-avant-et-apres-le-meurtre_61730195.html\" rel=\"nofollow noopener\" target=\"_blank\">la mort d\u2019un \u00e9l\u00e8ve, Kylian (17 ans)<\/a>, le 29 septembre 2024 \u00e0 la sortie d\u2019une bo\u00eete de nuit \u00e0 Subles, pr\u00e8s de Bayeux.<\/p>\n<p class=\" wall-content\">Suivez toute l\u2019actualit\u00e9 de vos villes et m\u00e9dias favoris en vous inscrivant \u00e0 <a href=\"https:\/\/moncompte.actu.fr\" title=\"D\u00e9couvez Mon Actu\" rel=\"nofollow noopener\" data-trk=\"{&quot;cta&quot;:{&quot;action&quot;:&quot;https:\\\/\\\/moncompte.actu.fr&quot;,&quot;category&quot;:&quot;mon compte&quot;,&quot;from&quot;:&quot;article footer&quot;,&quot;name&quot;:&quot;Mon actu&quot;,&quot;type&quot;:&quot;cta&quot;}}\" target=\"_blank\">Mon Actu<\/a>.<\/p>\n","protected":false},"excerpt":{"rendered":"Par R\u00e9daction La Presse de la Manche Publi\u00e9 le 18 juin 2025 \u00e0 18h30 ; mis \u00e0 jour&hellip;\n","protected":false},"author":2,"featured_media":187438,"comment_status":"","ping_status":"","sticky":false,"template":"","format":"standard","meta":{"footnotes":""},"categories":[4],"tags":[119,11,118,1011,27,12,25],"class_list":{"0":"post-187437","1":"post","2":"type-post","3":"status-publish","4":"format-standard","5":"has-post-thumbnail","7":"category-france","8":"tag-accident","9":"tag-actualites","10":"tag-faits-divers","11":"tag-fr","12":"tag-france","13":"tag-news","14":"tag-republique-francaise"},"share_on_mastodon":{"url":"https:\/\/pubeurope.com\/@fr\/114707913986588410","error":""},"_links":{"self":[{"href":"https:\/\/www.europesays.com\/fr\/wp-json\/wp\/v2\/posts\/187437","targetHints":{"allow":["GET"]}}],"collection":[{"href":"https:\/\/www.europesays.com\/fr\/wp-json\/wp\/v2\/posts"}],"about":[{"href":"https:\/\/www.europesays.com\/fr\/wp-json\/wp\/v2\/types\/post"}],"author":[{"embeddable":true,"href":"https:\/\/www.europesays.com\/fr\/wp-json\/wp\/v2\/users\/2"}],"replies":[{"embeddable":true,"href":"https:\/\/www.europesays.com\/fr\/wp-json\/wp\/v2\/comments?post=187437"}],"version-history":[{"count":0,"href":"https:\/\/www.europesays.com\/fr\/wp-json\/wp\/v2\/posts\/187437\/revisions"}],"wp:featuredmedia":[{"embeddable":true,"href":"https:\/\/www.europesays.com\/fr\/wp-json\/wp\/v2\/media\/187438"}],"wp:attachment":[{"href":"https:\/\/www.europesays.com\/fr\/wp-json\/wp\/v2\/media?parent=187437"}],"wp:term":[{"taxonomy":"category","embeddable":true,"href":"https:\/\/www.europesays.com\/fr\/wp-json\/wp\/v2\/categories?post=187437"},{"taxonomy":"post_tag","embeddable":true,"href":"https:\/\/www.europesays.com\/fr\/wp-json\/wp\/v2\/tags?post=187437"}],"curies":[{"name":"wp","href":"https:\/\/api.w.org\/{rel}","templated":true}]}}