{"id":187441,"date":"2025-06-19T03:31:11","date_gmt":"2025-06-19T03:31:11","guid":{"rendered":"https:\/\/www.europesays.com\/fr\/187441\/"},"modified":"2025-06-19T03:31:11","modified_gmt":"2025-06-19T03:31:11","slug":"appelee-pour-un-homme-violent-avec-son-ex-la-police-retrouve-aussi-des-objets-voles","status":"publish","type":"post","link":"https:\/\/www.europesays.com\/fr\/187441\/","title":{"rendered":"Appel\u00e9e pour un homme violent avec son ex, la police retrouve (aussi) des objets vol\u00e9s"},"content":{"rendered":"\n<p>Appel\u00e9e pour un homme violent avec son ex-compagne, la police retrouve aussi des objets vol\u00e9s. Les faits remontent \u00e0 dimanche 15 juin dernier. Les fonctionnaires partent pour des faits de violences conjugales et doivent interpeller un individu de 26 ans \u00e0 son domicile, situ\u00e9 dans le quartier de la Riviere, \u00e0 Saint-Etienne.<\/p>\n<p>Arriv\u00e9s dans le hall de l&rsquo;immeuble en question, ils tombent sur un jeune homme au comportement \u00e9trange et un sac de sport. Ils d\u00e9cident de contr\u00f4ler ce dernier. \u00c0 l&rsquo;int\u00e9rieur du sac, les fonctionnaires retrouvent des bijoux, des sacs \u00e0 mains et du parfum. Des produits vol\u00e9s lors d&rsquo;un cambriolage commis 4 jours plus t\u00f4t dans le secteur de Villeboeuf-le-Haut.<\/p>\n<p>Au final, l&rsquo;individu de 26 ans sera convoqu\u00e9 prochainement pour r\u00e9pondre de violence conjugale. L&rsquo;autre homme, \u00e2g\u00e9 de 20 ans, devra s&rsquo;expliquer au sujet du recel de vol. Les objets en question ont, eux, \u00e9t\u00e9 restitu\u00e9s aux victimes.<\/p>\n","protected":false},"excerpt":{"rendered":"Appel\u00e9e pour un homme violent avec son ex-compagne, la police retrouve aussi des objets vol\u00e9s. Les faits remontent&hellip;\n","protected":false},"author":2,"featured_media":82043,"comment_status":"","ping_status":"","sticky":false,"template":"","format":"standard","meta":{"footnotes":""},"categories":[9653],"tags":[1111,11,2430,1777,674,6017,1011,27,3367,12,1072,25,4001,809,1175],"class_list":{"0":"post-187441","1":"post","2":"type-post","3":"status-publish","4":"format-standard","5":"has-post-thumbnail","7":"category-saint-etienne","8":"tag-actu","9":"tag-actualites","10":"tag-auvergne-rhone-alpes","11":"tag-eu","12":"tag-europe","13":"tag-fait-divers","14":"tag-fr","15":"tag-france","16":"tag-loire","17":"tag-news","18":"tag-police","19":"tag-republique-francaise","20":"tag-saint-etienne","21":"tag-violence","22":"tag-vol"},"share_on_mastodon":{"url":"https:\/\/pubeurope.com\/@fr\/114707921877513989","error":""},"_links":{"self":[{"href":"https:\/\/www.europesays.com\/fr\/wp-json\/wp\/v2\/posts\/187441","targetHints":{"allow":["GET"]}}],"collection":[{"href":"https:\/\/www.europesays.com\/fr\/wp-json\/wp\/v2\/posts"}],"about":[{"href":"https:\/\/www.europesays.com\/fr\/wp-json\/wp\/v2\/types\/post"}],"author":[{"embeddable":true,"href":"https:\/\/www.europesays.com\/fr\/wp-json\/wp\/v2\/users\/2"}],"replies":[{"embeddable":true,"href":"https:\/\/www.europesays.com\/fr\/wp-json\/wp\/v2\/comments?post=187441"}],"version-history":[{"count":0,"href":"https:\/\/www.europesays.com\/fr\/wp-json\/wp\/v2\/posts\/187441\/revisions"}],"wp:featuredmedia":[{"embeddable":true,"href":"https:\/\/www.europesays.com\/fr\/wp-json\/wp\/v2\/media\/82043"}],"wp:attachment":[{"href":"https:\/\/www.europesays.com\/fr\/wp-json\/wp\/v2\/media?parent=187441"}],"wp:term":[{"taxonomy":"category","embeddable":true,"href":"https:\/\/www.europesays.com\/fr\/wp-json\/wp\/v2\/categories?post=187441"},{"taxonomy":"post_tag","embeddable":true,"href":"https:\/\/www.europesays.com\/fr\/wp-json\/wp\/v2\/tags?post=187441"}],"curies":[{"name":"wp","href":"https:\/\/api.w.org\/{rel}","templated":true}]}}