{"id":187446,"date":"2025-06-19T03:34:17","date_gmt":"2025-06-19T03:34:17","guid":{"rendered":"https:\/\/www.europesays.com\/fr\/187446\/"},"modified":"2025-06-19T03:34:17","modified_gmt":"2025-06-19T03:34:17","slug":"nancy-a-la-maternite-du-17-rue-des-cristalleries-la-ou-naissent-toutes-les-creations-daum","status":"publish","type":"post","link":"https:\/\/www.europesays.com\/fr\/187446\/","title":{"rendered":"Nancy. \u00c0 la \u00ab maternit\u00e9 \u00bb du 17 rue des Cristalleries, l\u00e0 o\u00f9 naissent toutes les cr\u00e9ations Daum"},"content":{"rendered":"<p>\u00abNotre richesse est d\u2019avoir su nous renouveler. Nous avons un ADN, une histoire tr\u00e8s riche qui se r\u00e9invente sans cesse. \u00bb Vanessa Sitbon, la directrice de Marque et Cr\u00e9ation Daum est passionn\u00e9e par la maison qu\u2019elle repr\u00e9sente. D\u2019ailleurs, elle en raconte les origines, le parcours, les soubresauts, avec moult d\u00e9tails, sans notes et sans h\u00e9sitation. En cette journ\u00e9e de juin, elle nous fait faire le tour du propri\u00e9taire de <a href=\"https:\/\/www.estrepublicain.fr\/edition-de-nancy-ville\/2019\/04\/06\/daum-transparente-comme-du-cristal\" target=\"_blank\" rel=\"noopener\">la manufacture, install\u00e9e au 17 rue des Cristalleries,<\/a> \u00e0 deux pas de la demeure du fondateur, Jean Daum qui, en 1878, avait rachet\u00e9 la&#8230;<\/p>\n","protected":false},"excerpt":{"rendered":"\u00abNotre richesse est d\u2019avoir su nous renouveler. Nous avons un ADN, une histoire tr\u00e8s riche qui se r\u00e9invente&hellip;\n","protected":false},"author":2,"featured_media":187447,"comment_status":"","ping_status":"","sticky":false,"template":"","format":"standard","meta":{"footnotes":""},"categories":[9635],"tags":[1111,11,1687,1707,1704,1706,1705,1777,674,1011,27,775,1702,1703,12,2661,25,4604],"class_list":{"0":"post-187446","1":"post","2":"type-post","3":"status-publish","4":"format-standard","5":"has-post-thumbnail","7":"category-nancy","8":"tag-actu","9":"tag-actualites","10":"tag-culture-loisirs","11":"tag-edition-luneville","12":"tag-edition-nancy-et-agglomeration","13":"tag-edition-pont-a-mousson","14":"tag-edition-toul","15":"tag-eu","16":"tag-europe","17":"tag-fr","18":"tag-france","19":"tag-grand-est","20":"tag-nancy","21":"tag-nancy-ville-54b","22":"tag-news","23":"tag-patrimoine-culturel","24":"tag-republique-francaise","25":"tag-selection-abonne"},"share_on_mastodon":{"url":"https:\/\/pubeurope.com\/@fr\/114707934019259636","error":""},"_links":{"self":[{"href":"https:\/\/www.europesays.com\/fr\/wp-json\/wp\/v2\/posts\/187446","targetHints":{"allow":["GET"]}}],"collection":[{"href":"https:\/\/www.europesays.com\/fr\/wp-json\/wp\/v2\/posts"}],"about":[{"href":"https:\/\/www.europesays.com\/fr\/wp-json\/wp\/v2\/types\/post"}],"author":[{"embeddable":true,"href":"https:\/\/www.europesays.com\/fr\/wp-json\/wp\/v2\/users\/2"}],"replies":[{"embeddable":true,"href":"https:\/\/www.europesays.com\/fr\/wp-json\/wp\/v2\/comments?post=187446"}],"version-history":[{"count":0,"href":"https:\/\/www.europesays.com\/fr\/wp-json\/wp\/v2\/posts\/187446\/revisions"}],"wp:featuredmedia":[{"embeddable":true,"href":"https:\/\/www.europesays.com\/fr\/wp-json\/wp\/v2\/media\/187447"}],"wp:attachment":[{"href":"https:\/\/www.europesays.com\/fr\/wp-json\/wp\/v2\/media?parent=187446"}],"wp:term":[{"taxonomy":"category","embeddable":true,"href":"https:\/\/www.europesays.com\/fr\/wp-json\/wp\/v2\/categories?post=187446"},{"taxonomy":"post_tag","embeddable":true,"href":"https:\/\/www.europesays.com\/fr\/wp-json\/wp\/v2\/tags?post=187446"}],"curies":[{"name":"wp","href":"https:\/\/api.w.org\/{rel}","templated":true}]}}