{"id":187459,"date":"2025-06-19T03:46:09","date_gmt":"2025-06-19T03:46:09","guid":{"rendered":"https:\/\/www.europesays.com\/fr\/187459\/"},"modified":"2025-06-19T03:46:09","modified_gmt":"2025-06-19T03:46:09","slug":"rennes-unseenlabs-lance-bro-18-un-satellite-breton-pour-traquer-linvisible-en-mer","status":"publish","type":"post","link":"https:\/\/www.europesays.com\/fr\/187459\/","title":{"rendered":"Rennes. Unseenlabs lance BRO-18, un satellite breton pour traquer l\u2019invisible en mer"},"content":{"rendered":"<p>Alors que les oc\u00e9ans sont devenus le th\u00e9\u00e2tre d\u2019innombrables activit\u00e9s ill\u00e9gales, parfois invisibles aux autorit\u00e9s, la Bretagne s\u2019impose \u00e0 la pointe de la lutte gr\u00e2ce \u00e0 Unseenlabs. Bas\u00e9e \u00e0 Rennes, la soci\u00e9t\u00e9 bretonne vient d\u2019annoncer le lancement imminent de son nouveau satellite, BRO-18, dans le cadre de la mission Transporter-14 op\u00e9r\u00e9e par SpaceX depuis la base de Vandenberg en Californie.<\/p>\n<p>Un \u0153il breton dans le ciel<\/p>\n<p>BRO-18 viendra compl\u00e9ter la constellation d\u00e9j\u00e0 op\u00e9rationnelle d\u2019Unseenlabs, sp\u00e9cialis\u00e9e dans la d\u00e9tection de signaux radiofr\u00e9quence (RF) depuis l\u2019espace. Gr\u00e2ce \u00e0 cette technologie de rupture, il est possible de localiser des navires en mer, m\u00eame lorsque ceux-ci coupent volontairement leurs balises coop\u00e9ratives pour se rendre ind\u00e9tectables. Trafic ill\u00e9gal, p\u00eache clandestine, atteintes \u00e0 l\u2019environnement ou fraudes assurantielles : les applications sont nombreuses, et surtout vitales dans un monde o\u00f9 la souverainet\u00e9 maritime est plus que jamais un enjeu global.<\/p>\n<p>Une technologie souveraine, con\u00e7ue en Bretagne<\/p>\n<p>Ce que propose Unseenlabs n\u2019est pas une innovation hors-sol, mais le fruit d\u2019un savoir-faire technologique enti\u00e8rement d\u00e9velopp\u00e9 en Bretagne. Son syst\u00e8me permet une g\u00e9olocalisation de pr\u00e9cision, de jour comme de nuit, quelles que soient les conditions climatiques. Cette donn\u00e9e, ind\u00e9pendante et fiable, est directement exploitable par les agences gouvernementales, les ONG ou encore les industriels de la mer. Une mani\u00e8re concr\u00e8te de soutenir les \u00c9tats dans leur lutte contre les pratiques non d\u00e9clar\u00e9es et ill\u00e9gales.<\/p>\n<p>\u00ab Ce nouveau satellite nous permet de consolider notre promesse : fournir une donn\u00e9e de qualit\u00e9, ind\u00e9pendante et exploitable, pour \u00e9clairer la prise de d\u00e9cision strat\u00e9gique dans un contexte maritime de plus en plus complexe \u00bb, explique Cl\u00e9ment Galic, CEO et cofondateur d\u2019Unseenlabs.<\/p>\n<p>Cap sur 2026 : une ambition multi-domaines<\/p>\n<p>Mais la PME bretonne ne compte pas s\u2019arr\u00eater l\u00e0. En parall\u00e8le du d\u00e9ploiement de sa constellation maritime, Unseenlabs travaille d\u00e9j\u00e0 sur une seconde constellation, pr\u00e9vue pour 2026, qui \u00e9tendra ses capacit\u00e9s de surveillance aux domaines terrestre, a\u00e9rien et spatial. Une \u00e9volution qui pourrait faire d\u2019Unseenlabs un acteur central du renseignement \u00e9lectromagn\u00e9tique \u00e0 l\u2019\u00e9chelle europ\u00e9enne et mondiale.<\/p>\n<p>Dans un pays o\u00f9 la souverainet\u00e9 technologique est trop souvent rel\u00e9gu\u00e9e au second plan, cette initiative bretonne rappelle que l\u2019intelligence strat\u00e9gique peut aussi \u00e9merger de nos territoires. Et que la Bretagne, loin d\u2019\u00eatre seulement tourn\u00e9e vers le pass\u00e9, a plus que jamais les yeux tourn\u00e9s vers les \u00e9toiles.<\/p>\n<p>Photo d\u2019illustration : DR<br \/>[cc]\u00a0<a class=\"vglnk\" href=\"https:\/\/www.breizh-info.com\/\" target=\"_blank\" rel=\"nofollow noopener noreferrer\" data-wpel-link=\"external\">Breizh-info.com<\/a>, 2025, d\u00e9p\u00eaches libres de copie et de diffusion sous r\u00e9serve de mention et de lien vers la source d\u2019origine<\/p>\n","protected":false},"excerpt":{"rendered":"Alors que les oc\u00e9ans sont devenus le th\u00e9\u00e2tre d\u2019innombrables activit\u00e9s ill\u00e9gales, parfois invisibles aux autorit\u00e9s, la Bretagne s\u2019impose&hellip;\n","protected":false},"author":2,"featured_media":187460,"comment_status":"","ping_status":"","sticky":false,"template":"","format":"standard","meta":{"footnotes":""},"categories":[2821],"tags":[1111,11,829,32513,1777,674,1011,27,12,584,25,4313,32514],"class_list":{"0":"post-187459","1":"post","2":"type-post","3":"status-publish","4":"format-standard","5":"has-post-thumbnail","7":"category-rennes","8":"tag-actu","9":"tag-actualites","10":"tag-bretagne","11":"tag-bro-18","12":"tag-eu","13":"tag-europe","14":"tag-fr","15":"tag-france","16":"tag-news","17":"tag-rennes","18":"tag-republique-francaise","19":"tag-satellite","20":"tag-unseenlabs"},"share_on_mastodon":{"url":"https:\/\/pubeurope.com\/@fr\/114707981194199194","error":""},"_links":{"self":[{"href":"https:\/\/www.europesays.com\/fr\/wp-json\/wp\/v2\/posts\/187459","targetHints":{"allow":["GET"]}}],"collection":[{"href":"https:\/\/www.europesays.com\/fr\/wp-json\/wp\/v2\/posts"}],"about":[{"href":"https:\/\/www.europesays.com\/fr\/wp-json\/wp\/v2\/types\/post"}],"author":[{"embeddable":true,"href":"https:\/\/www.europesays.com\/fr\/wp-json\/wp\/v2\/users\/2"}],"replies":[{"embeddable":true,"href":"https:\/\/www.europesays.com\/fr\/wp-json\/wp\/v2\/comments?post=187459"}],"version-history":[{"count":0,"href":"https:\/\/www.europesays.com\/fr\/wp-json\/wp\/v2\/posts\/187459\/revisions"}],"wp:featuredmedia":[{"embeddable":true,"href":"https:\/\/www.europesays.com\/fr\/wp-json\/wp\/v2\/media\/187460"}],"wp:attachment":[{"href":"https:\/\/www.europesays.com\/fr\/wp-json\/wp\/v2\/media?parent=187459"}],"wp:term":[{"taxonomy":"category","embeddable":true,"href":"https:\/\/www.europesays.com\/fr\/wp-json\/wp\/v2\/categories?post=187459"},{"taxonomy":"post_tag","embeddable":true,"href":"https:\/\/www.europesays.com\/fr\/wp-json\/wp\/v2\/tags?post=187459"}],"curies":[{"name":"wp","href":"https:\/\/api.w.org\/{rel}","templated":true}]}}