{"id":187466,"date":"2025-06-19T03:50:16","date_gmt":"2025-06-19T03:50:16","guid":{"rendered":"https:\/\/www.europesays.com\/fr\/187466\/"},"modified":"2025-06-19T03:50:16","modified_gmt":"2025-06-19T03:50:16","slug":"pres-de-nice-un-feu-de-vehicule-se-propage-a-la-vegetation-des-canadairs-deployes","status":"publish","type":"post","link":"https:\/\/www.europesays.com\/fr\/187466\/","title":{"rendered":"Pr\u00e8s de Nice. Un feu de v\u00e9hicule se propage \u00e0 la v\u00e9g\u00e9tation, des canadairs d\u00e9ploy\u00e9s"},"content":{"rendered":"<p>            Par<br \/>\n        <strong><br \/>\n            <a href=\"https:\/\/actu.fr\/auteur\/ugo-maillard\" title=\"Consulter tous les articles de Ugo Maillard\" rel=\"nofollow noopener\" target=\"_blank\">Ugo Maillard<\/a><br \/>\n        <\/strong><\/p>\n<p>        Publi\u00e9 le<\/p>\n<p>            18 juin 2025 \u00e0 16h17<br \/>\n        ; mis \u00e0 jour le 18 juin 2025 \u00e0 16h54    <\/p>\n<p>Les sapeurs-pompiers des <a href=\"https:\/\/actu.fr\/provence-alpes-cote-d-azur\/alpes-maritimes_06\" rel=\"nofollow noopener\" target=\"_blank\">Alpes-Maritimes<\/a> sont mobilis\u00e9s ce mercredi 18\u00a0juin 2025 sur la commune de La\u00a0Trinit\u00e9, pr\u00e8s de <a href=\"https:\/\/actu.fr\/nice\/\" rel=\"nofollow noopener\" target=\"_blank\">Nice<\/a>, pour un v\u00e9hicule en feu.<\/p>\n<p>    <a href=\"https:\/\/www.google.com\/maps\/embed?pb=!1m18!1m12!1m3!1d82109.1582977767!2d7.3242370164568324!3d43.79075112803551!2m3!1f0!2f0!3f0!3m2!1i1024!2i768!4f13.1!3m3!1m2!1s0x12cdc486070cefb3%3A0x40819a5fd9796a0!2s06340%20La%20Trinit%C3%A9!5e0!3m2!1sfr!2sfr!4v1750255780183!5m2!1sfr!2sfr\" title=\"Ouvrie le lien\" rel=\"nofollow noopener\" target=\"_blank\">Cliquez ici pour visualiser le contenu<\/a><\/p>\n<p class=\" wall-content\">Les flammes qui ont d\u00e9truit l\u2019utilitaire se sont <strong>propag\u00e9es \u00e0 la v\u00e9g\u00e9tation<\/strong> \u00e0 proximit\u00e9 de la route de Laghet.<\/p>\n<p class=\" wall-content\">Les secours indiquent \u00e0 actu Nice qu\u2019<strong>aucune victime<\/strong> n\u2019est \u00e0 d\u00e9plorer.<\/p>\n<p>Les canadairs appel\u00e9s en renfort<\/p>\n<p class=\" wall-content\">Selon les pompiers des Alpes-Maritimes, le feu de v\u00e9g\u00e9tation est <strong>peu virulent<\/strong>, mais en propagation libre.<\/p>\n<p>Vid\u00e9os : en ce moment sur Actu<\/p>\n<p class=\" wall-content\">C\u2019est pour cette raison que des <strong>canadairs ont \u00e9t\u00e9 sollicit\u00e9s<\/strong> et devraient arriver dans les prochaines minutes sur le site.<\/p>\n<p class=\" wall-content\">\u00ab\u00a0Le feu actuellement en propagation libre fera l\u2019objet d\u2019une attaque massive conjointe entre les moyens terrestres et cinq vecteurs a\u00e9riens mis \u00e0 disposition par la zone de d\u00e9fense. Le premier vecteur a\u00e9rien est \u00e0 cinq minutes du feu. Les 4 autres a 40 minutes\u00a0\u00bb, indiquent les pompiers<\/p>\n<p class=\" wall-content\">Pour l\u2019heure, plus de trente pompiers et une quinzaine de v\u00e9hicules sont d\u2019ores et d\u00e9j\u00e0 mobilis\u00e9s.<\/p>\n<p class=\" wall-content\">Suivez toute l\u2019actualit\u00e9 de vos villes et m\u00e9dias favoris en vous inscrivant \u00e0 <a href=\"https:\/\/moncompte.actu.fr\" title=\"D\u00e9couvez Mon Actu\" rel=\"nofollow noopener\" data-trk=\"{&quot;cta&quot;:{&quot;action&quot;:&quot;https:\\\/\\\/moncompte.actu.fr&quot;,&quot;category&quot;:&quot;mon compte&quot;,&quot;from&quot;:&quot;article footer&quot;,&quot;name&quot;:&quot;Mon actu&quot;,&quot;type&quot;:&quot;cta&quot;}}\" target=\"_blank\">Mon Actu<\/a>.<\/p>\n","protected":false},"excerpt":{"rendered":"Par Ugo Maillard Publi\u00e9 le 18 juin 2025 \u00e0 16h17 ; mis \u00e0 jour le 18 juin 2025&hellip;\n","protected":false},"author":2,"featured_media":187467,"comment_status":"","ping_status":"","sticky":false,"template":"","format":"standard","meta":{"footnotes":""},"categories":[2819],"tags":[1111,11,1777,674,118,1011,27,1310,12,2401,1311,882,25],"class_list":{"0":"post-187466","1":"post","2":"type-post","3":"status-publish","4":"format-standard","5":"has-post-thumbnail","7":"category-nice","8":"tag-actu","9":"tag-actualites","10":"tag-eu","11":"tag-europe","12":"tag-faits-divers","13":"tag-fr","14":"tag-france","15":"tag-incendie","16":"tag-news","17":"tag-nice","18":"tag-pompiers","19":"tag-provence-alpes-cote-dazur","20":"tag-republique-francaise"},"share_on_mastodon":{"url":"https:\/\/pubeurope.com\/@fr\/114707996867630984","error":""},"_links":{"self":[{"href":"https:\/\/www.europesays.com\/fr\/wp-json\/wp\/v2\/posts\/187466","targetHints":{"allow":["GET"]}}],"collection":[{"href":"https:\/\/www.europesays.com\/fr\/wp-json\/wp\/v2\/posts"}],"about":[{"href":"https:\/\/www.europesays.com\/fr\/wp-json\/wp\/v2\/types\/post"}],"author":[{"embeddable":true,"href":"https:\/\/www.europesays.com\/fr\/wp-json\/wp\/v2\/users\/2"}],"replies":[{"embeddable":true,"href":"https:\/\/www.europesays.com\/fr\/wp-json\/wp\/v2\/comments?post=187466"}],"version-history":[{"count":0,"href":"https:\/\/www.europesays.com\/fr\/wp-json\/wp\/v2\/posts\/187466\/revisions"}],"wp:featuredmedia":[{"embeddable":true,"href":"https:\/\/www.europesays.com\/fr\/wp-json\/wp\/v2\/media\/187467"}],"wp:attachment":[{"href":"https:\/\/www.europesays.com\/fr\/wp-json\/wp\/v2\/media?parent=187466"}],"wp:term":[{"taxonomy":"category","embeddable":true,"href":"https:\/\/www.europesays.com\/fr\/wp-json\/wp\/v2\/categories?post=187466"},{"taxonomy":"post_tag","embeddable":true,"href":"https:\/\/www.europesays.com\/fr\/wp-json\/wp\/v2\/tags?post=187466"}],"curies":[{"name":"wp","href":"https:\/\/api.w.org\/{rel}","templated":true}]}}