{"id":187468,"date":"2025-06-19T03:52:22","date_gmt":"2025-06-19T03:52:22","guid":{"rendered":"https:\/\/www.europesays.com\/fr\/187468\/"},"modified":"2025-06-19T03:52:22","modified_gmt":"2025-06-19T03:52:22","slug":"la-celebre-grande-vague-dhokusai-est-arrivee-a-nantes-il-reste-des-places-pour-aller-voir","status":"publish","type":"post","link":"https:\/\/www.europesays.com\/fr\/187468\/","title":{"rendered":"La c\u00e9l\u00e8bre Grande vague d\u2019Hokusai est arriv\u00e9e \u00e0 Nantes, il reste des places pour aller voir"},"content":{"rendered":"<p>La Grande vague de Kanagawa est sans conteste la plus embl\u00e9matique des \u0153uvres d\u2019Hokusai. Elle est arriv\u00e9e \u00e0 Nantes mercredi 11\u00a0juin, avec 160\u00a0autres \u0153uvres de l\u2019artiste mondialement connu.<\/p>\n<p><strong>Lire aussi\u00a0:<\/strong>\u00a0<a href=\"https:\/\/nantes.maville.com\/actu\/actudet_-la-grande-vague-de-hokusai-une-oeuvre-iconique-dans-le-monde-entier-_8-6834055_actu.Htm\" target=\"_self\" rel=\"noopener\">La Grande vague d\u2019Hokusai, une \u0153uvre iconique dans le monde entier<\/a><\/p>\n<p>Apr\u00e8s quelques jours d\u2019acclimatation, le tableau a \u00e9t\u00e9 d\u00e9ball\u00e9 et contr\u00f4l\u00e9, non sans \u00e9motion, ce mercredi 18\u00a0juin au ch\u00e2teau des ducs de Bretagne, o\u00f9 <a href=\"https:\/\/www.chateaunantes.fr\/expositions\/exposition-hokusai\/\" target=\"_self\" rel=\"noopener\">une grande exposition consacr\u00e9e \u00e0 l\u2019artiste japonais commence samedi 28\u00a0juin<\/a>.<\/p>\n<p><strong>\u00ab C\u2019est un moment sp\u00e9cial dans la carri\u00e8re. \u00bb<\/strong> R\u00e9jane Burki, responsable r\u00e9gie de l\u2019exposition, v\u00e9rifie que le voyage s\u2019est bien pass\u00e9 depuis le Japon. \u00c0 ses c\u00f4t\u00e9s, Miyaki Arai, conservatrice en chef du mus\u00e9e Hokusai. <strong>\u00ab\u00a0On va reporter toutes les alt\u00e9rations, comme les \u00e9raflures, qu\u2019on peut voir de chaque c\u00f4t\u00e9 de l\u2019\u0153uvre.\u00a0L\u00e0, comme l\u2019\u0153uvre est encadr\u00e9e, il n\u2019y a pas vraiment de difficult\u00e9s sp\u00e9cifiques sur l\u2019\u0153uvre en elle-m\u00eame.\u00a0\u00bb<\/strong><\/p>\n<p>Visites guid\u00e9es\u00a0: de nouveaux cr\u00e9neaux<\/p>\n<p>La Grande vague a ensuite \u00e9t\u00e9 accroch\u00e9e \u00e0 une place centrale, par Pierre Chotard, responsable des expositions temporaires du mus\u00e9e. La sc\u00e9nographie et les \u00e9clairages sont actuellement en cours d\u2019installation.<\/p>\n<p>\t<img decoding=\"async\" src=\"https:\/\/www.europesays.com\/fr\/wp-content\/uploads\/2025\/06\/P35298607D6859741G_px_640_.jpg\" alt=\"photo pierre chotard, responsable des expositions temporaires au ch\u00e2teau de nantes, ajuste les derniers r\u00e9glages de l\u2019accrochage de la c\u00e9l\u00e8bre grande vague d\u2019hokusai.  \u00a9  ouest-france\" width=\"640\" title=\" Pierre Chotard, responsable des expositions temporaires au ch\u00e2teau de Nantes, ajuste les derniers r\u00e9glages de l\u2019accrochage de la c\u00e9l\u00e8bre Grande vague d\u2019Hokusai.   Ouest-France \"\/><\/p>\n<p class=\"elmt-legende\"> Pierre Chotard, responsable des expositions temporaires au ch\u00e2teau de Nantes, ajuste les derniers r\u00e9glages de l\u2019accrochage de la c\u00e9l\u00e8bre Grande vague d\u2019Hokusai.   Ouest-France <\/p>\n<p>\t<img decoding=\"async\" src=\"https:\/\/www.europesays.com\/fr\/wp-content\/uploads\/2025\/06\/P35298608D6859741G_px_640_.jpg\" alt=\"photo la grande vague d\u2019hokusai est \u00e0 voir jusqu\u2019au 7\u00a0septembre, au ch\u00e2teau des ducs de bretagne, \u00e0 nantes.  \u00a9  ouest-france\" width=\"640\" title=\" La Grande vague d\u2019Hokusai est \u00e0 voir jusqu\u2019au 7\u00a0septembre, au ch\u00e2teau des ducs de Bretagne, \u00e0 Nantes.   Ouest-France \"\/><\/p>\n<p class=\"elmt-legende\"> La Grande vague d\u2019Hokusai est \u00e0 voir jusqu\u2019au 7\u00a0septembre, au ch\u00e2teau des ducs de Bretagne, \u00e0 Nantes.   Ouest-France <\/p>\n<p>Si l\u2019engouement est l\u00e0 c\u00f4t\u00e9 public avec une billetterie prise d\u2019assaut pour les premiers jours de l\u2019exposition, \u00e0 partir du 15\u00a0juillet, il reste des places. Par ailleurs, ce jeudi 19\u00a0juin, \u00e0 14\u00a0h, <a href=\"https:\/\/www.chateaunantes.fr\/expositions\/exposition-hokusai\/\" target=\"_self\" rel=\"noopener\">de nouveaux cr\u00e9neaux pour des visites guid\u00e9es vont \u00eatre mis en ligne sur le site du ch\u00e2teau<\/a>.<\/p>\n<p><strong>Hokusai (1760-1849), chefs-d\u2019\u0153uvre du mus\u00e9e Hokusai-kan d\u2019Obuse,<\/strong> du samedi 28\u00a0juin au dimanche 7\u00a0septembre, tous les jours de 10\u00a0h \u00e0 19\u00a0h, au ch\u00e2teau des ducs de Bretagne, mus\u00e9e d\u2019histoire de Nantes<\/p>\n<p>\u00a0<\/p>\n","protected":false},"excerpt":{"rendered":"La Grande vague de Kanagawa est sans conteste la plus embl\u00e9matique des \u0153uvres d\u2019Hokusai. Elle est arriv\u00e9e \u00e0&hellip;\n","protected":false},"author":2,"featured_media":187469,"comment_status":"","ping_status":"","sticky":false,"template":"","format":"standard","meta":{"footnotes":""},"categories":[2818],"tags":[1111,11,7827,1438,9237,3010,1777,674,12176,1011,27,4027,18699,766,12,2636,18433,25,3138,27319,3840],"class_list":{"0":"post-187468","1":"post","2":"type-post","3":"status-publish","4":"format-standard","5":"has-post-thumbnail","7":"category-nantes","8":"tag-actu","9":"tag-actualites","10":"tag-aller","11":"tag-angers","12":"tag-arrivee","13":"tag-celebre","14":"tag-eu","15":"tag-europe","16":"tag-expo","17":"tag-fr","18":"tag-france","19":"tag-grande","20":"tag-hokusai","21":"tag-nantes","22":"tag-news","23":"tag-pays-de-la-loire","24":"tag-places","25":"tag-republique-francaise","26":"tag-reste","27":"tag-vague","28":"tag-voir"},"share_on_mastodon":{"url":"https:\/\/pubeurope.com\/@fr\/114708004449218850","error":""},"_links":{"self":[{"href":"https:\/\/www.europesays.com\/fr\/wp-json\/wp\/v2\/posts\/187468","targetHints":{"allow":["GET"]}}],"collection":[{"href":"https:\/\/www.europesays.com\/fr\/wp-json\/wp\/v2\/posts"}],"about":[{"href":"https:\/\/www.europesays.com\/fr\/wp-json\/wp\/v2\/types\/post"}],"author":[{"embeddable":true,"href":"https:\/\/www.europesays.com\/fr\/wp-json\/wp\/v2\/users\/2"}],"replies":[{"embeddable":true,"href":"https:\/\/www.europesays.com\/fr\/wp-json\/wp\/v2\/comments?post=187468"}],"version-history":[{"count":0,"href":"https:\/\/www.europesays.com\/fr\/wp-json\/wp\/v2\/posts\/187468\/revisions"}],"wp:featuredmedia":[{"embeddable":true,"href":"https:\/\/www.europesays.com\/fr\/wp-json\/wp\/v2\/media\/187469"}],"wp:attachment":[{"href":"https:\/\/www.europesays.com\/fr\/wp-json\/wp\/v2\/media?parent=187468"}],"wp:term":[{"taxonomy":"category","embeddable":true,"href":"https:\/\/www.europesays.com\/fr\/wp-json\/wp\/v2\/categories?post=187468"},{"taxonomy":"post_tag","embeddable":true,"href":"https:\/\/www.europesays.com\/fr\/wp-json\/wp\/v2\/tags?post=187468"}],"curies":[{"name":"wp","href":"https:\/\/api.w.org\/{rel}","templated":true}]}}