{"id":187472,"date":"2025-06-19T03:54:09","date_gmt":"2025-06-19T03:54:09","guid":{"rendered":"https:\/\/www.europesays.com\/fr\/187472\/"},"modified":"2025-06-19T03:54:09","modified_gmt":"2025-06-19T03:54:09","slug":"32c-a-paris-37c-a-bordeaux-ou-fera-t-il-le-plus-chaud-ce-jeudi","status":"publish","type":"post","link":"https:\/\/www.europesays.com\/fr\/187472\/","title":{"rendered":"32\u00b0C \u00e0 Paris, 37\u00b0C \u00e0 Bordeaux\u2026 O\u00f9 fera-t-il le plus chaud ce jeudi\u00a0?"},"content":{"rendered":"<p class=\"paragraph text_align_left\">Les temp\u00e9ratures maximales continuent leur lente mais inexorable progression ce jeudi apr\u00e8s-midi. <a href=\"https:\/\/www.leparisien.fr\/meteo\/pic-vague-ou-canicule-fortes-chaleurs-en-vue-sur-lhexagone-16-06-2025-VESNDOTWHFCMPL2EOVI4ABSWJA.php\" target=\"_blank\" rel=\"noreferrer nofollow noopener\">La vague de chaleur<\/a>, qui deviendra peut-\u00eatre une canicule au fil du week-end en fonction de son intensit\u00e9, s\u2019installe de plus en plus. D\u2019apr\u00e8s les pr\u00e9visions de <a href=\"https:\/\/meteofrance.com\/\" target=\"_blank\" rel=\"noreferrer nofollow noopener\">M\u00e9t\u00e9o France<\/a>, le seuil des 35\u00b0C, localement atteint mercredi, le sera dans de plus vastes r\u00e9gions ce jeudi.<\/p>\n<p class=\"paragraph text_align_left\">Avec un tel niveau dans l\u2019apr\u00e8s-midi, le thermom\u00e8tre affichera des valeurs comprises entre 10\u00b0C et 12\u00b0C environ au-dessus des <a href=\"https:\/\/meteofrance.com\/climat\/normales\/france\" target=\"_blank\" rel=\"noreferrer nofollow noopener\">normales de saison<\/a>. Ce seuil de tr\u00e8s forte chaleur va intervenir dans la foul\u00e9e d\u2019une nuit qui a \u00e9t\u00e9 tropicale y compris dans certaines zones du nord du pays. Cela signifie qu\u2019il n\u2019a pas fait moins de 20\u00b0C pendant une seule minute durant la nuit.<\/p>\n<p>La France coinc\u00e9e au milieu d\u2019un blocage anticyclonique<\/p>\n<p class=\"paragraph text_align_left\">La France subit actuellement l\u2019effet d\u2019un blocage dit en om\u00e9ga, en r\u00e9f\u00e9rence \u00e0 la lettre grecque de l\u2019alphabet qui a cette forme : <b>\u03a9<\/b>. Comme le montre l\u2019infographie ci-dessous, les courants d\u2019altitude n\u2019oscillent alors plus de mani\u00e8re droite mais ondulatoire. Les variations prennent la forme de l\u2019om\u00e9ga. Au Nord se situe l\u2019air frais, au Sud le plus chaud. Au milieu de cet om\u00e9ga, ce qui est le cas de la France, l\u2019air chaud de l\u2019anticyclone est coinc\u00e9. Une sorte d\u2019effet de four se met en place. La temp\u00e9rature monte de plus en plus.<\/p>\n<p><img decoding=\"async\" class=\"image \" loading=\"lazy\" src=\"https:\/\/www.europesays.com\/fr\/wp-content\/uploads\/2025\/06\/IEGVAAOXZZF3BHVVUQN5HAPQHQ.jpg\" alt=\"\/LP\" align=\"\" data-rubrique-principale=\"\" data-article-type=\"\" fetchpriority=\"auto\"\/>\/LP<\/p>\n<p class=\"paragraph text_align_left\">Le moment le plus chaud intervient g\u00e9n\u00e9ralement vers 17 heures \u00e0 plus ou moins une demi-heure \u00e0 cette \u00e9poque de l\u2019ann\u00e9e. Ceci est d\u00fb \u00e0 une forme d\u2019inertie une fois que le soleil a atteint son point haut \u00e0 14 heures.<\/p>\n<p class=\"paragraph text_align_left\">Pour ce jeudi apr\u00e8s-midi, M\u00e9t\u00e9o France pr\u00e9voit qu\u2019il fera, dans la moiti\u00e9 nord du pays, de 30\u00b0C \u00e0 33\u00b0C-34\u00b0C dans l\u2019Ouest, un peu moins le long des c\u00f4tes nord-ouest. \u00c0 Paris il devrait faire jusqu\u2019\u00e0 31\u00b0C-32\u00b0C. Dans la moiti\u00e9 sud de la France, il fera d\u2019un peu moins de 30\u00b0C en bord de mer le long de la C\u00f4te d\u2019Azur \u00e0 plus de 35\u00b0C dans le Sud-Ouest.<\/p>\n<p>Chaud dans le Sud-Ouest<\/p>\n<p class=\"paragraph text_align_left\">La r\u00e9gion Nouvelle-Aquitaine subira, dans son ensemble, les temp\u00e9ratures les plus \u00e9lev\u00e9es. Charente, Charente-Maritime, Gironde et l\u2019int\u00e9rieur des terres des Pyr\u00e9n\u00e9es-Atlantiques devraient d\u00e9passer la barre des 35\u00b0C. Angoul\u00eame (Charente), pourrait ainsi conna\u00eetre un maximum \u00e0 36\u00b0C. En bord de mer, La Rochelle (Charente-Maritime) atteindrait les 35\u00b0C quand, dans les terres, une ville comme Saintes pourrait monter jusqu\u2019\u00e0 37\u00b0C.<\/p>\n<p class=\"paragraph text_align_left\">Un peu plus au sud de la r\u00e9gion, le secteur de Bordeaux devrait \u00eatre le plus chaud. La pr\u00e9fecture de Gironde pourrait elle aussi atteindre les 37\u00b0C. Cela situerait la journ\u00e9e \u00e0 3\u00b0C du <a href=\"https:\/\/www.infoclimat.fr\/climatologie\/normales-records\/1991-2020\/bordeaux-merignac\/valeurs\/07510.html\" target=\"_blank\" rel=\"noreferrer nofollow noopener\">record pour un mois de juin<\/a>, fix\u00e9 \u00e0 40,5\u00b0C. En s\u2019approchant de la cha\u00eene des Pyr\u00e9n\u00e9es, \u00e0 Pau (Pyr\u00e9n\u00e9es-Atlantiques), une temp\u00e9rature similaire est pr\u00e9vue avec un pic \u00e0 36\u00b0C au moment le plus chaud.<\/p>\n<p class=\"paragraph text_align_left\">En Occitanie, c\u2019est dans le Lot, vers Cahors, que la barre des 35\u00b0C pourrait \u00eatre d\u00e9pass\u00e9e avec 36\u00b0C. Dans le Tarn, vers Albi, dans le Tarn-et-Garonne, vers Montauban, en Haute-Garonne vers Toulouse, dans l\u2019Aude, vers Carcassonne et dans le Gard, vers N\u00eemes, elle pourrait \u00eatre atteinte. Un peu plus \u00e0 l\u2019Est, le Vaucluse, dans le secteur de Carpentras notamment, pourrait lui aussi atteindre les 35\u00b0C.<\/p>\n<p class=\"paragraph text_align_left\">Vendredi, les maximales devraient prendre encore un ou deux degr\u00e9s. Le Sud-Ouest resterait la partie du pays avec les temp\u00e9ratures les plus importantes, s\u2019approchant des 30\u00b0C.<\/p>\n","protected":false},"excerpt":{"rendered":"Les temp\u00e9ratures maximales continuent leur lente mais inexorable progression ce jeudi apr\u00e8s-midi. La vague de chaleur, qui deviendra&hellip;\n","protected":false},"author":2,"featured_media":187473,"comment_status":"","ping_status":"","sticky":false,"template":"","format":"standard","meta":{"footnotes":""},"categories":[2817],"tags":[1111,11,1997,1777,674,1011,27,2487,12,2219,25],"class_list":{"0":"post-187472","1":"post","2":"type-post","3":"status-publish","4":"format-standard","5":"has-post-thumbnail","7":"category-bordeaux","8":"tag-actu","9":"tag-actualites","10":"tag-bordeaux","11":"tag-eu","12":"tag-europe","13":"tag-fr","14":"tag-france","15":"tag-meteo","16":"tag-news","17":"tag-nouvelle-aquitaine","18":"tag-republique-francaise"},"share_on_mastodon":{"url":"https:\/\/pubeurope.com\/@fr\/114708012331414664","error":""},"_links":{"self":[{"href":"https:\/\/www.europesays.com\/fr\/wp-json\/wp\/v2\/posts\/187472","targetHints":{"allow":["GET"]}}],"collection":[{"href":"https:\/\/www.europesays.com\/fr\/wp-json\/wp\/v2\/posts"}],"about":[{"href":"https:\/\/www.europesays.com\/fr\/wp-json\/wp\/v2\/types\/post"}],"author":[{"embeddable":true,"href":"https:\/\/www.europesays.com\/fr\/wp-json\/wp\/v2\/users\/2"}],"replies":[{"embeddable":true,"href":"https:\/\/www.europesays.com\/fr\/wp-json\/wp\/v2\/comments?post=187472"}],"version-history":[{"count":0,"href":"https:\/\/www.europesays.com\/fr\/wp-json\/wp\/v2\/posts\/187472\/revisions"}],"wp:featuredmedia":[{"embeddable":true,"href":"https:\/\/www.europesays.com\/fr\/wp-json\/wp\/v2\/media\/187473"}],"wp:attachment":[{"href":"https:\/\/www.europesays.com\/fr\/wp-json\/wp\/v2\/media?parent=187472"}],"wp:term":[{"taxonomy":"category","embeddable":true,"href":"https:\/\/www.europesays.com\/fr\/wp-json\/wp\/v2\/categories?post=187472"},{"taxonomy":"post_tag","embeddable":true,"href":"https:\/\/www.europesays.com\/fr\/wp-json\/wp\/v2\/tags?post=187472"}],"curies":[{"name":"wp","href":"https:\/\/api.w.org\/{rel}","templated":true}]}}