{"id":187482,"date":"2025-06-19T04:01:10","date_gmt":"2025-06-19T04:01:10","guid":{"rendered":"https:\/\/www.europesays.com\/fr\/187482\/"},"modified":"2025-06-19T04:01:10","modified_gmt":"2025-06-19T04:01:10","slug":"un-amateur-depasse-ou-hacker-de-genie-a-la-barre-du-tribunal-correctionnel-de-lyon","status":"publish","type":"post","link":"https:\/\/www.europesays.com\/fr\/187482\/","title":{"rendered":"un amateur \u00ab\u00a0d\u00e9pass\u00e9\u00a0\u00bb ou hacker de g\u00e9nie \u00e0 la barre du tribunal correctionnel de Lyon"},"content":{"rendered":"<p>Quatorze personnes sont jug\u00e9es \u00e0 Lyon pendant deux semaines pour une imposante s\u00e9rie de cyber-escroqueries, mise au jour presque incidemment en 2022, quand un jeune stagiaire puis CDD de la branche fran\u00e7aise d\u2019Adecco se fait pincer pour avoir livr\u00e9 \u00e0 des hackers ses acc\u00e8s \u00e0 une base de donn\u00e9es du g\u00e9ant de l\u2019int\u00e9rim.<\/p>\n<p>Consid\u00e9r\u00e9 comme le \u00ab\u00a0personnage central\u00a0\u00bb de ce r\u00e9seau, Timoth\u00e9e Lhomond, 22 ans, comparait pour 20 infractions \u00e0 lui seul\u00a0: atteinte \u00e0 une base de donn\u00e9es, blanchiment, fabrication et vente de fausses cartes d\u2019identit\u00e9\u2026 et diverses escroqueries pour des millions d\u2019euros, le tout \u00ab\u00a0en bande organis\u00e9e\u00a0\u00bb.<\/p>\n<p>  Le seul en d\u00e9tention provisoire<\/p>\n<p>Le costume para\u00eet bien large pour ce gar\u00e7on au visage juv\u00e9nile surmont\u00e9 de fines lunettes, le seul des pr\u00e9venus en d\u00e9tention provisoire depuis plus d\u2019un an et demi. Il r\u00e9pond, avec une expression souvent contrite, de mani\u00e8re tr\u00e8s polic\u00e9e et d\u00e9f\u00e9rente au tribunal, mains derri\u00e8re le dos.<\/p>\n<p>Une posture r\u00e9guli\u00e8rement mise en doute par la juge et ses assesseurs, la procureure mais aussi quelques-uns des 362 avocats de plus de 5\u00a0500 parties civiles, sur <a href=\"https:\/\/www.leprogres.fr\/faits-divers-justice\/2025\/06\/15\/adecco-le-proces-aux-76-000-victimes-juge-a-lyon-pendant-deux-semaines\" target=\"_blank\" rel=\"nofollow noopener\">plus de 72\u00a0000 victimes identifi\u00e9es dans ce proc\u00e8s hors normes<\/a>.<\/p>\n<p>Cela donne le vertige. \u00ab\u00a0En voyant tous ces avocats, ces victimes qui me regardent, la peine que je risque [10 ans d\u2019emprisonnement], je ne nie pas mes responsabilit\u00e9s, mais je regrette\u00a0\u00bb, l\u00e2che-t-il.<\/p>\n<p>  \u00ab\u00a0Paniqu\u00e9\u00a0\u00bb<\/p>\n<p>Une repentance qui n\u2019a pas emp\u00each\u00e9 Timoth\u00e9e Lhomond, souligne la pr\u00e9sidente du tribunal Brigitte Vernay, de continuer d\u2019orchestrer ses escroqueries sur le net en prison il y a encore sept mois, gr\u00e2ce \u00e0 un smartphone \u00ab\u00a0tr\u00e8s actif\u00a0\u00bb. Et de \u00ab\u00a0menacer\u00a0\u00bb des t\u00e9moins et copr\u00e9venus, rench\u00e9rit la procureure Am\u00e9lie Djaoudo. \u00ab\u00a0J\u2019avais de tr\u00e8s grosses dettes, plaide le jeune homme, t\u00eate basse. En prison, on m\u2019a fait comprendre que ces dettes n\u2018\u00e9taient pas annul\u00e9es\u00a0\u00bb, et \u00ab\u00a0vous savez comment c\u2019est en prison\u2026\u00a0\u00bb, l\u00e2che-t-il sans plus de d\u00e9tails. \u00ab\u00a0J\u2019ai \u00e9t\u00e9 en relation avec des escrocs et cela a commenc\u00e9 \u00e0 me d\u00e9passer, [\u2026] je m\u2019attendais \u00e0 ce qu\u2019ils viennent me r\u00e9clamer l\u2019argent, j\u2019\u00e9tais paniqu\u00e9, j\u2019avais peur\u00a0\u00bb, avance Lhomond.<\/p>\n<p>Bac scientifique en poche, il dit avoir abandonn\u00e9 ses \u00e9tudes en premi\u00e8re ann\u00e9e de BTS informatique. Il passe son temps sur la plateforme de discussion Discord pour adeptes des jeux vid\u00e9o en ligne puis Telegram, des r\u00e9seaux opaques propices \u00e0 la cybercriminalit\u00e9 selon les enqu\u00eateurs.<\/p>\n<p>  \u00ab\u00a03 sur 10\u00a0\u00bb<\/p>\n<p>Il avoue vivre, \u00e0 20 ans au moment de l\u2019\u00e9clatement de l\u2019affaire Adecco, avec environ \u00ab\u00a03\u00a0000\u00a0\u00e0 4\u00a0000\u00a0euros par mois\u00a0\u00bb tir\u00e9s de ses \u00ab\u00a0activit\u00e9s ill\u00e9gales\u00a0\u00bb sur le net.\u00a0\u00c0 20 ans encore, il cr\u00e9e sa propre soci\u00e9t\u00e9, CERIOS, de cr\u00e9ation de logiciels de \u00ab\u00a0d\u00e9tection des fuites de donn\u00e9es\u00a0\u00bb pour les entreprises. \u00ab\u00a0Formidable\u00a0!\u00a0\u00bb, ponctue la juge Vernay sourire aux l\u00e8vres. \u00ab\u00a0Je ne suis pas le \u201cg\u00e9nie\u201d de l\u2019informatique, le \u201ccerveau\u201d de l\u2019affaire comme la presse me d\u00e9crit\u00a0\u00bb, lance-t-il, au diapason de ses avocats.<\/p>\n<p>\u00ab\u00a0Sur une \u00e9chelle de 1 \u00e0 10, comment vous situez-vous\u00a0\u00bb dans l\u2019habilet\u00e9 cybercriminelle\u00a0? interroge la juge Vernay. \u00ab\u00a0Je me d\u00e9brouille, peut-\u00eatre un peu plus que la moyenne mais je ne suis pas bon\u00a0\u00bb, r\u00e9pond modestement Lhomond\u00a0: \u00ab\u00a010 \u00e9tant le meilleur hacker du monde, je suis \u00e0 3 alors\u00a0\u00bb\u2026<\/p>\n<p>L\u2019instruction de l\u2019enqu\u00eate, dont l\u2019AFP a lu des extraits, souligne ses \u00ab\u00a0capacit\u00e9s intellectuelles \u00e9lev\u00e9es\u00a0\u00bb et \u00ab\u00a0une forme d\u2019escalade addictive\u00a0\u00bb l\u2019ayant men\u00e9 \u00e0 la t\u00eate de \u00ab\u00a0bien plus qu\u2019une association de malfaiteurs pour pr\u00e9parer un ou quelques d\u00e9lits\u00a0\u00bb\u00a0: Timoth\u00e9e Lhomond a mis en place des \u00ab\u00a0structures entrepreneuriales riches en ressources humaines\u00a0\u00bb et utilis\u00e9 des \u00ab\u00a0logiciels pointus\u00a0\u00bb pour \u00ab\u00a0des galaxies d\u2019escroqueries dans divers domaines\u00a0\u00bb.<\/p>\n","protected":false},"excerpt":{"rendered":"Quatorze personnes sont jug\u00e9es \u00e0 Lyon pendant deux semaines pour une imposante s\u00e9rie de cyber-escroqueries, mise au jour&hellip;\n","protected":false},"author":2,"featured_media":187483,"comment_status":"","ping_status":"","sticky":false,"template":"","format":"standard","meta":{"footnotes":""},"categories":[1889],"tags":[1111,11,2430,2757,1777,674,274,107,1011,27,2428,2756,12,25,2429],"class_list":{"0":"post-187482","1":"post","2":"type-post","3":"status-publish","4":"format-standard","5":"has-post-thumbnail","7":"category-lyon","8":"tag-actu","9":"tag-actualites","10":"tag-auvergne-rhone-alpes","11":"tag-edition-lyon-villeurbanne","12":"tag-eu","13":"tag-europe","14":"tag-faits-divers-justice","15":"tag-fil-info","16":"tag-fr","17":"tag-france","18":"tag-lyon","19":"tag-lyon-bassin","20":"tag-news","21":"tag-republique-francaise","22":"tag-rhone"},"share_on_mastodon":{"url":"https:\/\/pubeurope.com\/@fr\/114708039885288962","error":""},"_links":{"self":[{"href":"https:\/\/www.europesays.com\/fr\/wp-json\/wp\/v2\/posts\/187482","targetHints":{"allow":["GET"]}}],"collection":[{"href":"https:\/\/www.europesays.com\/fr\/wp-json\/wp\/v2\/posts"}],"about":[{"href":"https:\/\/www.europesays.com\/fr\/wp-json\/wp\/v2\/types\/post"}],"author":[{"embeddable":true,"href":"https:\/\/www.europesays.com\/fr\/wp-json\/wp\/v2\/users\/2"}],"replies":[{"embeddable":true,"href":"https:\/\/www.europesays.com\/fr\/wp-json\/wp\/v2\/comments?post=187482"}],"version-history":[{"count":0,"href":"https:\/\/www.europesays.com\/fr\/wp-json\/wp\/v2\/posts\/187482\/revisions"}],"wp:featuredmedia":[{"embeddable":true,"href":"https:\/\/www.europesays.com\/fr\/wp-json\/wp\/v2\/media\/187483"}],"wp:attachment":[{"href":"https:\/\/www.europesays.com\/fr\/wp-json\/wp\/v2\/media?parent=187482"}],"wp:term":[{"taxonomy":"category","embeddable":true,"href":"https:\/\/www.europesays.com\/fr\/wp-json\/wp\/v2\/categories?post=187482"},{"taxonomy":"post_tag","embeddable":true,"href":"https:\/\/www.europesays.com\/fr\/wp-json\/wp\/v2\/tags?post=187482"}],"curies":[{"name":"wp","href":"https:\/\/api.w.org\/{rel}","templated":true}]}}