{"id":187490,"date":"2025-06-19T04:05:28","date_gmt":"2025-06-19T04:05:28","guid":{"rendered":"https:\/\/www.europesays.com\/fr\/187490\/"},"modified":"2025-06-19T04:05:28","modified_gmt":"2025-06-19T04:05:28","slug":"shorts-trop-fort-monaco-coule-coups-de-coeur-et-coups-de-griffe-apres-le-match-2-des-finales","status":"publish","type":"post","link":"https:\/\/www.europesays.com\/fr\/187490\/","title":{"rendered":"Shorts trop fort, Monaco coule\u2026 Coups de c\u0153ur et coups de griffe apr\u00e8s le match 2 des finales"},"content":{"rendered":"<p><strong>D\u00c9CRYPTAGE \u2013 <\/strong>Le match 2 des finales du championnat de France de basket a tourn\u00e9 \u00e0 la correction mardi, \u00e0 l\u2019Adidas Arena, avec la victoire \u00e9clatante de Paris sur Monaco.<\/p>\n<p class=\"fig-paragraph\">COUPS DE C\u0152UR<\/p>\n<p>TJ Shorts, un g\u00e9ant<\/p>\n<p class=\"fig-paragraph\">\u00c0 la question de savoir s\u2019il peut se sentir inarr\u00eatable dans un soir comme mardi,\u00a0<a href=\"http:\/\/www.lefigaro.fr\/sports\/basket\/basket-le-sentiment-d-etre-inarretable-par-moments-oui-jubile-tj-shorts-assurant-que-ce-n-est-pas-fini-20250617\" data-fig-type=\"NewsFlash\" data-gtm-custom-categorie=\"navigation\" data-gtm-custom-action=\"crossclick\" data-gtm-custom-label=\"Contextuel\" data-gtm-event=\"customEventSPE\" data-fig-domain=\"LEFIGARO\" target=\"_blank\" rel=\"noopener\">TJ Shorts r\u00e9pond ceci<\/a>\u00a0: \u00abPar moments, oui\u00bb. On ne peut pas le bl\u00e2mer\u2026 Du haut de son m\u00e8tre 75, le meneur am\u00e9ricain du Paris Basketball est apparu trois t\u00eates au-dessus de tout le monde lors de\u00a0<a href=\"http:\/\/www.lefigaro.fr\/sports\/basket\/basket-injouable-le-paris-basketball-detruit-monaco-et-se-rapproche-du-sacre-20250617\" data-fig-type=\"NewsFlash\" data-gtm-custom-categorie=\"navigation\" data-gtm-custom-action=\"crossclick\" data-gtm-custom-label=\"Contextuel\" data-gtm-event=\"customEventSPE\" data-fig-domain=\"LEFIGARO\" target=\"_blank\" rel=\"noopener\">la d\u00e9monstration face \u00e0 Monaco (92-67)<\/a>. Les chiffres\u00a0? 28 points \u00e0 10\/13 aux tirs, 2\/4 \u00e0 longue distance, 6\/6 aux lancers, cinq passes d\u00e9cisives, trois rebonds et aucune perte de balle. Le tout en \u00e0 peine plus de 22 minutes. Et ce avec Alpha Diallo et Terry Tarpey sur le dos. \u00abQuand vous \u00eates dans la zone comme \u00e7a, vous avez le sentiment que la d\u00e9fense aura tort, quoi qu\u2019elle fasse. Que \u00e7a rentre ou pas, il faut juste que je pense au tir d\u2019apr\u00e8s. Parfois, vous mettez plus de tirs, parfois moins, l\u00e0 c\u2019\u00e9tait un bon jour. Quand vous \u00eates dans ce rythme, cette dynamique, vous avez le sentiment que tout va rentrer\u00bb, a-t-il analys\u00e9. G\u00e9ant.<\/p>\n<p>Paris en \u00e9tat de gr\u00e2ce<\/p>\n<p class=\"fig-paragraph\">Le match de mardi offre une synth\u00e8se du jeu parisien. Une d\u00e9fense \u00e9touffante, de l\u2019adresse \u00e0 foison (15\/27 \u00e0 3 points apr\u00e8s le 0\/9 initial) et un tempo infernal, avec Nadir Hifi en acc\u00e9l\u00e9rateur de particules, et des \u00abruns\u00bb d\u00e9vastateurs. Monaco a litt\u00e9ralement explos\u00e9 face \u00e0 ce cocktail d\u00e9tonnant, le m\u00eame qui a permis aux Parisiens de briller en Euroligue (quarts de finale) et de\u00a0<a href=\"http:\/\/www.lefigaro.fr\/sports\/basket\/basket-tombeur-du-mans-en-finale-le-paris-basketball-prend-une-coupe-de-france-20250426\" data-fig-type=\"NewsFlash\" data-gtm-custom-categorie=\"navigation\" data-gtm-custom-action=\"crossclick\" data-gtm-custom-label=\"Contextuel\" data-gtm-event=\"customEventSPE\" data-fig-domain=\"LEFIGARO\" target=\"_blank\" rel=\"noopener\">remporter la Coupe de France<\/a>. \u00abL\u2019\u00e9quipe \u00e9tait concentr\u00e9e, elle a suivi le plan de jeu, des individualit\u00e9s ont fait de bons matchs, comme ce gar\u00e7on qui est assis \u00e0 c\u00f4t\u00e9 de moi (TJ Shorts, NDLR), mais d\u2019autres aussi, l\u2019\u00e9quipe a \u00e9t\u00e9 bien au rebond, on a mieux shoot\u00e9 en seconde p\u00e9riode\u2026 Beaucoup de contributions de beaucoup de gars pour gagner ce match\u00bb,\u00a0<a href=\"http:\/\/www.lefigaro.fr\/sports\/basket\/basket-le-sentiment-d-etre-inarretable-par-moments-oui-jubile-tj-shorts-assurant-que-ce-n-est-pas-fini-20250617\" data-fig-type=\"NewsFlash\" data-gtm-custom-categorie=\"navigation\" data-gtm-custom-action=\"crossclick\" data-gtm-custom-label=\"Contextuel\" data-gtm-event=\"customEventSPE\" data-fig-domain=\"LEFIGARO\" target=\"_blank\" rel=\"noopener\">a d\u00e9clar\u00e9 Tiago Splitter en conf\u00e9rence de presse<\/a>. Tout bon. Paris a compt\u00e9 jusqu\u2019\u00e0 31 points d\u2019\u00e9cart (76-45) en seconde p\u00e9riode. Une d\u00e9monstration de force.<\/p>\n<p>Une magnifique derni\u00e8re\u00a0?<\/p>\n<p class=\"fig-paragraph\">Et si c\u2019\u00e9tait la derni\u00e8re de la saison \u00e0 l\u2019Adidas Arena\u00a0? Le cas \u00e9ch\u00e9ant, cela voudrait dire que le Paris Basketball sera sacr\u00e9 champion de France pour la premi\u00e8re fois de son histoire \u00e0 Monaco, vendredi lors du match 3 ou dimanche, lors d\u2019un potentiel match 4. Sans quoi, les deux \u00e9quipes se retrouveraient mardi prochain, dans la salle de la Porte de la Chapelle, pour une belle. Toujours est-il que les Parisiens ont mis les petits plats dans les grands sur le parquet, on l\u2019a dit. Dans les tribunes, le Kop Parisii a fait le sien. Jusqu\u2019\u00e0 l\u2019explosion sur le dunk \u00e0 deux mains de Mikael Jantunen. Tableau id\u00e9al pour une tourn\u00e9e d\u2019adieu anticip\u00e9e. Ce n\u2019est en effet pas juste l\u2019\u00e9ventuel dernier match de la saison \u00e0 Paris, mais aussi\u00a0<a href=\"http:\/\/www.lefigaro.fr\/sports\/basket\/nba\/basket-tiago-splitter-de-paris-a-portland-c-est-officiel-20250612\" data-fig-type=\"NewsFlash\" data-gtm-custom-categorie=\"navigation\" data-gtm-custom-action=\"crossclick\" data-gtm-custom-label=\"Contextuel\" data-gtm-event=\"customEventSPE\" data-fig-domain=\"LEFIGARO\" target=\"_blank\" rel=\"noopener\">le dernier pour Tiago Splitter<\/a>\u00a0et de nombreux cadres annonc\u00e9s partants, TJ Shorts et d\u2019autres.<\/p>\n<p class=\"fig-paragraph\">\u00abC\u2019est dur de penser \u00e0 cela dans une s\u00e9rie comme \u00e7a. Le but est de gagner la s\u00e9rie, le titre. Pas de secret, c\u2019est possible que ce soit le dernier match mais je suis concentr\u00e9 sur le titre, je fais en sorte de ne pas \u00e9couter ce genre d\u2019\u00e9motion du coup\u00bb, a indiqu\u00e9 le probable futur joueur du Panathinaikos, ne manquant d\u2019ailleurs pas de souligner que le PBB \u00abn\u2019a encore rien fait, on n\u2019a fait que notre travail en gagnant les matchs \u00e0 la maison. Ce sera le match le plus dur de la saison \u00e0 Monaco vendredi. On a confiance en nous, dans le plan de jeu et ce qu\u2019on a fait toute la saison. On ira l\u00e0-bas avec le maximum de concentration et d\u2019effort, et j\u2019esp\u00e8re qu\u2019on repartira avec le troph\u00e9e\u00bb. Chiche\u00a0?<\/p>\n<p class=\"fig-paragraph\">COUPS DE GRIFFE<\/p>\n<p>La m\u00e9diocrit\u00e9 mon\u00e9gasque<\/p>\n<p class=\"fig-paragraph\">Trois classes d\u2019\u00e9cart. Mardi, on a vu une grande \u00e9quipe de Paris et une toute petite \u00e9quipe mon\u00e9gasque, d\u00e9pass\u00e9e dans tous les domaines, tous les secteurs, malheureuse quand elle sortait la t\u00eate de l\u2019eau. Rien \u00e0 sauver. En l\u2019absence du patron, Mike James, entre suspension et blessure, les tauliers potentiels ont pris le bouillon. \u00abF\u00e9licitations \u00e0 Paris. J\u2019aurais aim\u00e9 qu\u2019on fasse ce qu\u2019ils ont fait, qu\u2019on r\u00e9agisse, mais on ne l\u2019a pas fait. Ils ont mieux jou\u00e9 et m\u00e9rit\u00e9 de gagner\u00bb,\u00a0<a href=\"http:\/\/www.lefigaro.fr\/sports\/basket\/basket-on-a-dejoue-ils-ont-pris-feu-et-on-a-un-peu-lache-le-match-peste-le-monegasque-cornelie-20250617\" data-fig-type=\"NewsFlash\" data-gtm-custom-categorie=\"navigation\" data-gtm-custom-action=\"crossclick\" data-gtm-custom-label=\"Contextuel\" data-gtm-event=\"customEventSPE\" data-fig-domain=\"LEFIGARO\" target=\"_blank\" rel=\"noopener\">a indiqu\u00e9 Vassilis Spanoulis mardi<\/a>, assurant que la Roca Team doit \u00abredevenir une \u00e9quipe normale, on n\u2019avait pas l\u2019air d\u2019une \u00e9quipe normale, on \u00e9tait tr\u00e8s en dessous de nos standards, tr\u00e8s en dessous\u00bb. Indigne d\u2019un\u00a0<a href=\"http:\/\/www.lefigaro.fr\/sports\/basket\/monaco-fenerbahce-guduric-dechaine-la-terrible-defense-turque-spanoulis-passe-au-travers-les-tops-flops-de-la-finale-d-euroligue-20250525\" data-fig-type=\"NewsFlash\" data-gtm-custom-categorie=\"navigation\" data-gtm-custom-action=\"crossclick\" data-gtm-custom-label=\"Contextuel\" data-gtm-event=\"customEventSPE\" data-fig-domain=\"LEFIGARO\" target=\"_blank\" rel=\"noopener\">vice-champion d\u2019Europe<\/a>, m\u00eame si les soucis extra-sportifs de l\u2019ASM expliquent sans doute au moins en partie la bouillie propos\u00e9e mardi soir.<\/p>\n<p>C\u2019est dans les t\u00eates<\/p>\n<p class=\"fig-paragraph\">Si vous demandez \u00e0 Spanoulis, l\u2019explication est toute trouv\u00e9e. \u00abCe qui doit changer\u00a0? La mentalit\u00e9, l\u2019attitude. On se plaint trop. Il y a de la frustration. On ne s\u2019est pas assez battus pour une finale. Ils ont plus combattu que nous dans tous les domaines. Et quand on joue bien, on ne rentre pas les tirs\u00bb, a grogn\u00e9 l\u2019ancienne l\u00e9gende grecque, affirmant que \u00abtoute la responsabilit\u00e9 est pour (lui)\u00bb. Nul doute qu\u2019il trouvera quelques autres coupables dans les heures \u00e0 venir. \u00abJe trouverai un moyen pour qu\u2019on se batte, avec les joueurs qui sont pr\u00eats \u00e0 se battre. Si on joue comme \u00e7a sur les deux premiers matchs, il faut des changements\u2026 C\u2019est l\u2019\u00e9vidence\u00bb, grince-t-il. Symbole de ce manque de combativit\u00e9, les rebonds\u00a0: 47 \u00e0 29 pour Paris. \u00c0 d\u00e9faut de retrouver Mike James, l\u2019ASM doit retrouver un mental pour au moins prolonger la s\u00e9rie.<\/p>\n<p>James, un absent si pr\u00e9sent<\/p>\n<p class=\"fig-paragraph\">Mais o\u00f9 est donc Mike James\u00a0? Si personne ne doute de la v\u00e9racit\u00e9 de sa blessure,\u00a0<a href=\"http:\/\/www.lefigaro.fr\/sports\/basket\/basket-mike-james-toujours-suspendu-par-monaco-pour-la-finale-face-a-paris-20250614\" data-fig-type=\"NewsFlash\" data-gtm-custom-categorie=\"navigation\" data-gtm-custom-action=\"crossclick\" data-gtm-custom-label=\"Contextuel\" data-gtm-event=\"customEventSPE\" data-fig-domain=\"LEFIGARO\" target=\"_blank\" rel=\"noopener\">le meneur US a aussi et surtout \u00e9t\u00e9 suspendu par son club<\/a>. Une chose est s\u00fbre\u00a0: James n\u2019\u00e9tait pas avec ses camarades \u00e0 Paris. Est-il encore physiquement \u00e0 Monaco\u00a0? Un souci, pas le seul, dans une fin de saison pour le moins mouvement\u00e9e sur le Rocher. \u00ab\u00c7a affecte forc\u00e9ment l\u2019\u00e9quipe. On ne peut pas y penser maintenant. En tant que coach, je dois penser au jeu. Mais \u00e9videmment, notre mentalit\u00e9 n\u2019est pas la m\u00eame, on ne joue pas le m\u00eame basket que celui qu\u2019on a jou\u00e9 depuis six mois que je suis l\u00e0 ou au Final Four, un jeu qui a fait que tout le monde admirait cette \u00e9quipe. Ce n\u2019est en tout cas pas le moment de penser \u00e0 tout cela. Il ne faut penser qu\u2019\u00e0 trouver un moyen de faire un bon match vendredi\u00bb, juge Spanoulis. Plus facile \u00e0 dire qu\u2019\u00e0 faire\u00a0?<\/p>\n","protected":false},"excerpt":{"rendered":"D\u00c9CRYPTAGE \u2013 Le match 2 des finales du championnat de France de basket a tourn\u00e9 \u00e0 la correction&hellip;\n","protected":false},"author":2,"featured_media":187491,"comment_status":"","ping_status":"","sticky":false,"template":"","format":"standard","meta":{"footnotes":""},"categories":[1888],"tags":[1111,1928,11,1927,7540,2190,1465,1464,2180,2192,814,64,1777,450,2183,674,1011,27,2191,2193,820,2181,2182,12,1926,626,2179,1925,2189,2186,2184,2185,25,1980,2188,2187],"class_list":{"0":"post-187490","1":"post","2":"type-post","3":"status-publish","4":"format-standard","5":"has-post-thumbnail","7":"category-paris","8":"tag-actu","9":"tag-actu-paris","10":"tag-actualites","11":"tag-actualites-paris","12":"tag-as-monaco-basket","13":"tag-asvel","14":"tag-basket","15":"tag-basketball","16":"tag-championnats-deurope","17":"tag-cholet","18":"tag-direct","19":"tag-equipe-de-france","20":"tag-eu","21":"tag-euro","22":"tag-euroligue","23":"tag-europe","24":"tag-fr","25":"tag-france","26":"tag-le-mans","27":"tag-limoges","28":"tag-live","29":"tag-mondial","30":"tag-nba","31":"tag-news","32":"tag-news-paris","33":"tag-paris","34":"tag-paris-basketball","35":"tag-paris-news","36":"tag-photos","37":"tag-play-offs","38":"tag-pro-a","39":"tag-pro-b","40":"tag-republique-francaise","41":"tag-resultats","42":"tag-statistiques","43":"tag-stats"},"share_on_mastodon":{"url":"https:\/\/pubeurope.com\/@fr\/114708055626324668","error":""},"_links":{"self":[{"href":"https:\/\/www.europesays.com\/fr\/wp-json\/wp\/v2\/posts\/187490","targetHints":{"allow":["GET"]}}],"collection":[{"href":"https:\/\/www.europesays.com\/fr\/wp-json\/wp\/v2\/posts"}],"about":[{"href":"https:\/\/www.europesays.com\/fr\/wp-json\/wp\/v2\/types\/post"}],"author":[{"embeddable":true,"href":"https:\/\/www.europesays.com\/fr\/wp-json\/wp\/v2\/users\/2"}],"replies":[{"embeddable":true,"href":"https:\/\/www.europesays.com\/fr\/wp-json\/wp\/v2\/comments?post=187490"}],"version-history":[{"count":0,"href":"https:\/\/www.europesays.com\/fr\/wp-json\/wp\/v2\/posts\/187490\/revisions"}],"wp:featuredmedia":[{"embeddable":true,"href":"https:\/\/www.europesays.com\/fr\/wp-json\/wp\/v2\/media\/187491"}],"wp:attachment":[{"href":"https:\/\/www.europesays.com\/fr\/wp-json\/wp\/v2\/media?parent=187490"}],"wp:term":[{"taxonomy":"category","embeddable":true,"href":"https:\/\/www.europesays.com\/fr\/wp-json\/wp\/v2\/categories?post=187490"},{"taxonomy":"post_tag","embeddable":true,"href":"https:\/\/www.europesays.com\/fr\/wp-json\/wp\/v2\/tags?post=187490"}],"curies":[{"name":"wp","href":"https:\/\/api.w.org\/{rel}","templated":true}]}}