{"id":187492,"date":"2025-06-19T04:06:34","date_gmt":"2025-06-19T04:06:34","guid":{"rendered":"https:\/\/www.europesays.com\/fr\/187492\/"},"modified":"2025-06-19T04:06:34","modified_gmt":"2025-06-19T04:06:34","slug":"rayons-vides-retards-de-paiements-des-clients-qui-ne-viennent-plus-a-paris-le-bhv-vacille-t-il","status":"publish","type":"post","link":"https:\/\/www.europesays.com\/fr\/187492\/","title":{"rendered":"\u00ab Rayons vides \u00bb, \u00ab retards de paiements \u00bb, des clients qui \u00ab ne viennent plus\u00a0\u00bb : \u00e0 Paris, le BHV vacille-t-il\u00a0?"},"content":{"rendered":"<p class=\"paragraph text_align_left\">\u00ab Bonjour, avez-vous des patins pour mettre sous les pieds d\u2019un meuble ? \u00bb \u00c0 la question de cette cliente, une salari\u00e9e du<a href=\"https:\/\/www.leparisien.fr\/paris-75\/le-bhv-doit-devenir-le-magasin-prefere-des-parisiens-ambitionne-son-nouveau-directeur-07-05-2025-MXMQWZTF5VD6LG2IR6YJF3AKPE.php\" target=\"_self\" rel=\"nofollow noopener\"> BHV <\/a>r\u00e9pond : \u00ab Oui, \u00e7a, nous avons. \u00bb Moins de chance pour ce Parisien qui refait sa douche. \u00ab Je n\u2019ai pas trouv\u00e9 de flexible \u00bb, souffle-t-il. \u00ab Les gros fournisseurs en robinetterie n\u2019approvisionnent plus \u00bb, explique une vendeuse au sous-sol.<\/p>\n<p class=\"paragraph text_align_left\">Cette semaine, nous avons d\u00e9ambul\u00e9 dans les \u00e9tages du c\u00e9l\u00e8bre grand magasin de la rue de Rivoli <a href=\"https:\/\/www.leparisien.fr\/paris-75\/paris-75004\/\" target=\"_self\" rel=\"nofollow noopener\">(IVe)<\/a> qui conna\u00eet une p\u00e9riode tumultueuse. Au bricolage, des rayons sont clairsem\u00e9s. Un corner de d\u00e9coration d\u2019int\u00e9rieur plie bagage. \u00ab Je me rends au BHV pour des besoins sp\u00e9cifiques, en \u00e9lectricit\u00e9, ainsi qu\u2019aux beaux-arts. Mais l\u2019offre diminue \u00bb, observe cette habitu\u00e9e.<\/p>\n","protected":false},"excerpt":{"rendered":"\u00ab Bonjour, avez-vous des patins pour mettre sous les pieds d\u2019un meuble ? \u00bb \u00c0 la question de&hellip;\n","protected":false},"author":2,"featured_media":187493,"comment_status":"","ping_status":"","sticky":false,"template":"","format":"standard","meta":{"footnotes":""},"categories":[1888],"tags":[1111,1928,11,1927,1777,674,1011,27,1944,12,1926,626,1925,25],"class_list":{"0":"post-187492","1":"post","2":"type-post","3":"status-publish","4":"format-standard","5":"has-post-thumbnail","7":"category-paris","8":"tag-actu","9":"tag-actu-paris","10":"tag-actualites","11":"tag-actualites-paris","12":"tag-eu","13":"tag-europe","14":"tag-fr","15":"tag-france","16":"tag-ma-ville","17":"tag-news","18":"tag-news-paris","19":"tag-paris","20":"tag-paris-news","21":"tag-republique-francaise"},"share_on_mastodon":{"url":"https:\/\/pubeurope.com\/@fr\/114708059474496152","error":""},"_links":{"self":[{"href":"https:\/\/www.europesays.com\/fr\/wp-json\/wp\/v2\/posts\/187492","targetHints":{"allow":["GET"]}}],"collection":[{"href":"https:\/\/www.europesays.com\/fr\/wp-json\/wp\/v2\/posts"}],"about":[{"href":"https:\/\/www.europesays.com\/fr\/wp-json\/wp\/v2\/types\/post"}],"author":[{"embeddable":true,"href":"https:\/\/www.europesays.com\/fr\/wp-json\/wp\/v2\/users\/2"}],"replies":[{"embeddable":true,"href":"https:\/\/www.europesays.com\/fr\/wp-json\/wp\/v2\/comments?post=187492"}],"version-history":[{"count":0,"href":"https:\/\/www.europesays.com\/fr\/wp-json\/wp\/v2\/posts\/187492\/revisions"}],"wp:featuredmedia":[{"embeddable":true,"href":"https:\/\/www.europesays.com\/fr\/wp-json\/wp\/v2\/media\/187493"}],"wp:attachment":[{"href":"https:\/\/www.europesays.com\/fr\/wp-json\/wp\/v2\/media?parent=187492"}],"wp:term":[{"taxonomy":"category","embeddable":true,"href":"https:\/\/www.europesays.com\/fr\/wp-json\/wp\/v2\/categories?post=187492"},{"taxonomy":"post_tag","embeddable":true,"href":"https:\/\/www.europesays.com\/fr\/wp-json\/wp\/v2\/tags?post=187492"}],"curies":[{"name":"wp","href":"https:\/\/api.w.org\/{rel}","templated":true}]}}