{"id":187494,"date":"2025-06-19T04:07:10","date_gmt":"2025-06-19T04:07:10","guid":{"rendered":"https:\/\/www.europesays.com\/fr\/187494\/"},"modified":"2025-06-19T04:07:10","modified_gmt":"2025-06-19T04:07:10","slug":"coups-de-feu-a-bagnolet-une-balle-perdue-traverse-un-appartement-et-finit-dans-une-armoire","status":"publish","type":"post","link":"https:\/\/www.europesays.com\/fr\/187494\/","title":{"rendered":"Coups de feu \u00e0 Bagnolet\u00a0: une balle perdue traverse un appartement et finit dans une armoire"},"content":{"rendered":"<p class=\"paragraph text_align_left\">\u00ab J\u2019ai peur de sortir \u00bb. Ce mercredi matin, cette habitante de la rue Sampaix, \u00e0 Bagnolet a appris que des coups de feu avaient \u00e9t\u00e9 tir\u00e9s la veille en bas de chez elle, et qu\u2019une balle avait travers\u00e9 un appartement. \u00ab Je suis choqu\u00e9e \u00bb, l\u00e2che-t-elle.<\/p>\n<p class=\"paragraph text_align_left\">Il \u00e9tait 20h40 mari soir, quand les riverains ont entendu plusieurs coups de feu dans le secteur de la rue Estienne-d\u2019Orves. Les policiers arriv\u00e9s sur les lieux ont d\u00e9couvert deux douilles de 9 mm au sol au niveau du 4, rue Estienne-d\u2019Orves et une autre au 4, rue Lucien Sampaix, deux adresses situ\u00e9es dans le quartier des Malassis.<\/p>\n<p class=\"paragraph text_align_left\">Poussant leurs investigations un peu plus loin dans la rue Sampaix, ils ont constat\u00e9 qu\u2019une balle avait bris\u00e9 une vitre d\u2019un appartement du 1er \u00e9tage. Dans l\u2019appartement, ils ont retrouv\u00e9 la trace d\u2019un impact sur une armoire en bois situ\u00e9e dans le salon. Plus de peur que de mal pour les occupants : on ne d\u00e9plore aucun bless\u00e9. Un autre projectile a percut\u00e9 la fa\u00e7ade de l\u2019immeuble au niveau du 2e \u00e9tage.<\/p>\n<p class=\"paragraph text_align_left\">Des t\u00e9moins ont vu un homme repartir \u00e0 pied. Le bilan aurait pu \u00eatre beaucoup plus lourd lors de cette soir\u00e9e, de nombreux habitants profitaient de cette soir\u00e9e estivale.<\/p>\n<p class=\"paragraph text_align_left\">L\u2019auteur des coups de feu est activement recherch\u00e9. Il pourrait s\u2019agir d\u2019un \u00ab r\u00e8glement de comptes entre deux familles \u00bb, comme l\u2019a indiqu\u00e9 un riverain \u00e0 la police. La piste d\u2019un diff\u00e9rend entre trafiquants est tout aussi plausible : <a href=\"https:\/\/www.leparisien.fr\/seine-saint-denis-93\/nouvelle-flambee-de-violence-dans-un-quartier-de-bagnolet-25-04-2018-7683405.php\" target=\"_self\" rel=\"nofollow noopener\">le quartier des Malassis<\/a> abrite un important trafic de drogue.<\/p>\n","protected":false},"excerpt":{"rendered":"\u00ab J\u2019ai peur de sortir \u00bb. Ce mercredi matin, cette habitante de la rue Sampaix, \u00e0 Bagnolet a&hellip;\n","protected":false},"author":2,"featured_media":187495,"comment_status":"","ping_status":"","sticky":false,"template":"","format":"standard","meta":{"footnotes":""},"categories":[1888],"tags":[11,1777,674,118,1011,27,1944,12,626,25,1945],"class_list":{"0":"post-187494","1":"post","2":"type-post","3":"status-publish","4":"format-standard","5":"has-post-thumbnail","7":"category-paris","8":"tag-actualites","9":"tag-eu","10":"tag-europe","11":"tag-faits-divers","12":"tag-fr","13":"tag-france","14":"tag-ma-ville","15":"tag-news","16":"tag-paris","17":"tag-republique-francaise","18":"tag-seine-saint-denis"},"share_on_mastodon":{"url":"https:\/\/pubeurope.com\/@fr\/114708063574757253","error":""},"_links":{"self":[{"href":"https:\/\/www.europesays.com\/fr\/wp-json\/wp\/v2\/posts\/187494","targetHints":{"allow":["GET"]}}],"collection":[{"href":"https:\/\/www.europesays.com\/fr\/wp-json\/wp\/v2\/posts"}],"about":[{"href":"https:\/\/www.europesays.com\/fr\/wp-json\/wp\/v2\/types\/post"}],"author":[{"embeddable":true,"href":"https:\/\/www.europesays.com\/fr\/wp-json\/wp\/v2\/users\/2"}],"replies":[{"embeddable":true,"href":"https:\/\/www.europesays.com\/fr\/wp-json\/wp\/v2\/comments?post=187494"}],"version-history":[{"count":0,"href":"https:\/\/www.europesays.com\/fr\/wp-json\/wp\/v2\/posts\/187494\/revisions"}],"wp:featuredmedia":[{"embeddable":true,"href":"https:\/\/www.europesays.com\/fr\/wp-json\/wp\/v2\/media\/187495"}],"wp:attachment":[{"href":"https:\/\/www.europesays.com\/fr\/wp-json\/wp\/v2\/media?parent=187494"}],"wp:term":[{"taxonomy":"category","embeddable":true,"href":"https:\/\/www.europesays.com\/fr\/wp-json\/wp\/v2\/categories?post=187494"},{"taxonomy":"post_tag","embeddable":true,"href":"https:\/\/www.europesays.com\/fr\/wp-json\/wp\/v2\/tags?post=187494"}],"curies":[{"name":"wp","href":"https:\/\/api.w.org\/{rel}","templated":true}]}}