{"id":187506,"date":"2025-06-19T04:13:16","date_gmt":"2025-06-19T04:13:16","guid":{"rendered":"https:\/\/www.europesays.com\/fr\/187506\/"},"modified":"2025-06-19T04:13:16","modified_gmt":"2025-06-19T04:13:16","slug":"lhistoire-des-historiens-communautaires-en-allemagne","status":"publish","type":"post","link":"https:\/\/www.europesays.com\/fr\/187506\/","title":{"rendered":"L&rsquo;histoire des \u00ab historiens \u00bb communautaires en Allemagne"},"content":{"rendered":"<p>Au c\u0153ur d&rsquo;une Allemagne dynamique, les sites d&rsquo;information et les m\u00e9dias des journalistes de la communaut\u00e9 vietnamienne se joignent au flux constant d&rsquo;informations, formant un pont solide reliant des centaines de milliers de Vietnamiens d&rsquo;outre-mer \u00e0 leur patrie, tout en refl\u00e9tant fid\u00e8lement le rythme de vie, les d\u00e9fis et les r\u00e9ussites de la communaut\u00e9. Ils sont les \u00ab\u00a0messagers\u00a0\u00bb de l&rsquo;information, de la culture communautaire et la voix de la majorit\u00e9 des Vietnamiens d&rsquo;Allemagne.<\/p>\n<p> Chaque journaliste communautaire a commenc\u00e9 sa carri\u00e8re de journaliste avec un destin diff\u00e9rent, mais ils ont tous une chose en commun : ils font du journalisme b\u00e9n\u00e9volement, sans salaire, mais avec passion et bonheur lorsqu&rsquo;ils contribuent \u00e0 la communaut\u00e9.<\/p>\n<p> Ces journalistes \u00ab sans carte \u00bb ne craignent pas les difficult\u00e9s et les difficult\u00e9s de se d\u00e9placer partout, d&rsquo;assister \u00e0 tous les \u00e9v\u00e9nements des associations pour rapporter des nouvelles, contribuant ainsi \u00e0 diffuser des informations positives dans la communaut\u00e9 vietnamienne.<\/p>\n<p> M. Nguyen Duc Thang, actuellement pr\u00e9sident du Club de litt\u00e9rature et d&rsquo;arts d&rsquo;octobre \u00e0 Berlin, a officiellement commenc\u00e9 \u00e0 travailler dans le journalisme communautaire en 2007 lorsqu&rsquo;il \u00e9tait vice-pr\u00e9sident permanent de l&rsquo;Association des entreprises du Vietnam en R\u00e9publique f\u00e9d\u00e9rale d&rsquo;Allemagne et \u00e9galement r\u00e9dacteur en chef du magazine Vietnam Business en R\u00e9publique f\u00e9d\u00e9rale d&rsquo;Allemagne.<\/p>\n<p> Il a ensuite collabor\u00e9 avec une entreprise de m\u00e9dias pour lancer le journal en ligne Tuoi Tre et en est devenu le r\u00e9dacteur en chef. Il a \u00e9galement traduit et r\u00e9dig\u00e9 des articles pour le magazine en ligne Talawas, un groupe de traducteurs vietnamiens en Allemagne.<\/p>\n<p> En tant que membre du comit\u00e9 ex\u00e9cutif de l&rsquo;Association germano-vietnamienne et membre du jury du concours de traduction\/interpr\u00e9tation de la R\u00e9publique f\u00e9d\u00e9rale d&rsquo;Allemagne, M. Duc Thang poss\u00e8de une solide connaissance de la langue et une profonde compr\u00e9hension du pays h\u00f4te, ce qui lui permet de r\u00e9diger de nombreux articles et analyses sur les \u00e9v\u00e9nements <a class=\"data-link\" data-org-href=\"https:\/\/www.vietnam.vn\/category\/chinh-tri\" href=\"https:\/\/www.vietnam.vn\/category\/chinh-tri\" title=\"politique\" rel=\"nofollow noopener\" target=\"_blank\">politiques<\/a> et sociaux br\u00fblants en Allemagne.<\/p>\n<p> Il est heureux car, gr\u00e2ce \u00e0 sa ma\u00eetrise de l&rsquo;allemand, il peut informer sur <a class=\"data-link\" data-org-href=\"https:\/\/www.vietnam.vn\/category\/kinh-te\" href=\"https:\/\/www.vietnam.vn\/category\/kinh-te\" title=\"\u00e9conomie\" rel=\"nofollow noopener\" target=\"_blank\">l&rsquo;\u00e9conomie<\/a> , la culture et le droit allemands ceux qui ne le ma\u00eetrisent pas. Il collabore \u00e9galement \u00e0 la presse nationale et a \u00e9crit des articles pour des journaux tels que Sports &amp; Culture de l&rsquo;Agence vietnamienne d&rsquo;information (VNA), Hanoi Moi et Law&#8230;<\/p>\n<p> Durant la pand\u00e9mie de COVID-19, M. Duc Thang a r\u00e9guli\u00e8rement r\u00e9dig\u00e9 des articles r\u00e9sumant la situation de la pand\u00e9mie en Allemagne et les politiques de pr\u00e9vention mises en \u0153uvre par le <a class=\"data-link\" data-org-href=\"https:\/\/www.vietnam.vn\/tag\/chinh-phu\" href=\"https:\/\/www.vietnam.vn\/tag\/chinh-phu\" title=\"Gouvernement\" rel=\"nofollow noopener\" target=\"_blank\">gouvernement<\/a> allemand, soutenant ainsi les particuliers et les entreprises en difficult\u00e9. Ses articles ont \u00e9t\u00e9 chaleureusement accueillis par la communaut\u00e9 et l&rsquo;ambassade du Vietnam en R\u00e9publique f\u00e9d\u00e9rale d&rsquo;Allemagne lui a d\u00e9cern\u00e9 un certificat de m\u00e9rite pour ses contributions.<\/p>\n<p> M. Nguyen Huy Thang, \u00e9galement attach\u00e9 depuis longtemps \u00e0 l\u2019Allemagne, est arriv\u00e9 en Allemagne en 1988 et est souvent appel\u00e9 affectueusement le journaliste Huy Thang par tous les membres de la communaut\u00e9.<\/p>\n<p> Il a d\u00e9but\u00e9 sa carri\u00e8re journalistique en 1979, alors qu&rsquo;il \u00e9tait correspondant de guerre sur le front frontalier nord. En 2016, apr\u00e8s sa retraite, il a fond\u00e9 Viet-Duc TV et, depuis, il s&rsquo;est remis au journalisme avec enthousiasme.<\/p>\n<p> Il a partag\u00e9 : \u00ab Depuis plus de 9 ans, je suis passionn\u00e9 par le journalisme, enthousiaste, aimant et attir\u00e9 par l&rsquo;id\u00e9e de devenir journaliste communautaire. C&rsquo;est ma joie, je ne le fais pas pour l&rsquo;argent, mais pour le respect et l&rsquo;amour de la communaut\u00e9. \u00bb<\/p>\n<p> Son site d&rsquo;information est devenu un canal d&rsquo;information au service des Vietnamiens d&rsquo;outre-mer, leur apportant des informations nationales et transmettant leurs informations au pays, r\u00e9pondant \u00e0 leur besoin d&rsquo;informations sur la situation au Vietnam et en Allemagne.<\/p>\n<p> D\u00e9crivant son m\u00e9tier, il a d\u00e9clar\u00e9\u00a0: \u00ab\u00a0Je suis extr\u00eamement heureux d\u2019\u00eatre journaliste, comme un historien pour la communaut\u00e9. Mes informations suivent les \u00e9v\u00e9nements marquants de la communaut\u00e9.\u00a0\u00bb<\/p>\n<p> Le 28 juin 2015, lors du festival c\u00e9l\u00e9brant le 40e anniversaire de l&rsquo;\u00e9tablissement des relations diplomatiques entre le Vietnam et l&rsquo;Allemagne au Centre Dong Xuan de Berlin, 10\u00a0000 personnes \u00e9taient pr\u00e9sentes, dont de nombreux Allemands qui participaient pour la premi\u00e8re fois \u00e0 un festival vietnamien. L&rsquo;enthousiasme \u00e9tait palpable\u00a0! Cet \u00e9v\u00e9nement a suscit\u00e9 une \u00e9motion particuli\u00e8re chez le journaliste Huy Thang, qui a compos\u00e9 la chanson \u00ab\u00a0Le Vietnam et l&rsquo;Allemagne sont nos patries\u00a0\u00bb, qui a profond\u00e9ment marqu\u00e9 la communaut\u00e9 vietnamienne en R\u00e9publique f\u00e9d\u00e9rale d&rsquo;Allemagne.<\/p>\n<p> Le journaliste Huy Thang a \u00e9galement racont\u00e9 ses impressions en 2014, lorsqu&rsquo;il repr\u00e9sentait les Vietnamiens d&rsquo;outre-mer en Allemagne pour visiter l&rsquo;archipel de Truong Sa. Ce voyage, riche en souvenirs m\u00e9morables et \u00e9mouvants, aux c\u00f4t\u00e9s de Vietnamiens du monde entier, lui a laiss\u00e9 des sentiments particuliers, une solidarit\u00e9 et une harmonie profondes. Lors de ce voyage, il a compos\u00e9 la chanson \u00ab Hoang Sa Truong Sa, oh, nous sommes revenus ici \u00bb , devenue le bagage de nombreuses d\u00e9l\u00e9gations vietnamiennes d&rsquo;outre-mer en visite \u00e0 Truong Sa.<\/p>\n<p> Le journalisme communautaire est \u00ab libre \u00bb et constitue un travail spontan\u00e9 et b\u00e9n\u00e9vole, mais les journalistes communautaires estiment qu\u2019ils ont pour mission et responsabilit\u00e9 d\u2019enregistrer les activit\u00e9s communautaires, de diffuser des informations sur l\u2019int\u00e9gration dans la soci\u00e9t\u00e9 locale et de se tourner vers leur patrie. <\/p>\n<p><img loading=\"lazy\" decoding=\"async\" id=\"1478621\" alt=\"ttxvn-ong-nguyen-sy-phuong-1906.jpg\" data-width=\"600\" data-height=\"881\" data-image-id=\"1478621\" class=\"lazyload cms-photo\" data-large-src=\"https:\/\/media.vietnamplus.vn\/images\/02e30917696bf3f7fd5a4d8c31547934e8c0626ccb433faea2f9c9af601abd567e9a874e0cdc28511409c9a3736881bd212d9c16a1fd662630fd659fb1a02588\/ttxvn-ong-nguyen-sy-phuong-1906.jpg\" src=\"https:\/\/www.europesays.com\/fr\/wp-content\/uploads\/2025\/06\/ttxvn-ong-nguyen-sy-phuong-1906.jpg\" width=\"600\" height=\"881\"\/><\/p>\n<p> M. Nguyen Sy Phuong, ou comme on l&rsquo;appelle souvent Dr Phuong, l&rsquo;un des journalistes communautaires les plus exp\u00e9riment\u00e9s de Leipzig, a \u00e9galement racont\u00e9 une histoire touchante sur le journalisme communautaire\u00a0: \u00ab\u00a0Le soir du Nouvel An 2009, alors que le ciel \u00e9tait couvert de neige, j&rsquo;ai re\u00e7u un appel d&rsquo;une jeune Vietnamienne qui se trouvait \u00e0 la fronti\u00e8re germano-polonaise. Dans un sanglot \u00e9touff\u00e9, elle m&rsquo;a dit que son mari l&rsquo;avait mise \u00e0 la porte et avait verrouill\u00e9 la porte. J&rsquo;\u00e9tais abasourdi et je ne pouvais que l&rsquo;encourager \u00e0 essayer de se cacher quelque part pour \u00e9chapper \u00e0 la temp\u00eate, et j&rsquo;appellerais la police. Ce fut le d\u00e9but d&rsquo;une s\u00e9rie d&rsquo;articles sur le droit p\u00e9nal allemand et le droit de la famille, tr\u00e8s utiles aux Vietnamiens qui cherchaient \u00e0 s&rsquo;int\u00e9grer dans la soci\u00e9t\u00e9 allemande.\u00a0\u00bb<\/p>\n<p> M. Phuong est arriv\u00e9 en R\u00e9publique d\u00e9mocratique allemande en 1986 pour effectuer des recherches. Apr\u00e8s la r\u00e9unification de l&rsquo;Allemagne en 1990, des dizaines de milliers de Vietnamiens, pour la plupart des travailleurs exportateurs, ont perdu leur emploi et ont d\u00fb se d\u00e9brouiller seuls en Allemagne. Contraints de se tourner vers le commerce, ils ont d\u00fb lutter sans aucune connaissance ni exp\u00e9rience des affaires et avaient un besoin urgent de soutien. M\u00eame le peuple et l&rsquo;administration allemands \u00e9taient d\u00e9sempar\u00e9s par cette transformation de l&rsquo;ensemble des fondements sociaux.<\/p>\n<p> En r\u00e9ponse \u00e0 ce besoin, M. Phuong a enregistr\u00e9 son entreprise en tant que consultant en affaires, fournissant des services de proc\u00e9dure commerciale, de d\u00e9claration fiscale et de r\u00e9solution de probl\u00e8mes pour les Vietnamiens.<\/p>\n<p> Fort de cette exp\u00e9rience pratique en Allemagne, alors que le Vietnam menait en m\u00eame temps un processus de r\u00e9novation et de transition vers une \u00e9conomie de march\u00e9, il a commenc\u00e9 \u00e0 \u00e9crire des articles de r\u00e9f\u00e9rence sur l&rsquo;\u00e9conomie, les march\u00e9s, les politiques, les lois, les appareils&#8230; pour des journaux nationaux publi\u00e9s chaque semaine, en commen\u00e7ant par Saigon Economic Times, puis Saigon Marketing, Tia Sang, Vietnamnet, Education&#8230; <\/p>\n<p>En 2003, M. Phuong a publi\u00e9 le journal Thoi Bao Viet Duc, seul journal vietnamien enregistr\u00e9 et d\u00e9pos\u00e9 \u00e0 la Deutsche B\u00fccherei Library (Biblioth\u00e8que allemande). Son objectif \u00e9tait de soutenir l&rsquo;int\u00e9gration et de d\u00e9velopper la communaut\u00e9 vietnamienne en Allemagne, de fournir des conseils dans tous les domaines, de la famille \u00e0 la soci\u00e9t\u00e9, de l&rsquo;immigration au droit, en passant par l&rsquo;\u00e9ducation, la r\u00e9sidence et les affaires\u2026 et notamment de fournir de nombreuses informations sur les associations, essentielles aux activit\u00e9s communautaires. En 2017, le journal est pass\u00e9 au format \u00e9lectronique et s&rsquo;appelle d\u00e9sormais Duc Viet Online (www.ducvietonline.de).<\/p>\n<p> M. Phuong a confi\u00e9 : \u00ab La joie et la motivation du journal, c&rsquo;est quand tous les probl\u00e8mes de chaque individu peuvent \u00eatre r\u00e9solus gr\u00e2ce au journal et aux conseils directs de la r\u00e9daction, comme le dit la devise de Karl Marx : \u00ab L&rsquo;homme le plus heureux est celui qui apporte le bonheur au plus grand nombre. \u00bb<\/p>\n<p> M. Nguyen Khac Hung, actuellement install\u00e9 \u00e0 Berlin, est \u00e9galement journaliste communautaire et fort de 15 ans d&rsquo;exp\u00e9rience professionnelle. Il a expliqu\u00e9 qu&rsquo;en 2010, \u00e0 l&rsquo;occasion du 1000e anniversaire de Thang Long, l&rsquo;Association de Hanoi en R\u00e9publique f\u00e9d\u00e9rale d&rsquo;Allemagne a \u00e9t\u00e9 cr\u00e9\u00e9e, dont il \u00e9tait l&rsquo;un des membres fondateurs. Cette association nouvellement cr\u00e9\u00e9e disposait de son propre site web et cherchait quelqu&rsquo;un pour cr\u00e9er son journal. Il a donc commenc\u00e9 \u00e0 travailler comme journaliste.<\/p>\n<p> Apr\u00e8s avoir \u00e9crit des articles r\u00e9fl\u00e9chis sur Hano\u00ef et les activit\u00e9s de l&rsquo;association, chaleureusement accueillis par la communaut\u00e9, il s&rsquo;est progressivement consacr\u00e9 \u00e0 des sujets plus vastes. Sous le pseudonyme de Hung Ly, il est devenu c\u00e9l\u00e8bre au sein de la communaut\u00e9 pour ses centaines d&rsquo;articles publi\u00e9s dans des journaux locaux et nationaux.<\/p>\n<p> Il a expliqu\u00e9 que la motivation qui le pousse \u00e0 \u00e9crire avec enthousiasme est la joie de voir sa voix atteindre le public et d&rsquo;\u00eatre accept\u00e9. \u00ab Chaque fois que j&rsquo;\u00e9cris un article, j&rsquo;attends avec impatience sa publication et les r\u00e9actions des lecteurs. Des articles comme \u00ab\u00a0R\u00e9flexions sur les f\u00eates des Hano\u00efens\u00a0\u00bb sont consult\u00e9s des dizaines de milliers de fois et re\u00e7oivent des centaines de commentaires positifs. Je suis ravi\u00a0\u00bb, a-t-il d\u00e9clar\u00e9.<\/p>\n<p> M. Hung estime que la mission du journalisme communautaire est d&rsquo;informer et de f\u00e9d\u00e9rer la communaut\u00e9, en vue d&rsquo;une int\u00e9gration r\u00e9ussie en Allemagne et dans son pays d&rsquo;origine. Dans une certaine mesure, le journalisme communautaire contribue \u00e9galement \u00e0 transmettre les informations n\u00e9cessaires des agences de repr\u00e9sentation vietnamiennes \u00e0 la communaut\u00e9, ainsi qu&rsquo;\u00e0 accompagner les citoyens dans leurs d\u00e9marches de retour au pays.<\/p>\n<p> Les journalistes communautaires en Allemagne sont des Vietnamiens de premi\u00e8re g\u00e9n\u00e9ration qui se sont install\u00e9s en Allemagne et qui ont maintenant entre 70 et 80 ans. La plus grande difficult\u00e9 pour eux est donc de constituer une \u00e9quipe de successeurs alors que la deuxi\u00e8me et la troisi\u00e8me g\u00e9n\u00e9ration de Vietnamiens sont beaucoup plus faibles en langue vietnamienne et sont \u00e9galement beaucoup moins connect\u00e9s \u00e0 leur pays d&rsquo;origine, le Vietnam.<\/p>\n<p> Selon le journaliste Duc Thang, pour maintenir le journalisme communautaire, il faut avant tout entretenir les \u00e9crivains et encourager les journalistes, en particulier les jeunes. Ensuite, il faut mettre en place un m\u00e9canisme de formation des \u00e9crivains et former des jeunes vietnamiens capables et enthousiastes d&rsquo;\u00e9crire.<\/p>\n<p> Ensuite, il est n\u00e9cessaire d&rsquo;instaurer une coordination entre les journaux en ligne afin de garantir une structure organisationnelle solide pour la r\u00e9daction et la publication d&rsquo;articles. Un syst\u00e8me de r\u00e9mun\u00e9ration, m\u00eame symbolique, est n\u00e9cessaire pour encourager les auteurs.<\/p>\n<p> Pour mettre en \u0153uvre les solutions ci-dessus, selon M. Duc Thang, nous avons bien s\u00fbr besoin du soutien des autorit\u00e9s de l\u2019\u00c9tat et des journalistes professionnels.<\/p>\n<p> Le journaliste Huy Thang estime \u00e9galement que la t\u00e2che est tr\u00e8s difficile. Il a d\u00e9clar\u00e9\u00a0: \u00ab\u00a0Actuellement, nous travaillons principalement seuls, avec des r\u00e9dactions compos\u00e9es d&rsquo;une ou deux personnes seulement. Nous devons parfois payer de notre poche des collaborateurs, mais personne ne collabore avec enthousiasme et profondeur. Nous n&rsquo;avons pas encore trouv\u00e9 de r\u00e9ponse \u00e0 cette question.\u00a0\u00bb <\/p>\n<p><img loading=\"lazy\" decoding=\"async\" id=\"1478622\" alt=\"ttxvn-ong-nguyen-khac-hung-1906.jpg\" data-width=\"1200\" data-height=\"1600\" data-image-id=\"1478622\" class=\"lazyload cms-photo\" data-large-src=\"https:\/\/media.vietnamplus.vn\/images\/02e30917696bf3f7fd5a4d8c31547934e8c0626ccb433faea2f9c9af601abd56a54cce8f6830929690906886c5dfc889212d9c16a1fd662630fd659fb1a02588\/ttxvn-ong-nguyen-khac-hung-1906.jpg\" src=\"https:\/\/www.europesays.com\/fr\/wp-content\/uploads\/2025\/06\/ttxvn-ong-nguyen-khac-hung-1906.jpg\" title=\"M. Nguyen Khac Hung (\u00e0 droite) et l'ambassadeur du Vietnam en Allemagne, Vu Quang Minh. (Photo : AVN)\" width=\"660\" height=\"880\"\/> M. Nguyen Khac Hung (\u00e0 droite) et l&rsquo;ambassadeur du Vietnam en Allemagne, Vu Quang Minh. (Photo : AVN)<\/p>\n<p> Le journaliste Hung Ly estime que : \u00ab L&rsquo;\u00e9criture est \u00e9troitement li\u00e9e \u00e0 la langue, et plus particuli\u00e8rement au vietnamien, et rares sont les jeunes de deuxi\u00e8me et troisi\u00e8me g\u00e9n\u00e9rations qui ma\u00eetrisent le vietnamien. Sans compter que le journalisme exige \u00e9galement des auteurs qu&rsquo;ils soient attach\u00e9s \u00e0 la communaut\u00e9, qu&rsquo;ils comprennent ses besoins et qu&rsquo;ils s&rsquo;adressent \u00e0 elle. Trouver des personnes qui r\u00e9pondent \u00e0 ces crit\u00e8res est extr\u00eamement difficile. Sans compter que le journalisme communautaire n&rsquo;est pas une profession qui permet de gagner sa vie, ce qui complique encore plus la t\u00e2che de trouver des successeurs. \u00bb<\/p>\n<p> Selon lui, il est \u00e9galement possible de s&rsquo;appuyer sur les associations, notamment \u00e9tudiantes, pour trouver des facteurs appropri\u00e9s, permettant ainsi de guider, de former et surtout d&rsquo;encourager et d&rsquo;orienter les jeunes qui aiment et sont passionn\u00e9s par le journalisme communautaire.<\/p>\n<p> On peut dire que le journalisme communautaire en Allemagne est encore \u00e0 son apog\u00e9e\u00a0: malgr\u00e9 leur \u00e2ge, les journalistes communautaires sont toujours aussi enthousiastes et contribuent grandement \u00e0 tisser des liens entre la communaut\u00e9 et leur pays d&rsquo;origine. Chacun poss\u00e8de ses propres atouts et contribue \u00e0 la construction de la communaut\u00e9 vietnamienne d&rsquo;outre-mer, mais chacun est pr\u00e9cieux et digne de respect.<\/p>\n<p class=\"mb-0\">Source : https:\/\/www.vietnamplus.vn\/chuyen-ve-nhung-nguoi-chep-su-cong-dong-tai-duc-post1045096.vnp<\/p>\n","protected":false},"excerpt":{"rendered":"Au c\u0153ur d&rsquo;une Allemagne dynamique, les sites d&rsquo;information et les m\u00e9dias des journalistes de la communaut\u00e9 vietnamienne se&hellip;\n","protected":false},"author":2,"featured_media":187507,"comment_status":"","ping_status":"","sticky":false,"template":"","format":"standard","meta":{"footnotes":""},"categories":[1587],"tags":[11,672,1804,32517,32518,1805,1803,1777,674,1801,2957,12,1802,32519,32520],"class_list":{"0":"post-187506","1":"post","2":"type-post","3":"status-publish","4":"format-standard","5":"has-post-thumbnail","7":"category-allemagne","8":"tag-actualites","9":"tag-allemagne","10":"tag-bundesrepublik-deutschland","11":"tag-communaute-vietnamienne","12":"tag-culture-communautaire","13":"tag-de","14":"tag-deutschland","15":"tag-eu","16":"tag-europe","17":"tag-germany","18":"tag-journaliste","19":"tag-news","20":"tag-republique-federale-dallemagne","21":"tag-traditionnel","22":"tag-vertu"},"share_on_mastodon":{"url":"https:\/\/pubeurope.com\/@fr\/114708087475532874","error":""},"_links":{"self":[{"href":"https:\/\/www.europesays.com\/fr\/wp-json\/wp\/v2\/posts\/187506","targetHints":{"allow":["GET"]}}],"collection":[{"href":"https:\/\/www.europesays.com\/fr\/wp-json\/wp\/v2\/posts"}],"about":[{"href":"https:\/\/www.europesays.com\/fr\/wp-json\/wp\/v2\/types\/post"}],"author":[{"embeddable":true,"href":"https:\/\/www.europesays.com\/fr\/wp-json\/wp\/v2\/users\/2"}],"replies":[{"embeddable":true,"href":"https:\/\/www.europesays.com\/fr\/wp-json\/wp\/v2\/comments?post=187506"}],"version-history":[{"count":0,"href":"https:\/\/www.europesays.com\/fr\/wp-json\/wp\/v2\/posts\/187506\/revisions"}],"wp:featuredmedia":[{"embeddable":true,"href":"https:\/\/www.europesays.com\/fr\/wp-json\/wp\/v2\/media\/187507"}],"wp:attachment":[{"href":"https:\/\/www.europesays.com\/fr\/wp-json\/wp\/v2\/media?parent=187506"}],"wp:term":[{"taxonomy":"category","embeddable":true,"href":"https:\/\/www.europesays.com\/fr\/wp-json\/wp\/v2\/categories?post=187506"},{"taxonomy":"post_tag","embeddable":true,"href":"https:\/\/www.europesays.com\/fr\/wp-json\/wp\/v2\/tags?post=187506"}],"curies":[{"name":"wp","href":"https:\/\/api.w.org\/{rel}","templated":true}]}}