{"id":187510,"date":"2025-06-19T04:15:10","date_gmt":"2025-06-19T04:15:10","guid":{"rendered":"https:\/\/www.europesays.com\/fr\/187510\/"},"modified":"2025-06-19T04:15:10","modified_gmt":"2025-06-19T04:15:10","slug":"olivia-gayat-familles-nombreuses-devoile-la-raison-de-son-absence-prolongee-apres-la-naissance-de-son-fils","status":"publish","type":"post","link":"https:\/\/www.europesays.com\/fr\/187510\/","title":{"rendered":"Olivia Gayat (Familles nombreuses) de\u0301voile la raison de son absence prolonge\u0301e apre\u0300s la naissance de son fils"},"content":{"rendered":"\n<p><strong>Apr\u00e8s une longue absence, Olivia Gayat a donn\u00e9 de ses nouvelles sur Snapchat, ce mercredi 18 juin. La jeune maman, qui vient d&rsquo;accoucher de son deuxi\u00e8me enfant, a r\u00e9v\u00e9l\u00e9 avoir rencontr\u00e9 un probl\u00e8me avec son b\u00e9b\u00e9. <\/strong><\/p>\n<p>Mardi 10 juin, Olivia Gayat a donn\u00e9 naissance \u00e0 son deuxi\u00e8me enfant, un petit gar\u00e7on pr\u00e9nomm\u00e9 Kaysan. Apr\u00e8s avoir v\u00e9cu une grossesse compliqu\u00e9e, l&rsquo;influenceuse a d\u00fb accoucher par c\u00e9sarienne, ce qui lui a valu de passer des moments difficiles \u00e0 la maternit\u00e9. \u00ab\u00a0Au niveau de la c\u00e9sarienne, j&rsquo;ai pu me lever, le soir-m\u00eame. J&rsquo;ai eu la c\u00e9sarienne \u00e0 11h41 et j&rsquo;ai essay\u00e9 de marcher avec ma sonde urinaire dans les mains. Franchement, \u00e7a arrache en bas du ventre, mais plus je marche et plus j&rsquo;arrive \u00e0 me redresser. [\u2026] La douleur est vraiment hyper intense au niveau de la cicatrisation mais tout s&rsquo;est bien pass\u00e9 et comme on dit : &lsquo;Quand on voit b\u00e9b\u00e9, on finit par oublier la douleur.&rsquo; Mais le post-partum est quand m\u00eame assez compliqu\u00e9\u00a0\u00bb, a-t-elle confi\u00e9 deux jours apr\u00e8s son accouchement. <\/p>\n<p>Olivia Gayat (Familles nombreuses) se confie sur son retour de maternit\u00e9 <\/p>\n<p>Pour son plus grand bonheur, Olivia Gayat a pu quitter la maternit\u00e9 avec son b\u00e9b\u00e9 le samedi 14 juin. Mais tout ne s&rsquo;est pas pass\u00e9 (&#8230;)<\/p>\n","protected":false},"excerpt":{"rendered":"Apr\u00e8s une longue absence, Olivia Gayat a donn\u00e9 de ses nouvelles sur Snapchat, ce mercredi 18 juin. La&hellip;\n","protected":false},"author":2,"featured_media":187511,"comment_status":"","ping_status":"","sticky":false,"template":"","format":"standard","meta":{"footnotes":""},"categories":[1586],"tags":[11,1777,674,1779,1011,27,12,25,1778,364],"class_list":{"0":"post-187510","1":"post","2":"type-post","3":"status-publish","4":"format-standard","5":"has-post-thumbnail","7":"category-europe","8":"tag-actualites","9":"tag-eu","10":"tag-europe","11":"tag-european-union","12":"tag-fr","13":"tag-france","14":"tag-news","15":"tag-republique-francaise","16":"tag-ue","17":"tag-union-europeenne"},"share_on_mastodon":{"url":"https:\/\/pubeurope.com\/@fr\/114708094911246008","error":""},"_links":{"self":[{"href":"https:\/\/www.europesays.com\/fr\/wp-json\/wp\/v2\/posts\/187510","targetHints":{"allow":["GET"]}}],"collection":[{"href":"https:\/\/www.europesays.com\/fr\/wp-json\/wp\/v2\/posts"}],"about":[{"href":"https:\/\/www.europesays.com\/fr\/wp-json\/wp\/v2\/types\/post"}],"author":[{"embeddable":true,"href":"https:\/\/www.europesays.com\/fr\/wp-json\/wp\/v2\/users\/2"}],"replies":[{"embeddable":true,"href":"https:\/\/www.europesays.com\/fr\/wp-json\/wp\/v2\/comments?post=187510"}],"version-history":[{"count":0,"href":"https:\/\/www.europesays.com\/fr\/wp-json\/wp\/v2\/posts\/187510\/revisions"}],"wp:featuredmedia":[{"embeddable":true,"href":"https:\/\/www.europesays.com\/fr\/wp-json\/wp\/v2\/media\/187511"}],"wp:attachment":[{"href":"https:\/\/www.europesays.com\/fr\/wp-json\/wp\/v2\/media?parent=187510"}],"wp:term":[{"taxonomy":"category","embeddable":true,"href":"https:\/\/www.europesays.com\/fr\/wp-json\/wp\/v2\/categories?post=187510"},{"taxonomy":"post_tag","embeddable":true,"href":"https:\/\/www.europesays.com\/fr\/wp-json\/wp\/v2\/tags?post=187510"}],"curies":[{"name":"wp","href":"https:\/\/api.w.org\/{rel}","templated":true}]}}