{"id":187512,"date":"2025-06-19T04:16:10","date_gmt":"2025-06-19T04:16:10","guid":{"rendered":"https:\/\/www.europesays.com\/fr\/187512\/"},"modified":"2025-06-19T04:16:10","modified_gmt":"2025-06-19T04:16:10","slug":"le-budget-carbone-mondial-sera-tres-bientot-epuise","status":"publish","type":"post","link":"https:\/\/www.europesays.com\/fr\/187512\/","title":{"rendered":"le budget carbone mondial sera tr\u00e8s bient\u00f4t \u00e9puis\u00e9"},"content":{"rendered":"<p>Au rythme actuel des \u00e9missions de gaz \u00e0 effet de serre, il reste trois ans au monde avant de d\u00e9passer le seuil de r\u00e9chauffement de 1,5\u00b0C fix\u00e9 par l\u2019accord de Paris, r\u00e9v\u00e8le une \u00e9tude internationale. Un d\u00e9passement \u00abd\u00e9sormais in\u00e9luctable\u00bb.<\/p>\n<p class=\"fig-paragraph\">La quantit\u00e9 de<a href=\"http:\/\/www.lefigaro.fr\/sciences\/en-france-la-decarbonation-s-essouffle-20250616\" target=\"_blank\" data-fig-type=\"NewsFlash\" rel=\"noopener nofollow\" data-gtm-custom-categorie=\"navigation\" data-gtm-custom-action=\"crossclick\" data-gtm-custom-label=\"Contextuel\" data-gtm-event=\"customEventSPE\" data-fig-domain=\"LEFIGARO\">\u00a0gaz \u00e0 effet de serre<\/a>\u00a0que le monde peut encore \u00e9mettre avant d\u2019outrepasser le seuil le plus ambitieux d\u00e9fini par l\u2019accord de Paris se r\u00e9duit comme peau de chagrin. Dans\u00a0<a href=\"https:\/\/essd.copernicus.org\/preprints\/essd-2025-250\/\" target=\"_blank\" rel=\"nofollow noopener\" data-gtm-custom-categorie=\"navigation\" data-gtm-custom-action=\"crossclick\" data-gtm-custom-label=\"Contextuel\" data-gtm-event=\"customEventSPE\">une \u00e9tude publi\u00e9e le 19 juin\u00a0<\/a>dans la revue Earth System Science Data, une soixantaine de chercheurs internationaux de 17 pays &#8211; parmi lesquels, en France, des scientifiques de M\u00e9t\u00e9o-France, du CEA, du CNRS et de Mercator Ocean International &#8211; mettent \u00e0 jour les indicateurs cl\u00e9s du climat plan\u00e9taire pour<a href=\"http:\/\/www.lefigaro.fr\/sciences\/vague-de-chaleur-et-inondations-devastatrices-2024-annee-de-records-et-de-contrastes-en-l-europe-20250415\" target=\"_blank\" data-fig-type=\"NewsFlash\" rel=\"noopener nofollow\" data-gtm-custom-categorie=\"navigation\" data-gtm-custom-action=\"crossclick\" data-gtm-custom-label=\"Contextuel\" data-gtm-event=\"customEventSPE\" data-fig-domain=\"LEFIGARO\">\u00a02024<\/a>. L\u2019objectif: suivre ces thermom\u00e8tres mondiaux d\u2019ann\u00e9e en ann\u00e9e\u00a0<a href=\"http:\/\/www.lefigaro.fr\/sciences\/climat-un-nouveau-giec-pour-une-decennie-decisive-20230728\" target=\"_blank\" data-fig-type=\"Article\" rel=\"noopener nofollow\" data-gtm-custom-categorie=\"navigation\" data-gtm-custom-action=\"crossclick\" data-gtm-custom-label=\"Contextuel\" data-gtm-event=\"customEventSPE\" data-fig-domain=\"LEFIGARO\">entre deux rapports du Giec\u00a0<\/a>dont le prochain n\u2019est pas attendu avant 2028 ou 2029.<\/p>\n<p class=\"fig-paragraph\">Les scientifiques ont notamment voulu \u00e9valuer le budget carbone restant, autrement dit \u00ab la quantit\u00e9 de CO\u2082 que l\u2019on peut encore \u00e9mettre dans l\u2019atmosph\u00e8re tout en restant en dessous d\u2019une certaine limite plan\u00e9taire de r\u00e9chauffement global\u00a0\u00bb, a expliqu\u00e9 en conf\u00e9rence de presse Pierre Friedlingstein, directeur de recherche CNRS au Laboratoire de m\u00e9t\u00e9orologie\u2026<\/p>\n<p class=\"fig-premium-paywall__infos\">\n        Cet article est r\u00e9serv\u00e9 aux abonn\u00e9s.        Il vous reste 82% \u00e0 d\u00e9couvrir.\n    <\/p>\n<p>                <img  data- alt=\"Le Figaro\" class=\"fig-img--complete fig-img\"\/><\/p>\n<p class=\"fig-premium-paywall__title\">Vente Flash<\/p>\n<p class=\"fig-premium-paywall__subtitle\">3,99\u20ac par mois pendant 12 mois. Sans engagement.<\/p>\n<p class=\"fig-premium-paywall__connect\">\n                D\u00e9j\u00e0 abonn\u00e9\u00a0?                <a class=\"fig-premium-paywall__connect-link\" href=\"https:\/\/connect.lefigaro.fr\/login?client=horizon_web&amp;type=main&amp;redirect_uri=https%3A%2F%2Fwww.lefigaro.fr%2Fsciences%2Frechauffement-climatique-le-budget-carbone-mondial-sera-tres-bientot-epuise-20250619\" data-js-gtm=\"{&quot;customCategorie&quot;: &quot;conversion&quot;, &quot;customAction&quot;: &quot;before_Landing_Connexion_paywall_auto&quot;, &quot;customLabel&quot;: &quot;bGVmaWdhcm8uZnJfXzFmMDRiNzVlLWEwZWItNjE4ZS1hN2IyLWVkYmE3NTA4MjgwOV9fTmV3c0ZsYXNo_R\u00e9chauffement climatique: le budget carbone mondial sera tr\u00e8s bient\u00f4t \u00e9puis\u00e9_362&quot;, &quot;customIDSPE&quot;: &quot;bGVmaWdhcm8uZnJfXzFmMDRiNzVlLWEwZWItNjE4ZS1hN2IyLWVkYmE3NTA4MjgwOV9fTmV3c0ZsYXNo&quot;, &quot;event&quot;: &quot;customEventSPE&quot;}\" rel=\"nofollow noopener\" target=\"_blank\"><br \/>\n                    Connectez-vous<br \/>\n                <\/a>\n            <\/p>\n","protected":false},"excerpt":{"rendered":"Au rythme actuel des \u00e9missions de gaz \u00e0 effet de serre, il reste trois ans au monde avant&hellip;\n","protected":false},"author":2,"featured_media":187513,"comment_status":"","ping_status":"","sticky":false,"template":"","format":"standard","meta":{"footnotes":""},"categories":[2],"tags":[47,49,11,48,51,54,1011,27,16743,12,52,5140,25,41,50,53],"class_list":{"0":"post-187512","1":"post","2":"type-post","3":"status-publish","4":"format-standard","5":"has-post-thumbnail","7":"category-actualites","8":"tag-actualite","9":"tag-actualite-scientifique","10":"tag-actualites","11":"tag-astronomie","12":"tag-ecologie","13":"tag-faune-et-flore","14":"tag-fr","15":"tag-france","16":"tag-gaz-a-effet-de-serre","17":"tag-news","18":"tag-planete","19":"tag-rechauffement-climatique","20":"tag-republique-francaise","21":"tag-sciences","22":"tag-sciences-humaines","23":"tag-zoologie"},"share_on_mastodon":{"url":"https:\/\/pubeurope.com\/@fr\/114708098816924934","error":""},"_links":{"self":[{"href":"https:\/\/www.europesays.com\/fr\/wp-json\/wp\/v2\/posts\/187512","targetHints":{"allow":["GET"]}}],"collection":[{"href":"https:\/\/www.europesays.com\/fr\/wp-json\/wp\/v2\/posts"}],"about":[{"href":"https:\/\/www.europesays.com\/fr\/wp-json\/wp\/v2\/types\/post"}],"author":[{"embeddable":true,"href":"https:\/\/www.europesays.com\/fr\/wp-json\/wp\/v2\/users\/2"}],"replies":[{"embeddable":true,"href":"https:\/\/www.europesays.com\/fr\/wp-json\/wp\/v2\/comments?post=187512"}],"version-history":[{"count":0,"href":"https:\/\/www.europesays.com\/fr\/wp-json\/wp\/v2\/posts\/187512\/revisions"}],"wp:featuredmedia":[{"embeddable":true,"href":"https:\/\/www.europesays.com\/fr\/wp-json\/wp\/v2\/media\/187513"}],"wp:attachment":[{"href":"https:\/\/www.europesays.com\/fr\/wp-json\/wp\/v2\/media?parent=187512"}],"wp:term":[{"taxonomy":"category","embeddable":true,"href":"https:\/\/www.europesays.com\/fr\/wp-json\/wp\/v2\/categories?post=187512"},{"taxonomy":"post_tag","embeddable":true,"href":"https:\/\/www.europesays.com\/fr\/wp-json\/wp\/v2\/tags?post=187512"}],"curies":[{"name":"wp","href":"https:\/\/api.w.org\/{rel}","templated":true}]}}