{"id":187532,"date":"2025-06-19T04:29:09","date_gmt":"2025-06-19T04:29:09","guid":{"rendered":"https:\/\/www.europesays.com\/fr\/187532\/"},"modified":"2025-06-19T04:29:09","modified_gmt":"2025-06-19T04:29:09","slug":"le-nouveau-bestiaire-du-peintre-corse-pierre-luc-bartoli-expose-a-saint-germain-des-pres","status":"publish","type":"post","link":"https:\/\/www.europesays.com\/fr\/187532\/","title":{"rendered":"Le nouveau bestiaire du peintre corse Pierre-Luc Bartoli expos\u00e9 \u00e0 Saint-Germain-des-Pr\u00e9s"},"content":{"rendered":"<p>Install\u00e9 depuis une vingtaine d&rsquo;ann\u00e9es en Seine-et-Marne, <strong>Pierre-Luc Bartoli<\/strong> a depuis longtemps acquis une r\u00e9elle notori\u00e9t\u00e9 dans la capitale, et m\u00eame en Europe o\u00f9 ses \u0153uvres ont \u00e9t\u00e9 expos\u00e9es, notamment en Allemagne, en Suisse et aux Pays-Bas. Depuis 2019, sa rencontre avec le galeriste <strong>Cyril Guernieri<\/strong>, bas\u00e9 \u00e0 <strong>Saint-Germain-des-Pr\u00e9s<\/strong>, lui a permis de d\u00e9buter une collaboration fructueuse.<\/p>\n<p>Figure singuli\u00e8re d&rsquo;un<strong> n\u00e9o-expressionnisme<\/strong> \u00e0 la fran\u00e7aise, Bartoli livre une \u0153uvre saisissante, travaill\u00e9e en mati\u00e8re, sans concession ni artifice. \u00ab\u00a0Chaque toile est pour lui un terrain d&rsquo;exp\u00e9rimentation, entre ma\u00eetrise technique et l\u00e2cher-prise total\u00a0\u00bb, note son galeriste.<\/p>\n","protected":false},"excerpt":{"rendered":"Install\u00e9 depuis une vingtaine d&rsquo;ann\u00e9es en Seine-et-Marne, Pierre-Luc Bartoli a depuis longtemps acquis une r\u00e9elle notori\u00e9t\u00e9 dans la&hellip;\n","protected":false},"author":2,"featured_media":187533,"comment_status":"","ping_status":"","sticky":false,"template":"","format":"standard","meta":{"footnotes":""},"categories":[1358],"tags":[17,1348,1384,1385,32529,32527,2517,1687,1386,58,59,8110,1011,27,4565,17258,32528],"class_list":{"0":"post-187532","1":"post","2":"type-post","3":"status-publish","4":"format-standard","5":"has-post-thumbnail","7":"category-arts-et-design","8":"tag-17","9":"tag-arts","10":"tag-arts-and-design","11":"tag-arts-et-design","12":"tag-bartoli","13":"tag-bestiaire","14":"tag-corse","15":"tag-culture-loisirs","16":"tag-design","17":"tag-divertissement","18":"tag-entertainment","19":"tag-expose","20":"tag-fr","21":"tag-france","22":"tag-nouveau","23":"tag-peintre","24":"tag-pierre-luc"},"share_on_mastodon":{"url":"https:\/\/pubeurope.com\/@fr\/114708149927895065","error":""},"_links":{"self":[{"href":"https:\/\/www.europesays.com\/fr\/wp-json\/wp\/v2\/posts\/187532","targetHints":{"allow":["GET"]}}],"collection":[{"href":"https:\/\/www.europesays.com\/fr\/wp-json\/wp\/v2\/posts"}],"about":[{"href":"https:\/\/www.europesays.com\/fr\/wp-json\/wp\/v2\/types\/post"}],"author":[{"embeddable":true,"href":"https:\/\/www.europesays.com\/fr\/wp-json\/wp\/v2\/users\/2"}],"replies":[{"embeddable":true,"href":"https:\/\/www.europesays.com\/fr\/wp-json\/wp\/v2\/comments?post=187532"}],"version-history":[{"count":0,"href":"https:\/\/www.europesays.com\/fr\/wp-json\/wp\/v2\/posts\/187532\/revisions"}],"wp:featuredmedia":[{"embeddable":true,"href":"https:\/\/www.europesays.com\/fr\/wp-json\/wp\/v2\/media\/187533"}],"wp:attachment":[{"href":"https:\/\/www.europesays.com\/fr\/wp-json\/wp\/v2\/media?parent=187532"}],"wp:term":[{"taxonomy":"category","embeddable":true,"href":"https:\/\/www.europesays.com\/fr\/wp-json\/wp\/v2\/categories?post=187532"},{"taxonomy":"post_tag","embeddable":true,"href":"https:\/\/www.europesays.com\/fr\/wp-json\/wp\/v2\/tags?post=187532"}],"curies":[{"name":"wp","href":"https:\/\/api.w.org\/{rel}","templated":true}]}}