{"id":187536,"date":"2025-06-19T04:31:11","date_gmt":"2025-06-19T04:31:11","guid":{"rendered":"https:\/\/www.europesays.com\/fr\/187536\/"},"modified":"2025-06-19T04:31:11","modified_gmt":"2025-06-19T04:31:11","slug":"secret-story-damien-annule-sa-mission-sans-en-avertir-la-voix-va-t-il-etre-sanctionne","status":"publish","type":"post","link":"https:\/\/www.europesays.com\/fr\/187536\/","title":{"rendered":"Secret Story : Damien annule sa mission sans en avertir La Voix, va-t-il \u00eatre sanctionn\u00e9 ?"},"content":{"rendered":"<p>      R\u00e9sum\u00e9<\/p>\n<p>Damien, candidat de Secret Story, a soudainement mis fin \u00e0 sa mission sans pr\u00e9venir la production, ce qui pourrait entra\u00eener des sanctions conform\u00e9ment au r\u00e8glement.<\/p>\n<p>        Sommaire<\/p>\n<p>Vient-on d&rsquo;assister au premier faux pas de <a href=\"https:\/\/vsd.fr\/82077-secret-story-danciens-candidats-mettent-en-garde-les-futurs-habitants-de-la-maison-des-secrets\/\" rel=\"nofollow noopener\" target=\"_blank\">la saison 13 de Secret Story<\/a> ? Le mardi 10 juin dernier, Damien est entr\u00e9 dans la maison des secrets avec un secret commun doubl\u00e9 d&rsquo;une mission p\u00e9rilleuse \u00e0 poursuivre en continu. Le beau gosse de la maison, qui a rapidement <a href=\"https:\/\/www.public.fr\/secret-story-les-photos-torrides-de-damien-font-sensation-sur-la-toile\" rel=\"nofollow noopener\" target=\"_blank\">fait fondre les t\u00e9l\u00e9spectateurs<\/a>, doit feindre un coup de foudre avec Constance en une semaine, et ainsi d\u00e9fendre <strong>le secret \u00ab\u00a0Nous sommes un faux couple\u00a0\u00bb<\/strong>. Mais en plus de cela, pour durcir le jeu, La Voix a impos\u00e9 \u00e0 Damien de feindre l&rsquo;accent qu\u00e9b\u00e9cois, et ainsi faire croire \u00e0 tous les habitants qu&rsquo;il arrive tout droit du pays de <a href=\"https:\/\/vsd.fr\/57925-celine-dion-gravement-malade-la-chanteuse-atteinte-du-syndrome-de-lhomme-raide-fait-une-grande-annonce\/\" rel=\"nofollow noopener\" target=\"_blank\">C\u00e9line Dion<\/a>.<\/p>\n<p>Depuis huit jours, Damien bernait merveilleusement les habitants. Tous n&rsquo;y voyaient que du feu, et le jeune homme mimait l&rsquo;accent qu\u00e9b\u00e9cois avec brio. <strong>Il est m\u00eame parvenu \u00e0 r\u00e9aliser une poutine<\/strong>, plat typique du Qu\u00e9bec, alors m\u00eame qu&rsquo;il n&rsquo;en avait jamais confectionn\u00e9 avant son entr\u00e9e dans Secret Story. Mais le jeune homme semblait lass\u00e9&#8230;<\/p>\n<p>Damien en a marre, la production de \u00ab\u00a0Secret Story\u00a0\u00bb va-t-elle s\u00e9vir ? <\/p>\n<p>En effet, ce mercredi 18 juin, dans la nouvelle quotidienne de Secret Story, Damien a surpris la production.<strong> A l&rsquo;occasion d&rsquo;une soir\u00e9e v\u00e9rit\u00e9, le candidat a d\u00e9cid\u00e9 d&rsquo;interrompre sa mission<\/strong>, sans en avertir La Voix en amont. \u00ab\u00a0En vrai, je vais en profiter, vu que c&rsquo;est la soir\u00e9e de la v\u00e9rit\u00e9, je vais faire une r\u00e9v\u00e9lation de fou, moi aussi ! Je viens pas du tout de Qu\u00e9bec. Depuis le d\u00e9but, <strong>je me fous totalement de votre gueule<\/strong>, je suis n\u00e9 en Alsace et je viens pas du tout du Qu\u00e9bec\u00a0\u00bb a ainsi balanc\u00e9 le jeune homme.<\/p>\n<p>Si sa r\u00e9v\u00e9lation a provoqu\u00e9 l&rsquo;hilarit\u00e9 g\u00e9n\u00e9rale, et notamment celle de <a href=\"https:\/\/www.public.fr\/secret-story-2025-drea-pimprenelle-aimed-decouvrez-les-14-candidats\" rel=\"nofollow noopener\" target=\"_blank\">Mayer<\/a>, qui a \u00e9t\u00e9 \u00ab\u00a0r\u00e9concili\u00e9 avec la poutine\u00a0\u00bb gr\u00e2ce \u00e0 Damien, La Voix, elle, pourrait s\u00e9vir. En effet, dans le r\u00e8glement de Secret Story, aucun candidat ne peut interrompre sa mission en cours de route&#8230; La voix-off l&rsquo;a d&rsquo;ailleurs rappel\u00e9 :<strong> \u00ab\u00a0Une transparence que La Voix ne pourrait pas laisser passer\u00a0\u00bb.<\/strong> Quelle sanction Damien va-t-il \u00e9coper ? R\u00e9ponse dans les prochaines heures&#8230;<\/p>\n<p>      Mentionn\u00e9s dans cet article<\/p>\n<p>\u00c0 lire aussi<\/p>\n","protected":false},"excerpt":{"rendered":"R\u00e9sum\u00e9 Damien, candidat de Secret Story, a soudainement mis fin \u00e0 sa mission sans pr\u00e9venir la production, ce&hellip;\n","protected":false},"author":2,"featured_media":187537,"comment_status":"","ping_status":"","sticky":false,"template":"","format":"standard","meta":{"footnotes":""},"categories":[1356],"tags":[58,59,1011,27,29901,252,1364],"class_list":{"0":"post-187536","1":"post","2":"type-post","3":"status-publish","4":"format-standard","5":"has-post-thumbnail","7":"category-television","8":"tag-divertissement","9":"tag-entertainment","10":"tag-fr","11":"tag-france","12":"tag-secret-story","13":"tag-television","14":"tag-tv"},"share_on_mastodon":{"url":"https:\/\/pubeurope.com\/@fr\/114708157785539954","error":""},"_links":{"self":[{"href":"https:\/\/www.europesays.com\/fr\/wp-json\/wp\/v2\/posts\/187536","targetHints":{"allow":["GET"]}}],"collection":[{"href":"https:\/\/www.europesays.com\/fr\/wp-json\/wp\/v2\/posts"}],"about":[{"href":"https:\/\/www.europesays.com\/fr\/wp-json\/wp\/v2\/types\/post"}],"author":[{"embeddable":true,"href":"https:\/\/www.europesays.com\/fr\/wp-json\/wp\/v2\/users\/2"}],"replies":[{"embeddable":true,"href":"https:\/\/www.europesays.com\/fr\/wp-json\/wp\/v2\/comments?post=187536"}],"version-history":[{"count":0,"href":"https:\/\/www.europesays.com\/fr\/wp-json\/wp\/v2\/posts\/187536\/revisions"}],"wp:featuredmedia":[{"embeddable":true,"href":"https:\/\/www.europesays.com\/fr\/wp-json\/wp\/v2\/media\/187537"}],"wp:attachment":[{"href":"https:\/\/www.europesays.com\/fr\/wp-json\/wp\/v2\/media?parent=187536"}],"wp:term":[{"taxonomy":"category","embeddable":true,"href":"https:\/\/www.europesays.com\/fr\/wp-json\/wp\/v2\/categories?post=187536"},{"taxonomy":"post_tag","embeddable":true,"href":"https:\/\/www.europesays.com\/fr\/wp-json\/wp\/v2\/tags?post=187536"}],"curies":[{"name":"wp","href":"https:\/\/api.w.org\/{rel}","templated":true}]}}