{"id":187544,"date":"2025-06-19T04:36:15","date_gmt":"2025-06-19T04:36:15","guid":{"rendered":"https:\/\/www.europesays.com\/fr\/187544\/"},"modified":"2025-06-19T04:36:15","modified_gmt":"2025-06-19T04:36:15","slug":"depart-precipite-danne-sophie-lapix-sur-m6-on-connait-le-nom-de-sa-remplacante","status":"publish","type":"post","link":"https:\/\/www.europesays.com\/fr\/187544\/","title":{"rendered":"D\u00e9part pr\u00e9cipit\u00e9 d&rsquo;Anne-Sophie Lapix sur M6 : on conna\u00eet le nom de sa rempla\u00e7ante"},"content":{"rendered":"<p>      R\u00e9sum\u00e9<\/p>\n<p>Anne-Sophie Lapix quitte France 2 pour M6 d\u00e8s la rentr\u00e9e, tandis que Sonia Chironi est pressentie pour assurer son remplacement temporaire lors de l\u2019\u00e9t\u00e9.<\/p>\n<p>        Sommaire<\/p>\n<p><strong>Elle a pris tout le monde de court<\/strong>. Vir\u00e9e du 20 heures de France 2 apr\u00e8s huit ans d&rsquo;antenne, Anne-Sophie Lapix <a href=\"https:\/\/www.public.fr\/je-prepare-ma-valise-anne-sophie-lapix-debarque-sur-m6-ce-celebre-animateur-de-la-chaine-ironise-deja\" rel=\"nofollow noopener\" target=\"_blank\">a surpris en annon\u00e7ant rejoindre M6<\/a>. D\u00e8s la rentr\u00e9e, la journaliste retrouvera une cha\u00eene qu&rsquo;elle a fr\u00e9quent\u00e9e il y a bient\u00f4t vingt ans, et sur laquelle elle animait \u00e0 l&rsquo;\u00e9poque Zone interdite. Elle sera d&rsquo;ailleurs de retour sur la case du dimanche, pour un grand entretien politique hebdomadaire, <strong>et portera aussi un magazine politique en prime-time<\/strong>, en vue de la pr\u00e9sidentielle 2027.<\/p>\n<p>En cong\u00e9diant Anne-Sophie Lapix du 20 heures,<strong> la direction n&rsquo;entendait pas se s\u00e9parer d&rsquo;elle<\/strong>. A l&rsquo;initiale, Delphine Ernotte et St\u00e9phane Sitbon-Gomez lui avaient fait plusieurs contre-propositions, mais celles-ci n&rsquo;ont pas convaincu la journaliste. R\u00e9sultat, la direction de France T\u00e9l\u00e9visions a s\u00e9vi, et le verdict est sans appel : Anne-Sophie Lapix va pr\u00e9senter son dernier JT <strong>le jeudi 26 juin prochain<\/strong>. Elle aurait d\u00fb initialement aller jusqu&rsquo;\u00e0 la mi-juillet, mais ce ne serait pas le cas.<\/p>\n<p>Selon le journaliste Beno\u00eet Daragon du Parisien, la rempla\u00e7ante d&rsquo;Anne-Sophie Lapix pour la premi\u00e8re quinzaine de juillet <strong>a \u00e9t\u00e9 d\u00e9sign\u00e9e<\/strong>. En effet, <a href=\"https:\/\/vsd.fr\/66669-thomas-sotto-surprise-julien-arnaud-debarque-dans-telematin-pour-le-remplacer\/\" rel=\"nofollow noopener\" target=\"_blank\">Julien Arnaud, son joker attitr\u00e9<\/a>, ne sera disponible qu&rsquo;apr\u00e8s le 14 juillet. Il a pos\u00e9 des cong\u00e9s il y a plusieurs semaines d\u00e9j\u00e0, et sera donc indisponible. Pour pallier le d\u00e9part d&rsquo;Anne-Sophie Lapix et les cong\u00e9s de son joker attitr\u00e9, <strong>la direction a choisi la journaliste Sonia Chironi<\/strong>.<\/p>\n<p>Sonia Chironi va-t-elle remplacer Lapix \u00e0 la rentr\u00e9e ?<\/p>\n<p>Arriv\u00e9e sur France T\u00e9l\u00e9visions en 2017, <strong>Sonia Chironi est un visage qui monte au sein du service public<\/strong>. D&rsquo;abord chroniqueuse de 28 minutes sur Arte, elle a ensuite pr\u00e9sent\u00e9 une \u00e9mission sur LCI le vendredi. Elle a retrouv\u00e9 France Info en 2023 pour animer le 19\/20 Info. C&rsquo;est durant l&rsquo;\u00e9t\u00e9 2024 qu&rsquo;elle fait ses premiers pas aux journaux du 13 heures du 20 heures, en remplacement de Julian Bugier et Laurent Delahousse. En novembre 2024, ses tests ayant \u00e9t\u00e9 jug\u00e9s concluants, <strong>elle est officiellement nomm\u00e9e joker<\/strong> de <a href=\"https:\/\/www.public.fr\/france-2-apres-anne-sophie-lapix-bye-bye-laurent-delahousse\" rel=\"nofollow noopener\" target=\"_blank\">Laurent Delahousse<\/a> le weekend. <\/p>\n<p>De l\u00e0 \u00e0 \u00eatre titularis\u00e9e au 20 heures \u00e0 la rentr\u00e9e et remplacer Anne-Sophie Lapix ? Rien n&rsquo;est moins s\u00fbr. En effet, longtemps pressentie au poste, <a href=\"https:\/\/www.public.fr\/anne-sophie-lapix-viree-du-20h-cette-star-de-france-2-se-voit-proposer-le-poste-et-refuse\" rel=\"nofollow noopener\" target=\"_blank\">Caroline Roux a finalement d\u00e9clin\u00e9 l&rsquo;offre<\/a>. Elle a officialis\u00e9 sa d\u00e9cision aux \u00e9quipes de C dans l&rsquo;air ce mercredi 18 juin, en indiquant qu&rsquo;elle poursuivait l&rsquo;aventure \u00e0 leurs c\u00f4t\u00e9s \u00e0 la rentr\u00e9e. Les \u00e9quipes de France T\u00e9l\u00e9 partent donc \u00e0 la recherche d&rsquo;une nouvelle personnalit\u00e9&#8230; <strong>\u00e0 moins que L\u00e9a Salam\u00e9 ne leur dise oui<\/strong> ! Affaire \u00e0 suivre.<\/p>\n<p>      Mentionn\u00e9s dans cet article<\/p>\n<p>\u00c0 lire aussi<\/p>\n","protected":false},"excerpt":{"rendered":"R\u00e9sum\u00e9 Anne-Sophie Lapix quitte France 2 pour M6 d\u00e8s la rentr\u00e9e, tandis que Sonia Chironi est pressentie pour&hellip;\n","protected":false},"author":2,"featured_media":187545,"comment_status":"","ping_status":"","sticky":false,"template":"","format":"standard","meta":{"footnotes":""},"categories":[8],"tags":[21313,58,59,1011,27,594,26420,27440,494,1434],"class_list":{"0":"post-187544","1":"post","2":"type-post","3":"status-publish","4":"format-standard","5":"has-post-thumbnail","7":"category-divertissement","8":"tag-anne-sophie-lapix","9":"tag-divertissement","10":"tag-entertainment","11":"tag-fr","12":"tag-france","13":"tag-france-2","14":"tag-journal-de-20-heures-de-france-2","15":"tag-julien-arnaud","16":"tag-m6","17":"tag-mercato"},"share_on_mastodon":{"url":"https:\/\/pubeurope.com\/@fr\/114708177499713840","error":""},"_links":{"self":[{"href":"https:\/\/www.europesays.com\/fr\/wp-json\/wp\/v2\/posts\/187544","targetHints":{"allow":["GET"]}}],"collection":[{"href":"https:\/\/www.europesays.com\/fr\/wp-json\/wp\/v2\/posts"}],"about":[{"href":"https:\/\/www.europesays.com\/fr\/wp-json\/wp\/v2\/types\/post"}],"author":[{"embeddable":true,"href":"https:\/\/www.europesays.com\/fr\/wp-json\/wp\/v2\/users\/2"}],"replies":[{"embeddable":true,"href":"https:\/\/www.europesays.com\/fr\/wp-json\/wp\/v2\/comments?post=187544"}],"version-history":[{"count":0,"href":"https:\/\/www.europesays.com\/fr\/wp-json\/wp\/v2\/posts\/187544\/revisions"}],"wp:featuredmedia":[{"embeddable":true,"href":"https:\/\/www.europesays.com\/fr\/wp-json\/wp\/v2\/media\/187545"}],"wp:attachment":[{"href":"https:\/\/www.europesays.com\/fr\/wp-json\/wp\/v2\/media?parent=187544"}],"wp:term":[{"taxonomy":"category","embeddable":true,"href":"https:\/\/www.europesays.com\/fr\/wp-json\/wp\/v2\/categories?post=187544"},{"taxonomy":"post_tag","embeddable":true,"href":"https:\/\/www.europesays.com\/fr\/wp-json\/wp\/v2\/tags?post=187544"}],"curies":[{"name":"wp","href":"https:\/\/api.w.org\/{rel}","templated":true}]}}