{"id":187546,"date":"2025-06-19T04:37:12","date_gmt":"2025-06-19T04:37:12","guid":{"rendered":"https:\/\/www.europesays.com\/fr\/187546\/"},"modified":"2025-06-19T04:37:12","modified_gmt":"2025-06-19T04:37:12","slug":"la-technologie-optimum-devient-la-norme-en-2025","status":"publish","type":"post","link":"https:\/\/www.europesays.com\/fr\/187546\/","title":{"rendered":"la technologie Optimum devient la norme en 2025"},"content":{"rendered":"<p>\u00c0 compter de juin 2025, Duracell d\u00e9mocratise ses piles les plus performantes en int\u00e9grant sa plateforme Actifs Power Boost \u00e0 l\u2019ensemble de sa gamme Duracell Plus. Autrement dit, ce qui \u00e9tait jusqu\u2019ici une prouesse technologique r\u00e9serv\u00e9e \u00e0 quelques r\u00e9f\u00e9rences devient d\u00e9sormais la base standard de ses piles alcalines.<\/p>\n<p>L\u2019annonce peut sembler anodine, mais elle marque en r\u00e9alit\u00e9 une \u00e9volution majeure dans un march\u00e9 longtemps rest\u00e9 fig\u00e9. Derri\u00e8re ce nom, Actifs Power Boost, se cache une d\u00e9cennie de recherche, 24 brevets d\u00e9pos\u00e9s et plus de 160\u00a0000 combinaisons test\u00e9es pour repenser la chimie interne d\u2019une pile. R\u00e9sultat\u00a0: une \u00e9nergie mieux canalis\u00e9e, plus disponible, et surtout, capable de s\u2019adapter aux besoins de chaque appareil, en d\u00e9livrant davantage de puissance ou une autonomie prolong\u00e9e selon le cas.<\/p>\n<p>Une r\u00e9ponse concr\u00e8te aux usages modernes<\/p>\n<p>Aujourd\u2019hui, pr\u00e8s de 80\u00a0% des piles utilis\u00e9es alimentent des appareils dits \u201cmoyens \u00e0 fortement \u00e9nergivores\u201d : jouets \u00e9lectroniques, t\u00e9l\u00e9commandes connect\u00e9es, balances intelligentes, capteurs ext\u00e9rieurs ou encore cam\u00e9ras de s\u00e9curit\u00e9. Ces objets, souvent dot\u00e9s de moteurs, de sons ou de lumi\u00e8res, exigent beaucoup plus qu\u2019une simple pile standard des ann\u00e9es 90. Et c\u2019est bien l\u00e0 que Duracell entend faire la diff\u00e9rence.<\/p>\n<p>La technologie Actifs Power Boost permet aux piles de mieux encaisser les pics de consommation tout en garantissant une constance dans la dur\u00e9e. Concr\u00e8tement, un appareil aliment\u00e9 par plusieurs piles, ce qui est le cas de plus de 90\u00a0% des dispositifs actuels, verra ses performances optimis\u00e9es, puisqu\u2019il ne sera plus limit\u00e9 par la pile la moins efficace du lot. La promesse\u00a0: moins de remplacements, plus d\u2019efficacit\u00e9, et un confort d\u2019utilisation accru pour l\u2019utilisateur final.<\/p>\n<p>Une d\u00e9mocratisation ambitieuse<\/p>\n<p>Avec ce lancement, Duracell ne se contente pas de moderniser son produit, il en red\u00e9finit les standards. La pile n\u2019est plus un simple consommable qu\u2019on ach\u00e8te par d\u00e9faut, mais un \u00e9l\u00e9ment actif de l\u2019autonomie num\u00e9rique du foyer. Selon les chiffres partag\u00e9s, un foyer moyen compte aujourd\u2019hui 19 appareils \u00e9lectroniques, dont 44\u00a0% affichent une consommation \u00e9nerg\u00e9tique moyenne \u00e0 \u00e9lev\u00e9e. Ce contexte oblige les marques \u00e0 innover pour proposer des solutions durables, puissantes et accessibles.<\/p>\n<p>Propos\u00e9e \u00e0 5,99\u00a0\u20ac le pack de 4 en formats AA ou AAA, la nouvelle Duracell Plus promet 150\u00a0% d\u2019extra life par rapport \u00e0 une pile standard. La version Optimum, plus haut de gamme, reste disponible pour les appareils les plus exigeants, avec une performance annonc\u00e9e de 200\u00a0%. Mais la logique est claire\u00a0: la haute performance n\u2019est plus r\u00e9serv\u00e9e \u00e0 quelques produits, elle devient la nouvelle norme.<\/p>\n<p>Pour Duracell, cette transformation n\u2019est qu\u2019un d\u00e9but. La plateforme Actifs Power Boost a \u00e9t\u00e9 con\u00e7ue pour \u00e9voluer encore. Son architecture technologique ouvre la voie \u00e0 de futures optimisations en mati\u00e8re de puissance, d\u2019\u00e9coresponsabilit\u00e9 et de compatibilit\u00e9 avec des appareils toujours plus connect\u00e9s.<\/p>\n<blockquote>\n<p class=\"text-base text-neutral-700 dark:text-neutral-300\">\ud83d\udfe3 Pour ne manquer aucune news sur le Journal du Geek, abonnez-vous sur <a href=\"https:\/\/news.google.com\/publications\/CAAqBwgKMNr_hAswwYyCAw?hl=fr&amp;gl=FR&amp;ceid=FR%3Afr\" target=\"_blank\" rel=\"noopener\">Google Actualit\u00e9s<\/a> et sur <a href=\"https:\/\/whatsapp.com\/channel\/0029VaClM5y4tRry12tb7D2h\" target=\"_blank\" rel=\"noopener\">notre WhatsApp<\/a>. Et si vous nous adorez, on a <a href=\"https:\/\/www.journaldugeek.com\/newsletter\/\" target=\"_blank\" rel=\"noopener\">une newsletter tous les matins<\/a>.<\/p>\n<\/blockquote>\n","protected":false},"excerpt":{"rendered":"\u00c0 compter de juin 2025, Duracell d\u00e9mocratise ses piles les plus performantes en int\u00e9grant sa plateforme Actifs Power&hellip;\n","protected":false},"author":2,"featured_media":187547,"comment_status":"","ping_status":"","sticky":false,"template":"","format":"standard","meta":{"footnotes":""},"categories":[7],"tags":[32530,1011,27,32531,43,40,41,39,42,44],"class_list":{"0":"post-187546","1":"post","2":"type-post","3":"status-publish","4":"format-standard","5":"has-post-thumbnail","7":"category-sciences-et-technologies","8":"tag-duracell","9":"tag-fr","10":"tag-france","11":"tag-piles","12":"tag-science","13":"tag-science-and-technology","14":"tag-sciences","15":"tag-sciences-et-technologies","16":"tag-technologies","17":"tag-technology"},"share_on_mastodon":{"url":"https:\/\/pubeurope.com\/@fr\/114708181388144602","error":""},"_links":{"self":[{"href":"https:\/\/www.europesays.com\/fr\/wp-json\/wp\/v2\/posts\/187546","targetHints":{"allow":["GET"]}}],"collection":[{"href":"https:\/\/www.europesays.com\/fr\/wp-json\/wp\/v2\/posts"}],"about":[{"href":"https:\/\/www.europesays.com\/fr\/wp-json\/wp\/v2\/types\/post"}],"author":[{"embeddable":true,"href":"https:\/\/www.europesays.com\/fr\/wp-json\/wp\/v2\/users\/2"}],"replies":[{"embeddable":true,"href":"https:\/\/www.europesays.com\/fr\/wp-json\/wp\/v2\/comments?post=187546"}],"version-history":[{"count":0,"href":"https:\/\/www.europesays.com\/fr\/wp-json\/wp\/v2\/posts\/187546\/revisions"}],"wp:featuredmedia":[{"embeddable":true,"href":"https:\/\/www.europesays.com\/fr\/wp-json\/wp\/v2\/media\/187547"}],"wp:attachment":[{"href":"https:\/\/www.europesays.com\/fr\/wp-json\/wp\/v2\/media?parent=187546"}],"wp:term":[{"taxonomy":"category","embeddable":true,"href":"https:\/\/www.europesays.com\/fr\/wp-json\/wp\/v2\/categories?post=187546"},{"taxonomy":"post_tag","embeddable":true,"href":"https:\/\/www.europesays.com\/fr\/wp-json\/wp\/v2\/tags?post=187546"}],"curies":[{"name":"wp","href":"https:\/\/api.w.org\/{rel}","templated":true}]}}