{"id":18755,"date":"2025-04-12T01:33:00","date_gmt":"2025-04-12T01:33:00","guid":{"rendered":"https:\/\/www.europesays.com\/fr\/18755\/"},"modified":"2025-04-12T01:33:00","modified_gmt":"2025-04-12T01:33:00","slug":"rennes-urban-trail-quels-sont-les-nouveaux-lieux-emblematiques-traverses-lors-de-ledition-2025","status":"publish","type":"post","link":"https:\/\/www.europesays.com\/fr\/18755\/","title":{"rendered":"Rennes Urban Trail\u00a0: quels sont les nouveaux lieux embl\u00e9matiques travers\u00e9s lors de l\u2019\u00e9dition 2025\u00a0?"},"content":{"rendered":"<p>Pour cette 7e \u00e9dition du Rennes Urban Trail, plusieurs sites embl\u00e9matiques de Rennes seront travers\u00e9s par les coureurs le 27 avril. Les coureurs du 7 km p\u00e9n\u00e9treront dans l\u2019H\u00f4tel Pasteur, b\u00e2timent embl\u00e9matique du centre-ville, tout pr\u00e8s de la Vilaine. Construit en 1897 pour y abriter la facult\u00e9 des sciences, l\u2019endroit abrite depuis 2021 une \u00e9cole maternelle et un espace num\u00e9rique.<\/p>\n<p>Les coureurs du 24 km auront, eux, le droit de visiter la R\u00e9sidence Oberth\u00fcr. Situ\u00e9 rue de Paris, cet h\u00f4tel particulier a \u00e9t\u00e9 construit en 1875 par Fran\u00e7ois-Charles Oberth\u00fcr, fondateur de l\u2019imprimerie du m\u00eame nom. Aujourd\u2019hui, le site est occup\u00e9 par la Direction \u00e9ducation enfance de la Ville de Rennes.<\/p>\n<p>Enfin, tous les coureurs sans exception arpenteront La maison des avocats, en plein centre-ville. Le b\u00e2timent accueille, comme son nom l\u2019indique, les avocats du Barreau de Rennes.<\/p>\n<p>2. Des lieux de culture : L\u2019Ubu et la biblioth\u00e8que Thabor-Lucien Rose<img decoding=\"async\" src=\"https:\/\/www.europesays.com\/fr\/wp-content\/uploads\/2025\/04\/67f7d55a91e9f0bd7806a8c4.1.jpeg\" width=\"480\" height=\"300\" class=\"web_golden_m\" loading=\"lazy\" alt=\"L\u2019Ubu.\"\/>L\u2019Ubu. (Photo Bernard Sammut)<\/p>\n<p>Les titulaires d\u2019un dossard pour le 24 km auront droit \u00e0 deux lieux culturels suppl\u00e9mentaires cette ann\u00e9e. Apr\u00e8s \u00eatre all\u00e9 faire un tour au TNB, ils se rendront \u00e0 l\u2019Ubu, salle d\u00e9di\u00e9e \u00e0 la promotion de la sc\u00e8ne rock \u00e0 Rennes et un des c\u0153urs des Transmusicales. La salle a vu passer Daft Punk, Noir d\u00e9sir ou encore Lenny Kravitz. Puis, \u00e0 mi-parcours, avant d\u2019arpenter le parc du Thabor, ils traverseront la biblioth\u00e8que Thabor-Lucien Rose, \u00e9rig\u00e9e en 2009.<\/p>\n<p>3. Un lieu de m\u00e9moire : le quai des d\u00e9port\u00e9s<img decoding=\"async\" src=\"https:\/\/www.europesays.com\/fr\/wp-content\/uploads\/2025\/04\/67f7d55a1add536639031395.1.jpeg\" width=\"480\" height=\"300\" class=\"web_golden_m\" loading=\"lazy\" alt=\"Le quai des d\u00e9port\u00e9s.\"\/>Le quai des d\u00e9port\u00e9s. (Photo rennes Urban Trail)<\/p>\n<p>C\u2019est un lieu de m\u00e9moire assez discret dans le nouveau quartier de La Courrouze. Le quai des d\u00e9port\u00e9s, rue Jules Verne, sera arpent\u00e9 cette ann\u00e9e par les coureurs du 14 et du 24 km. Il rappelle la d\u00e9portation de centaines de personnes arr\u00eat\u00e9es dans tout le d\u00e9partement et envoy\u00e9es dans les camps nazis depuis la gare de Rennes.<\/p>\n<p>4. Des restaurants : Monsieur Arthur et Andy<img decoding=\"async\" src=\"https:\/\/www.europesays.com\/fr\/wp-content\/uploads\/2025\/04\/67f7d55a2459714da0055307.1.jpeg\" width=\"480\" height=\"300\" class=\"web_golden_m\" loading=\"lazy\" alt=\"Monsieur Arthur.\"\/>Monsieur Arthur. (Photo Monsieur Arthur)<\/p>\n<p>Deux nouveaux restaurants ont ouvert leurs cuisines pour cette 7e \u00e9dition du Rennes Urban Trail : Andy, au sein du Mabilay, et Monsieur Arthur, une brasserie bretonne et bar \u00e0 cidres ouvert en 2024 dans le quartier de la gare.<\/p>\n<p>5. Et toujours les incontournables du patrimoine rennais<img decoding=\"async\" src=\"https:\/\/www.europesays.com\/fr\/wp-content\/uploads\/2025\/04\/67f7d559a0ce6bab9c0326bb.1.jpeg\" width=\"480\" height=\"300\" class=\"web_golden_m\" loading=\"lazy\" alt=\"Cette ann\u00e9e encore, les coureurs passeront par le Roazhon Park.\"\/>Cette ann\u00e9e encore, les coureurs passeront par le Roazhon Park. (Photo archives Le T\u00e9l\u00e9gramme\/Dorian Biczo)<\/p>\n<p>Que les novices de l\u2019urban trail de Rennes se rassurent, les lieux embl\u00e9matiques emprunt\u00e9s lors des pr\u00e9c\u00e9dentes \u00e9ditions sont encore l\u00e0. Au menu : le Roazhon Park, la piscine Saint-Georges, la prison Jacques-Cartier, le Couvent des Jacobins, l\u2019Op\u00e9ra, l\u2019h\u00f4tel de Ville, le m\u00e9tro\u2026 Sans oublier le rooftop du Mabilay, sa vue imprenable sur la ville\u2026 et ses 380 marches \u00e0 monter, record de cette 7e \u00e9dition. De quoi faire surchauffer les mollets !<\/p>\n","protected":false},"excerpt":{"rendered":"Pour cette 7e \u00e9dition du Rennes Urban Trail, plusieurs sites embl\u00e9matiques de Rennes seront travers\u00e9s par les coureurs&hellip;\n","protected":false},"author":2,"featured_media":18756,"comment_status":"","ping_status":"","sticky":false,"template":"","format":"standard","meta":{"footnotes":""},"categories":[2821],"tags":[1111,11,829,1777,674,1011,27,848,12,584,25,7135,60],"class_list":{"0":"post-18755","1":"post","2":"type-post","3":"status-publish","4":"format-standard","5":"has-post-thumbnail","7":"category-rennes","8":"tag-actu","9":"tag-actualites","10":"tag-bretagne","11":"tag-eu","12":"tag-europe","13":"tag-fr","14":"tag-france","15":"tag-ille-et-vilaine","16":"tag-news","17":"tag-rennes","18":"tag-republique-francaise","19":"tag-running","20":"tag-sports"},"share_on_mastodon":{"url":"https:\/\/pubeurope.com\/@fr\/114322420766078831","error":""},"_links":{"self":[{"href":"https:\/\/www.europesays.com\/fr\/wp-json\/wp\/v2\/posts\/18755","targetHints":{"allow":["GET"]}}],"collection":[{"href":"https:\/\/www.europesays.com\/fr\/wp-json\/wp\/v2\/posts"}],"about":[{"href":"https:\/\/www.europesays.com\/fr\/wp-json\/wp\/v2\/types\/post"}],"author":[{"embeddable":true,"href":"https:\/\/www.europesays.com\/fr\/wp-json\/wp\/v2\/users\/2"}],"replies":[{"embeddable":true,"href":"https:\/\/www.europesays.com\/fr\/wp-json\/wp\/v2\/comments?post=18755"}],"version-history":[{"count":0,"href":"https:\/\/www.europesays.com\/fr\/wp-json\/wp\/v2\/posts\/18755\/revisions"}],"wp:featuredmedia":[{"embeddable":true,"href":"https:\/\/www.europesays.com\/fr\/wp-json\/wp\/v2\/media\/18756"}],"wp:attachment":[{"href":"https:\/\/www.europesays.com\/fr\/wp-json\/wp\/v2\/media?parent=18755"}],"wp:term":[{"taxonomy":"category","embeddable":true,"href":"https:\/\/www.europesays.com\/fr\/wp-json\/wp\/v2\/categories?post=18755"},{"taxonomy":"post_tag","embeddable":true,"href":"https:\/\/www.europesays.com\/fr\/wp-json\/wp\/v2\/tags?post=18755"}],"curies":[{"name":"wp","href":"https:\/\/api.w.org\/{rel}","templated":true}]}}