{"id":187554,"date":"2025-06-19T04:42:46","date_gmt":"2025-06-19T04:42:46","guid":{"rendered":"https:\/\/www.europesays.com\/fr\/187554\/"},"modified":"2025-06-19T04:42:46","modified_gmt":"2025-06-19T04:42:46","slug":"unieux-sans-permis-sans-assurance-sans-titre-de-sejour-il-fait-usage-de-son-telephone-au-volant","status":"publish","type":"post","link":"https:\/\/www.europesays.com\/fr\/187554\/","title":{"rendered":"Unieux. Sans permis, sans assurance, sans titre de s\u00e9jour, il fait usage de son t\u00e9l\u00e9phone au volant"},"content":{"rendered":"<p>Les faits se sont d\u00e9roul\u00e9s ce lundi 16\u00a0juin, en fin de matin\u00e9e \u00e0 Unieux.<\/p>\n<p>Des policiers de la circonscription de l\u2019Ondaine assurent une patrouille en voiture lorsqu\u2019ils croisent une Peugeot 206 dont le conducteur est en train de faire usage de son t\u00e9l\u00e9phone portable.<\/p>\n<p>Les policiers se mettent \u00e0 sa poursuite et op\u00e8rent un contr\u00f4le en arrivant sur la commune de Firminy. Ils se retrouvent face \u00e0 un jeune conducteur de 18 ans d\u00e9pourvu de pi\u00e8ces d\u2019identit\u00e9, sans permis de conduire et sans assurance.<\/p>\n<p>Il s\u2019av\u00e8re que le jeune homme se trouve en situation irr\u00e9guli\u00e8re en France.<\/p>\n<p>Interpell\u00e9, le jeune homme, qui vit dans l\u2019Ondaine, a reconnu les faits. Il a \u00e9t\u00e9 laiss\u00e9 libre sur d\u00e9cision du Parquet, qui a choisi de classer l\u2019affaire sans cons\u00e9quence judiciaire.<\/p>\n<p>Par contre, le jeune homme s\u2019est vu notifier une obligation de quitter le territoire fran\u00e7ais sous trente jours.<\/p>\n","protected":false},"excerpt":{"rendered":"Les faits se sont d\u00e9roul\u00e9s ce lundi 16\u00a0juin, en fin de matin\u00e9e \u00e0 Unieux. Des policiers de la&hellip;\n","protected":false},"author":2,"featured_media":187555,"comment_status":"","ping_status":"","sticky":false,"template":"","format":"standard","meta":{"footnotes":""},"categories":[9653],"tags":[1111,11,2430,271,272,7539,1777,674,274,10282,10283,1011,27,12,25,4001],"class_list":{"0":"post-187554","1":"post","2":"type-post","3":"status-publish","4":"format-standard","5":"has-post-thumbnail","7":"category-saint-etienne","8":"tag-actu","9":"tag-actualites","10":"tag-auvergne-rhone-alpes","11":"tag-crime","12":"tag-delit-et-contravention","13":"tag-edition-loire-sud","14":"tag-eu","15":"tag-europe","16":"tag-faits-divers-justice","17":"tag-firminy","18":"tag-firminy-ville","19":"tag-fr","20":"tag-france","21":"tag-news","22":"tag-republique-francaise","23":"tag-saint-etienne"},"share_on_mastodon":{"url":"https:\/\/pubeurope.com\/@fr\/114708205007870037","error":""},"_links":{"self":[{"href":"https:\/\/www.europesays.com\/fr\/wp-json\/wp\/v2\/posts\/187554","targetHints":{"allow":["GET"]}}],"collection":[{"href":"https:\/\/www.europesays.com\/fr\/wp-json\/wp\/v2\/posts"}],"about":[{"href":"https:\/\/www.europesays.com\/fr\/wp-json\/wp\/v2\/types\/post"}],"author":[{"embeddable":true,"href":"https:\/\/www.europesays.com\/fr\/wp-json\/wp\/v2\/users\/2"}],"replies":[{"embeddable":true,"href":"https:\/\/www.europesays.com\/fr\/wp-json\/wp\/v2\/comments?post=187554"}],"version-history":[{"count":0,"href":"https:\/\/www.europesays.com\/fr\/wp-json\/wp\/v2\/posts\/187554\/revisions"}],"wp:featuredmedia":[{"embeddable":true,"href":"https:\/\/www.europesays.com\/fr\/wp-json\/wp\/v2\/media\/187555"}],"wp:attachment":[{"href":"https:\/\/www.europesays.com\/fr\/wp-json\/wp\/v2\/media?parent=187554"}],"wp:term":[{"taxonomy":"category","embeddable":true,"href":"https:\/\/www.europesays.com\/fr\/wp-json\/wp\/v2\/categories?post=187554"},{"taxonomy":"post_tag","embeddable":true,"href":"https:\/\/www.europesays.com\/fr\/wp-json\/wp\/v2\/tags?post=187554"}],"curies":[{"name":"wp","href":"https:\/\/api.w.org\/{rel}","templated":true}]}}