{"id":187558,"date":"2025-06-19T04:44:16","date_gmt":"2025-06-19T04:44:16","guid":{"rendered":"https:\/\/www.europesays.com\/fr\/187558\/"},"modified":"2025-06-19T04:44:16","modified_gmt":"2025-06-19T04:44:16","slug":"nancy-eros-le-phallus-de-titan-sest-ouvert-ce-mercredi-a-16-h-2","status":"publish","type":"post","link":"https:\/\/www.europesays.com\/fr\/187558\/","title":{"rendered":"Nancy. Eros, le Phallus de Titan s\u2019est ouvert ce mercredi \u00e0 16\u00a0h"},"content":{"rendered":"<p>Un bulbe \u00e0 21\u00a0kg, et une derni\u00e8re mesure d\u20191m62 sous la toise. Pr\u00e9nomm\u00e9 Eros, ce Phallus de Titan vient de gagner 77\u00a0cm en treize jours, 4\u00a0cm en quelques heures. Ce jeudi, \u00e0 16\u00a0h, le jardin Botanique a annonc\u00e9 qu\u2019il entrait en floraison.<\/p>\n<p>Moins imposant que son fr\u00e8re, <a href=\"https:\/\/www.estrepublicain.fr\/environnement\/2023\/07\/11\/le-penis-de-titan-a-fleuri-la-course-contre-la-montre-est-engagee\" target=\"_blank\" rel=\"nofollow noopener\">Tintin qui a \u00e9clos en 2023<\/a> dans ce m\u00eame jardin botanique Jean-Marie Pelt (32\u00a0kg et 2\u00a0m), Eros entre cependant dans les registres encyclop\u00e9diques, en qualit\u00e9 de septi\u00e8me Phallus de Titan \u00e0 \u00e9clore sur le sol fran\u00e7ais durant ces 150 derni\u00e8res ann\u00e9es. Surtout le jardin botanique Jean-Marie Pelt devient le premier&#8230;<\/p>\n","protected":false},"excerpt":{"rendered":"Un bulbe \u00e0 21\u00a0kg, et une derni\u00e8re mesure d\u20191m62 sous la toise. Pr\u00e9nomm\u00e9 Eros, ce Phallus de Titan&hellip;\n","protected":false},"author":2,"featured_media":187445,"comment_status":"","ping_status":"","sticky":false,"template":"","format":"standard","meta":{"footnotes":""},"categories":[9635],"tags":[1111,11,1687,1777,674,2271,1011,27,775,1757,1702,12,3456,25],"class_list":{"0":"post-187558","1":"post","2":"type-post","3":"status-publish","4":"format-standard","5":"has-post-thumbnail","7":"category-nancy","8":"tag-actu","9":"tag-actualites","10":"tag-culture-loisirs","11":"tag-eu","12":"tag-europe","13":"tag-exposition-arts-plastiques","14":"tag-fr","15":"tag-france","16":"tag-grand-est","17":"tag-insolite","18":"tag-nancy","19":"tag-news","20":"tag-region-lorraine","21":"tag-republique-francaise"},"share_on_mastodon":{"url":"https:\/\/pubeurope.com\/@fr\/114708208978748842","error":""},"_links":{"self":[{"href":"https:\/\/www.europesays.com\/fr\/wp-json\/wp\/v2\/posts\/187558","targetHints":{"allow":["GET"]}}],"collection":[{"href":"https:\/\/www.europesays.com\/fr\/wp-json\/wp\/v2\/posts"}],"about":[{"href":"https:\/\/www.europesays.com\/fr\/wp-json\/wp\/v2\/types\/post"}],"author":[{"embeddable":true,"href":"https:\/\/www.europesays.com\/fr\/wp-json\/wp\/v2\/users\/2"}],"replies":[{"embeddable":true,"href":"https:\/\/www.europesays.com\/fr\/wp-json\/wp\/v2\/comments?post=187558"}],"version-history":[{"count":0,"href":"https:\/\/www.europesays.com\/fr\/wp-json\/wp\/v2\/posts\/187558\/revisions"}],"wp:featuredmedia":[{"embeddable":true,"href":"https:\/\/www.europesays.com\/fr\/wp-json\/wp\/v2\/media\/187445"}],"wp:attachment":[{"href":"https:\/\/www.europesays.com\/fr\/wp-json\/wp\/v2\/media?parent=187558"}],"wp:term":[{"taxonomy":"category","embeddable":true,"href":"https:\/\/www.europesays.com\/fr\/wp-json\/wp\/v2\/categories?post=187558"},{"taxonomy":"post_tag","embeddable":true,"href":"https:\/\/www.europesays.com\/fr\/wp-json\/wp\/v2\/tags?post=187558"}],"curies":[{"name":"wp","href":"https:\/\/api.w.org\/{rel}","templated":true}]}}