{"id":187575,"date":"2025-06-19T04:56:09","date_gmt":"2025-06-19T04:56:09","guid":{"rendered":"https:\/\/www.europesays.com\/fr\/187575\/"},"modified":"2025-06-19T04:56:09","modified_gmt":"2025-06-19T04:56:09","slug":"rennes-et-le-departement-dille-et-vilaine-places-en-vigilance-par-meteo-france","status":"publish","type":"post","link":"https:\/\/www.europesays.com\/fr\/187575\/","title":{"rendered":"Rennes et le d\u00e9partement d&rsquo;Ille-et-Vilaine plac\u00e9s en vigilance par M\u00e9t\u00e9o France"},"content":{"rendered":"<p>            Par<br \/>\n        <strong><br \/>\n            <a href=\"https:\/\/actu.fr\/auteur\/brian-legoff\" title=\"Consulter tous les articles de Brian Le Goff\" rel=\"nofollow noopener\" target=\"_blank\">Brian Le Goff<\/a><br \/>\n        <\/strong><\/p>\n<p>        Publi\u00e9 le<\/p>\n<p>            19 juin 2025 \u00e0 6h02        <\/p>\n<p>La <strong>chaleur va encore s\u2019intensifier<\/strong> dans les prochaines heures et les prochains jours <a href=\"https:\/\/actu.fr\/meteo\/fortes-chaleurs-des-jeudi-en-france-vigilance-canicule-activee-jusqu-a-38-c-ou-fera-t-il-le-plus-chaud_62788357.html\" rel=\"nofollow noopener\" target=\"_blank\">partout en France<\/a>. Comme une large partie ouest de l\u2019hexagone, l\u2019Ille-et-Vilaine, dont <a href=\"https:\/\/actu.fr\/rennes\/\" rel=\"nofollow noopener\" target=\"_blank\">Rennes<\/a>, est ainsi <strong>plac\u00e9e en vigilance jaune canicule<\/strong> par <a href=\"https:\/\/actu.fr\/tag\/meteo-france\" rel=\"nofollow noopener\" target=\"_blank\">M\u00e9t\u00e9o France<\/a>.<\/p>\n<p class=\" wall-content\">\n<p class=\" wall-content\">Cette vigilance commencera<strong> jeudi 19\u00a0juin, \u00e0 partir de 12h et jusqu\u2019\u00e0 minuit<\/strong>. Pour l\u2019heure, M\u00e9t\u00e9o France ne partage pas encore les vigilances qui pourraient \u00eatre d\u00e9clench\u00e9es vendredi 20\u00a0juin, mais il est <strong>fort probable que le d\u00e9partement reste en alerte au-del\u00e0 de jeudi<\/strong>.<\/p>\n<p>Une autre vigilance\u2009: la s\u00e9cheresse<\/p>\n<p class=\" wall-content\">D\u00e9j\u00e0, <strong>mardi 17\u00a0juin, la pr\u00e9fecture d\u2019Ille-et-Vilaine a d\u00e9plor\u00e9<\/strong> <a href=\"https:\/\/actu.fr\/bretagne\/rennes_35238\/une-situation-preoccupante-rennes-et-le-departement-d-ille-et-vilaine-places-en-vigilance-secheresse_62783312.html\" rel=\"nofollow noopener\" target=\"_blank\">\u00ab\u2009une situation pr\u00e9occupante\u2009\u00bb sur le territoire concernant la s\u00e9cheresse et l\u2019a donc plac\u00e9 en vigilance<\/a>.<\/p>\n<p class=\" wall-content\">Pour jeudi, M\u00e9t\u00e9o France annonce 32\u00a0\u00b0C \u00e0 Rennes, 30\u00a0\u00b0C \u00e0 <a href=\"https:\/\/actu.fr\/rennes\/\" rel=\"nofollow noopener\" target=\"_blank\">Saint-Malo<\/a>, 31\u00a0\u00b0C \u00e0 <a href=\"https:\/\/actu.fr\/la-chronique-republicaine\/\" rel=\"nofollow noopener\" target=\"_blank\">Foug\u00e8res<\/a> comme \u00e0 <a href=\"https:\/\/actu.fr\/le-journal-de-vitre\/\" rel=\"nofollow noopener\" target=\"_blank\">Vitr\u00e9<\/a>, 32\u00a0\u00b0C \u00e0 <a href=\"https:\/\/actu.fr\/le-ploermelais\/\" rel=\"nofollow noopener\" target=\"_blank\">Pl\u00e9lan-le-Grand<\/a> et <a href=\"https:\/\/actu.fr\/bretagne\/bain-de-bretagne_35012\" rel=\"nofollow noopener\" target=\"_blank\">Bain-de-Bretagne<\/a> et jusqu\u2019\u00e0 33\u00a0\u00b0C \u00e0 Redon et Pipriac.<\/p>\n<p class=\" wall-content\">\u00ab\u2009Le<strong> seuil de canicule<\/strong> en Ille-et-Vilaine est fix\u00e9 \u00e0 partir du moment o\u00f9 la temp\u00e9rature ne descend <strong>pas en dessous de 20\u00a0\u00b0C pendant trois jours cons\u00e9cutifs,<\/strong> et ce, m\u00eame la nuit et sur un bout de territoire dans le d\u00e9partement, ce qui devrait \u00eatre le cas dans les prochains jours\u2009\u00bb, compl\u00e8te S\u00e9bastien Decaux de M\u00e9t\u00e9o Bretagne.<\/p>\n<p class=\" wall-content\">La pr\u00e9fecture conseille de <strong>boire<\/strong> r\u00e9guli\u00e8rement<strong> de l\u2019eau<\/strong> et de <strong>se mouiller le corps<\/strong> plusieurs fois par jour, <strong>fermer les fen\u00eatres et volets<\/strong> pendant la journ\u00e9e et d\u2019a\u00e9rer la nuit. Enfin, il est important de<strong> porter une attention toute particuli\u00e8re aux personnes fragiles, isol\u00e9es<\/strong>.<\/p>\n<p>Vid\u00e9os : en ce moment sur Actu<\/p>\n<p class=\" wall-content\">Suivez toute l\u2019actualit\u00e9 de vos villes et m\u00e9dias favoris en vous inscrivant \u00e0 <a href=\"https:\/\/moncompte.actu.fr\" title=\"D\u00e9couvez Mon Actu\" rel=\"nofollow noopener\" data-trk=\"{&quot;cta&quot;:{&quot;action&quot;:&quot;https:\\\/\\\/moncompte.actu.fr&quot;,&quot;category&quot;:&quot;mon compte&quot;,&quot;from&quot;:&quot;article footer&quot;,&quot;name&quot;:&quot;Mon actu&quot;,&quot;type&quot;:&quot;cta&quot;}}\" target=\"_blank\">Mon Actu<\/a>.<\/p>\n","protected":false},"excerpt":{"rendered":"Par Brian Le Goff Publi\u00e9 le 19 juin 2025 \u00e0 6h02 La chaleur va encore s\u2019intensifier dans les&hellip;\n","protected":false},"author":2,"featured_media":187576,"comment_status":"","ping_status":"","sticky":false,"template":"","format":"standard","meta":{"footnotes":""},"categories":[2821],"tags":[1111,11,829,6698,1777,674,1011,27,2487,2357,12,584,25,15637],"class_list":{"0":"post-187575","1":"post","2":"type-post","3":"status-publish","4":"format-standard","5":"has-post-thumbnail","7":"category-rennes","8":"tag-actu","9":"tag-actualites","10":"tag-bretagne","11":"tag-canicule","12":"tag-eu","13":"tag-europe","14":"tag-fr","15":"tag-france","16":"tag-meteo","17":"tag-meteo-france","18":"tag-news","19":"tag-rennes","20":"tag-republique-francaise","21":"tag-vague-de-chaleur"},"share_on_mastodon":{"url":"https:\/\/pubeurope.com\/@fr\/114708256195978350","error":""},"_links":{"self":[{"href":"https:\/\/www.europesays.com\/fr\/wp-json\/wp\/v2\/posts\/187575","targetHints":{"allow":["GET"]}}],"collection":[{"href":"https:\/\/www.europesays.com\/fr\/wp-json\/wp\/v2\/posts"}],"about":[{"href":"https:\/\/www.europesays.com\/fr\/wp-json\/wp\/v2\/types\/post"}],"author":[{"embeddable":true,"href":"https:\/\/www.europesays.com\/fr\/wp-json\/wp\/v2\/users\/2"}],"replies":[{"embeddable":true,"href":"https:\/\/www.europesays.com\/fr\/wp-json\/wp\/v2\/comments?post=187575"}],"version-history":[{"count":0,"href":"https:\/\/www.europesays.com\/fr\/wp-json\/wp\/v2\/posts\/187575\/revisions"}],"wp:featuredmedia":[{"embeddable":true,"href":"https:\/\/www.europesays.com\/fr\/wp-json\/wp\/v2\/media\/187576"}],"wp:attachment":[{"href":"https:\/\/www.europesays.com\/fr\/wp-json\/wp\/v2\/media?parent=187575"}],"wp:term":[{"taxonomy":"category","embeddable":true,"href":"https:\/\/www.europesays.com\/fr\/wp-json\/wp\/v2\/categories?post=187575"},{"taxonomy":"post_tag","embeddable":true,"href":"https:\/\/www.europesays.com\/fr\/wp-json\/wp\/v2\/tags?post=187575"}],"curies":[{"name":"wp","href":"https:\/\/api.w.org\/{rel}","templated":true}]}}