{"id":187588,"date":"2025-06-19T05:04:16","date_gmt":"2025-06-19T05:04:16","guid":{"rendered":"https:\/\/www.europesays.com\/fr\/187588\/"},"modified":"2025-06-19T05:04:16","modified_gmt":"2025-06-19T05:04:16","slug":"un-bordelais-a-la-tete-du-bataillon-des-douanes-pour-la-premiere-fois","status":"publish","type":"post","link":"https:\/\/www.europesays.com\/fr\/187588\/","title":{"rendered":"un Bordelais \u00e0 la t\u00eate du bataillon des douanes pour la premi\u00e8re fois"},"content":{"rendered":"<p><strong>INFO LE FIGARO &#8211; <\/strong>Micha\u00ebl, le chef divisionnaire de Bordeaux M\u00e9rignac, est le premier Bordelais \u00e0 mener l\u2019administration des douanes lors du d\u00e9fil\u00e9 militaire du 14 juillet.<\/p>\n<p class=\"fig-paragraph\">\u00abC\u2019est un honneur certain. Une r\u00e9compense, je ne sais pas ; car c\u2019est du travail en plus\u00bb, confie d\u2019embl\u00e9e Micha\u00ebl, chef divisionnaire \u00e0 la<a href=\"http:\/\/www.lefigaro.fr\/bordeaux\/a-l-aeroport-de-bordeaux-la-douane-retrouve-des-pangolins-dans-des-bagages-20250225\" data-fig-type=\"NewsFlash\" data-gtm-custom-categorie=\"navigation\" data-gtm-custom-action=\"crossclick\" data-gtm-custom-label=\"Contextuel\" data-gtm-event=\"customEventSPE\" data-fig-domain=\"LEFIGARO\" target=\"_blank\" rel=\"noopener\">\u00a0douane de Bordeaux-M\u00e9rignac<\/a>. Le quadrag\u00e9naire, qui affectionne d\u2019ordinaire la discr\u00e9tion, a \u00e9t\u00e9 propos\u00e9 et choisi par sa hi\u00e9rarchie pour diriger le\u00a0<a href=\"http:\/\/www.lefigaro.fr\/bordeaux\/apres-plus-d-un-an-de-fermeture-le-musee-national-des-douanes-retrouve-son-public-a-bordeaux-20250520\" data-fig-type=\"NewsFlash\" data-gtm-custom-categorie=\"navigation\" data-gtm-custom-action=\"crossclick\" data-gtm-custom-label=\"Contextuel\" data-gtm-event=\"customEventSPE\" data-fig-domain=\"LEFIGARO\" target=\"_blank\" rel=\"noopener\">bataillon des douanes<\/a>\u00a0lors du prochain<a href=\"http:\/\/www.lefigaro.fr\/actualite-france\/14-juillet-les-plus-belles-images-du-defile-militaire-avec-l-arrivee-de-la-flamme-olympique-a-paris-20240714\" data-fig-type=\"NewsFlash\" data-gtm-custom-categorie=\"navigation\" data-gtm-custom-action=\"crossclick\" data-gtm-custom-label=\"Contextuel\" data-gtm-event=\"customEventSPE\" data-fig-domain=\"LEFIGARO\" target=\"_blank\" rel=\"noopener\">\u00a0d\u00e9fil\u00e9 militaire du 14 juillet<\/a>. Il est le premier Bordelais \u00e0 recevoir cet honneur. L\u2019officier ne s\u2019enorgueillit pas pour autant de ce privil\u00e8ge. Dans son regard luit simplement la flamme du devoir. \u00abIl faut que ce soit parfait, que les bras se l\u00e8vent \u00e0 la m\u00eame hauteur et que le bataillon fasse corps avec harmonie. Moi, je ne suis personne. Mais je repr\u00e9senterai l\u2019administration donc je me dois de faire la prestation la plus remarquable possible\u00bb, indique ainsi celui qui a int\u00e9gr\u00e9 l\u2019institution en bas de l\u2019\u00e9chelle, en tant qu\u2019agent de constatation en surveillance.<\/p>\n<p class=\"fig-paragraph\">Malgr\u00e9 son humilit\u00e9, Micha\u00ebl s\u2019appr\u00eate \u00e0 inscrire son nom et les couleurs bordelaises dans l\u2019histoire du d\u00e9fil\u00e9 du 14 juillet, \u00e0 la t\u00eate du 11e bataillon des douanes. Apr\u00e8s un bref passage sur les Champs \u00c9lys\u00e9es en 1919 \u00e0 l\u2019occasion des c\u00e9l\u00e9brations de la victoire, les douanes en ont \u00e9t\u00e9 tr\u00e8s longtemps les grandes oubli\u00e9es. \u00abLa douane avait \u00e9t\u00e9 mise \u00e0 l\u2019honneur car elle est post\u00e9e \u00e0 la fronti\u00e8re, ce qui impliquait une grande mobilisation et des fortes pertes durant la Premi\u00e8re Guerre mondiale. Puis, elle n\u2019a plus \u00e9t\u00e9 invit\u00e9e \u00e0 d\u00e9filer jusqu\u2019en 2016. Ce sont les attentats de 2015 que nous avons tous v\u00e9cus dans notre chair, qui ont conduit les hommes politiques \u00e0 r\u00e9aliser l\u2019importance de notre administration pour la s\u00e9curit\u00e9\u00bb, explique Micha\u00ebl. Et pour cause\u00a0: dans une France o\u00f9 le libre-\u00e9change des marchandises et des personnes dominent en raison de l\u2019espace Schengen, \u00able besoin de contr\u00f4le est encore plus fort\u00bb, souligne l\u2019officier.<\/p>\n<p>Douaniers contre trafiquants<\/p>\n<p class=\"fig-paragraph\">M\u00e9connue, l\u2019administration des douanes est pourtant toujours en premi\u00e8re ligne pour prot\u00e9ger le territoire national. \u00abElle est au c\u0153ur des probl\u00e9matiques internationales \u00e0 la diff\u00e9rence des forces de s\u00e9curit\u00e9 int\u00e9rieure qui agissent dans le quotidien des concitoyens\u00bb, d\u00e9crit Micha\u00ebl. Ainsi, un douanier peut permettre de d\u00e9busquer des r\u00e9seaux de narcotrafiquants, de stopper des marchandises contamin\u00e9es en cas de crise sanitaire ou encore de faire respecter des embargos d\u00e9cid\u00e9s par les hommes politiques.<\/p>\n<p class=\"fig-paragraph\">S\u2019il refuse de partager les secrets qui ont rendu le flair du douanier l\u00e9gendaire, Micha\u00ebl s\u2019\u00e9panche volontiers sur la saisie spectaculaire des douaniers d\u2019Arcachon, en d\u00e9cembre 2022. Plus d\u2019une demi-tonne de coca\u00efne pure,\u00a0<a href=\"http:\/\/www.lefigaro.fr\/faits-divers\/drogue-saisie-de-578-kg-de-cocaine-par-les-douaniers-d-arcachon-20221216\" data-fig-type=\"NewsFlash\" data-gtm-custom-categorie=\"navigation\" data-gtm-custom-action=\"crossclick\" data-gtm-custom-label=\"Contextuel\" data-gtm-event=\"customEventSPE\" data-fig-domain=\"LEFIGARO\" target=\"_blank\" rel=\"noopener\">soit 578 kilos de drogue<\/a>\u00a0qui aurait pu \u00eatre recoup\u00e9e au moins trois fois, a \u00e9t\u00e9 confisqu\u00e9e \u00e0 la faveur d\u2019un contr\u00f4le de surveillance. Sans aucun autre renseignement que l\u2019analyse des flux par les agents post\u00e9s sur la voirie. \u00abC\u2019\u00e9tait impressionnant car au d\u00e9part nous n\u2019avions trouv\u00e9 que 10 kilos de coca\u00efne gr\u00e2ce au travail du chien. Puis en d\u00e9pouillant le camion, nous en sortions des bacs de 20 kilos. Nous avions le sentiment d\u2019\u00eatre utiles\u00bb, se rem\u00e9more le quadrag\u00e9naire avec une euphorie contenue. L\u2019autre souvenir marquant de sa carri\u00e8re est plus nuanc\u00e9. Il date de 2007, o\u00f9 un contr\u00f4le de 5 valises avec un double fond \u00e0 l\u2019a\u00e9roport de Roissy CDG lui avait permis de d\u00e9couvrir 20 kilos de coca\u00efne. Les bagages appartenaient \u00e0 une famille avec deux enfants en bas \u00e2ge. \u00abLes parents ont \u00e9t\u00e9 plac\u00e9s en garde \u00e0 vue. J\u2019ai \u00e9t\u00e9 particuli\u00e8rement marqu\u00e9 par la remise aux services sociaux des enfants, qui ne parlaient pas un mot de fran\u00e7ais\u00bb, \u00e9voque Micha\u00ebl. Avant d\u2019observer\u00a0: \u00abIl y a la criminalit\u00e9 avec des gens durs, mais il y a aussi des passeurs qui agissent dans un contexte qui est difficile pour eux et pas toujours en raison de \u201cvrais choix\u201d.\u00bb<\/p>\n<p>Humanit\u00e9<\/p>\n<p class=\"fig-paragraph\">Un regard empli d\u2019humanit\u00e9 qui l\u2019a conduit \u00e0 \u00eatre s\u00e9lectionn\u00e9 pour mener ce 11e bataillon des douanes le 14 juillet. \u00abMicha\u00ebl est un douanier loyal et efficace, qui sait prendre des d\u00e9cisions difficiles et envisager les meilleures solutions. Il n\u2019h\u00e9site jamais \u00e0 aller au plus pr\u00e8s de ses collaborateurs de terrain. Il sait leur dire les choses et les \u00e9couter. Il inspire le respect\u00bb, nous indique ainsi son sup\u00e9rieur St\u00e9phane Mage, directeur r\u00e9gional des douanes de Bordeaux. Et l\u2019administrateur sup\u00e9rieur des douanes d\u2019ajouter\u00a0: \u00abDiriger le bataillon douanier pour le d\u00e9fil\u00e9 est un honneur et Micha\u00ebl est un mod\u00e8le. Il est promis \u00e0 un bel avenir au sein de l\u2019administration, m\u00eame s\u2019il va rougir de ces compliments.\u00bb<\/p>\n<p class=\"fig-paragraph\">Sans superbe, Micha\u00ebl se pr\u00e9pare \u00e0 faire de son mieux avec une grande exigence car il sera seul pour donner la cadence aux 50 douaniers de France et Navarre qui lui embo\u00eeteront le pas. \u00abEn tant que chef, je me dois d\u2019essayer de diriger le bataillon qui me suit par l\u2019exemple\u00bb, indique-t-il simplement. Son \u00e9pouse, douani\u00e8re \u00e9galement, est l\u2019une des rares de son entourage \u00e0 mesurer la reconnaissance qui lui est accord\u00e9e. Leurs enfants, 7 et 9 ans, se r\u00e9jouissent surtout de \u00abvoir papa \u00e0 la t\u00e9l\u00e9\u00bb. Reste au chef du 11e bataillon des douanes un mois de pr\u00e9paration avant d\u2019incarner la devise originelle de son administration\u00a0: \u00abHonneur et d\u00e9vouement\u00bb.<\/p>\n","protected":false},"excerpt":{"rendered":"INFO LE FIGARO &#8211; Micha\u00ebl, le chef divisionnaire de Bordeaux M\u00e9rignac, est le premier Bordelais \u00e0 mener l\u2019administration&hellip;\n","protected":false},"author":2,"featured_media":187589,"comment_status":"","ping_status":"","sticky":false,"template":"","format":"standard","meta":{"footnotes":""},"categories":[2817],"tags":[1111,11,1997,2916,2911,2910,2915,2909,2904,2913,2912,2914,2906,2907,1777,674,1011,27,2905,2908,12,2219,25],"class_list":{"0":"post-187588","1":"post","2":"type-post","3":"status-publish","4":"format-standard","5":"has-post-thumbnail","7":"category-bordeaux","8":"tag-actu","9":"tag-actualites","10":"tag-bordeaux","11":"tag-bordeaux-cauderan","12":"tag-bordeaux-centre-ville","13":"tag-bordeaux-chartrons-grand-parc-jardin-public","14":"tag-bordeaux-la-bastide","15":"tag-bordeaux-maritime","16":"tag-bordeaux-metropole","17":"tag-bordeaux-nansouty-st-genes","18":"tag-bordeaux-st-augustin-tauzin-alphonse-dupeux","19":"tag-bordeaux-sud","20":"tag-capitale-de-gaule","21":"tag-cathedrale-gothique-de-saint-andre","22":"tag-eu","23":"tag-europe","24":"tag-fr","25":"tag-france","26":"tag-gironde","27":"tag-girondins-de-bordeaux","28":"tag-news","29":"tag-nouvelle-aquitaine","30":"tag-republique-francaise"},"share_on_mastodon":{"url":"https:\/\/pubeurope.com\/@fr\/114708287603926567","error":""},"_links":{"self":[{"href":"https:\/\/www.europesays.com\/fr\/wp-json\/wp\/v2\/posts\/187588","targetHints":{"allow":["GET"]}}],"collection":[{"href":"https:\/\/www.europesays.com\/fr\/wp-json\/wp\/v2\/posts"}],"about":[{"href":"https:\/\/www.europesays.com\/fr\/wp-json\/wp\/v2\/types\/post"}],"author":[{"embeddable":true,"href":"https:\/\/www.europesays.com\/fr\/wp-json\/wp\/v2\/users\/2"}],"replies":[{"embeddable":true,"href":"https:\/\/www.europesays.com\/fr\/wp-json\/wp\/v2\/comments?post=187588"}],"version-history":[{"count":0,"href":"https:\/\/www.europesays.com\/fr\/wp-json\/wp\/v2\/posts\/187588\/revisions"}],"wp:featuredmedia":[{"embeddable":true,"href":"https:\/\/www.europesays.com\/fr\/wp-json\/wp\/v2\/media\/187589"}],"wp:attachment":[{"href":"https:\/\/www.europesays.com\/fr\/wp-json\/wp\/v2\/media?parent=187588"}],"wp:term":[{"taxonomy":"category","embeddable":true,"href":"https:\/\/www.europesays.com\/fr\/wp-json\/wp\/v2\/categories?post=187588"},{"taxonomy":"post_tag","embeddable":true,"href":"https:\/\/www.europesays.com\/fr\/wp-json\/wp\/v2\/tags?post=187588"}],"curies":[{"name":"wp","href":"https:\/\/api.w.org\/{rel}","templated":true}]}}