{"id":187594,"date":"2025-06-19T05:07:14","date_gmt":"2025-06-19T05:07:14","guid":{"rendered":"https:\/\/www.europesays.com\/fr\/187594\/"},"modified":"2025-06-19T05:07:14","modified_gmt":"2025-06-19T05:07:14","slug":"lille-est-la-premiere-ville-de-province-a-accueillir-un-spectacle-immersif-sur-notre-dame-de-paris","status":"publish","type":"post","link":"https:\/\/www.europesays.com\/fr\/187594\/","title":{"rendered":"Lille est la premi\u00e8re ville de province \u00e0 accueillir un spectacle immersif sur Notre-Dame de Paris"},"content":{"rendered":"<p>            Par<br \/>\n        <strong><br \/>\n            <a href=\"https:\/\/actu.fr\/auteur\/annesophie-2\" title=\"Consulter tous les articles de Anne-Sophie Hourdeaux\" target=\"_blank\" rel=\"noopener\">Anne-Sophie Hourdeaux<\/a><br \/>\n        <\/strong><\/p>\n<p>        Publi\u00e9 le<\/p>\n<p>            19 juin 2025 \u00e0 6h26        <\/p>\n<p>Si vous n\u2019allez pas \u00e0 la cath\u00e9drale de <a href=\"https:\/\/actu.fr\/paris\/\" target=\"_blank\" rel=\"noopener\">Paris<\/a>, elle viendra \u00e0 vous\u2009! C\u2019est ce que vivra<b> la ville de Lille <\/b>durant<b> toute l\u2019ann\u00e9e 2026<\/b> gr\u00e2ce \u00e0 un<b> spectacle immersif exceptionnel<\/b> sur <a href=\"https:\/\/actu.fr\/tag\/cathedrale-notre-dame-de-paris\" target=\"_blank\" rel=\"noopener\">Notre-Dame de Paris<\/a>, qui a d\u00e9j\u00e0 s\u00e9duit <b>plus de 800\u2009000\u00a0visiteurs<\/b> de la capitale. C\u2019est dans un lieu sp\u00e9cifique de<b> la cath\u00e9drale lilloise<\/b> que vous pourrez faire cette exp\u00e9rience unique, Lille \u00e9tant la <b>premi\u00e8re ville de province<\/b> \u00e0 accueillir cet \u00e9v\u00e9nement\u2009! On vous explique tout.<\/p>\n<p>Immersif gr\u00e2ce \u00e0 un casque<\/p>\n<p class=\" wall-content\">Marcher dans les rues de Paris au Moyen-\u00c2ge, rencontrer les tailleurs de pierre et des personnages c\u00e9l\u00e8bres comme Viollet le Duc, monter jusqu\u2019au clocher de Notre-Dame de Paris, voir les vitraux de tr\u00e8s pr\u00e8s\u2026 Tout cela semble impossible, et pourtant, c\u2019est ce que propose le spectacle \u00ab\u2009\u00c9ternelle Notre-Dame\u2009\u00bb.<\/p>\n<p>    <img   decoding=\"async\" loading=\"lazy\" class=\"size-large\" src=\"https:\/\/www.europesays.com\/fr\/wp-content\/uploads\/2025\/06\/e5f0001e825862af0001e82582ef00v-960x640.jpg\" alt=\"casque VR eternelle notre-dame\" width=\"960\" height=\"640\"\/><br \/>\n    Contemplez Notre-Dame de Paris et toutes les \u00e9tapes de sa construction et ses beaut\u00e9s int\u00e9rieures gr\u00e2ce \u00e0 un casque virtuel. \u00a9Orange\/Emissive \u2013 Eternelle Notre-Dame \u2013 2021<\/p>\n<p class=\" wall-content\">Sa particularit\u00e9 est que chaque personne est en immersion dans l\u2019histoire et \u00ab\u2009marche\u2009\u00bb r\u00e9ellement, ou presque, dans le spectacle.\u00a0Cette exp\u00e9rience est rendue possible par les nouvelles technologies\u2009: le spectacle est \u00e0 vivre avec un casque de r\u00e9alit\u00e9 virtuelle sur les yeux\u2009! Les images sont projet\u00e9es directement dans la visi\u00e8re, et \u00e0 360 degr\u00e9s, ce qui fait qu\u2019o\u00f9 que vous regardiez, vous \u00eates dans un d\u00e9cor \u00e9volutif, tant\u00f4t r\u00e9aliste, tant\u00f4t f\u00e9erique. Et il ne faudra pas avoir le vertige, car on monte jusqu\u2019au clocher de la cath\u00e9drale parisienne\u2009!<\/p>\n<p>    <img   decoding=\"async\" loading=\"lazy\" class=\"size-large\" src=\"https:\/\/www.europesays.com\/fr\/wp-content\/uploads\/2025\/06\/42d0001e8258656d0001e82586ad00v-960x640.jpg\" alt=\"casque VR eternelle notre-dame\" width=\"960\" height=\"640\"\/><br \/>\n    \u00c0 Paris, 50\u00a0visiteurs pouvaient \u00eatre en m\u00eame temps \u00e0 vivre l\u2019exp\u00e9rience. \u00c0 Lille, on ne sait pas encore. \u00a9Amaclio ProductionsPendant 3\u00a0ans \u00e0 Paris<\/p>\n<p class=\" wall-content\">Pendant 3\u00a0ans, depuis 2022, l\u2019espace Grande Arche de la D\u00e9fense et une salle sous le parvis de la cath\u00e9drale de Parvis ont accueilli cette exp\u00e9rience, cr\u00e9\u00e9e par la soci\u00e9t\u00e9 Amaclio Productions et l\u2019op\u00e9rateur Orange, avec l\u2019entreprise de programmation informatique Emissive\u2009; accompagn\u00e9s par l\u2019auteur-sc\u00e9nographe Bruno Seillier.<\/p>\n<p class=\" wall-content\">\u00c9ternelle Notre-Dame se veut d\u00e9sormais itin\u00e9rante\u2009: elle va poser ses valises dans une ville de province pour la premi\u00e8re fois, et c\u2019est Lille qui a \u00e9t\u00e9 choisie\u2009!<\/p>\n<p>    <img   decoding=\"async\" loading=\"lazy\" class=\"size-large\" src=\"https:\/\/www.europesays.com\/fr\/wp-content\/uploads\/2025\/06\/1e3d9f0e82586124d9f0e8258e54d9v-960x640.jpg\" alt=\"casque VR eternelle notre-dame\" width=\"960\" height=\"640\"\/><br \/>\n    Dans l\u2019esprit de Viollet-le-Duc, le visiteur d\u00e9couvre la maquette de la restauration de la cath\u00e9drale de Paris de 1843\u2009! \u00a9Orange\/Emissive \u2013 Eternelle Notre-Dame \u2013 2021\u00c0 vivre\u2026 au Centre d\u2019art sacr\u00e9<\/p>\n<p class=\" wall-content\">Mais o\u00f9 se vivra cette exp\u00e9rience in\u00e9dite dans la cath\u00e9drale de Lille\u2009? L\u2019\u00e9difice a d\u00e9j\u00e0 accueilli un spectacle magnifique, pendant plusieurs mois fin 2024-d\u00e9but 2025, \u00ab\u2009Luminiscence\u2009\u00bb, avec projections mapping immersif.<\/p>\n<p class=\" wall-content\">Cette fois, ce sera dans la crypte moderne, situ\u00e9e sous l\u2019\u00e9difice\u2009! Elle abrite habituellement le Centre d\u2019art sacr\u00e9, qui pour cette incroyable occasion, sera ferm\u00e9 pendant un an.<\/p>\n<p class=\" wall-content\">Toutes les \u0153uvres d\u2019art seront retir\u00e9es pour recevoir le public.<\/p>\n<p>    <img   decoding=\"async\" loading=\"lazy\" class=\"size-large\" src=\"https:\/\/www.europesays.com\/fr\/wp-content\/uploads\/2025\/06\/86cceeccd73567bcceeccd7358fccev-960x640.jpg\" alt=\"centre art sacr\u00e9 lille\" width=\"960\" height=\"640\"\/><br \/>\n    Le Centre d\u2019art sacr\u00e9 de Lille fermera pendant un an pour accueillir le spectacle immersif \u00ab\u2009\u00c9ternelle Notre-Dame\u2009\u00bb. \u00a9Anne-Sophie Hourdeaux\/Croix du NordLes d\u00e9tails \u00e0 venir<\/p>\n<p class=\" wall-content\">On ne conna\u00eet pas encore les dates pr\u00e9cises de \u00ab\u2009s\u00e9jour lillois\u2009\u00bb du spectacle, mais cela sera vraisemblablement toute l\u2019ann\u00e9e 2026. Les d\u00e9tails de la billetterie n\u2019ont pas encore \u00e9t\u00e9 communiqu\u00e9s, mais il faudra compter environ 30\u00a0\u20ac pour 45\u00a0minutes d\u2019exp\u00e9rience. Les cr\u00e9neaux horaires seront larges, semaine et week-end.<\/p>\n<p class=\" wall-content\">Une partie de la billetterie sera revers\u00e9e \u00e0 la cath\u00e9drale pour\u2026 \u00e9diter enfin le premier ouvrage complet sur le Centre d\u2019art sacr\u00e9 de Lille\u2009! En attendant la longue fermeture, vous pouvez profiter de la nouvelle exposition du Centre d\u2019art sacr\u00e9, jusqu\u2019au 21\u00a0septembre les week-ends.<\/p>\n<p>Infos\u2009: <a href=\"https:\/\/www.eternellenotredame.com\/experience\" target=\"_blank\" rel=\"noopener\">eternellenotredame.com<\/a><\/p>\n<p class=\" wall-content\">Suivez toute l\u2019actualit\u00e9 de vos villes et m\u00e9dias favoris en vous inscrivant \u00e0 <a href=\"https:\/\/moncompte.actu.fr\" title=\"D\u00e9couvez Mon Actu\" rel=\"nofollow noopener\" data-trk=\"{&quot;cta&quot;:{&quot;action&quot;:&quot;https:\\\/\\\/moncompte.actu.fr&quot;,&quot;category&quot;:&quot;mon compte&quot;,&quot;from&quot;:&quot;article footer&quot;,&quot;name&quot;:&quot;Mon actu&quot;,&quot;type&quot;:&quot;cta&quot;}}\" target=\"_blank\">Mon Actu<\/a>.<\/p>\n","protected":false},"excerpt":{"rendered":"Par Anne-Sophie Hourdeaux Publi\u00e9 le 19 juin 2025 \u00e0 6h26 Si vous n\u2019allez pas \u00e0 la cath\u00e9drale de&hellip;\n","protected":false},"author":2,"featured_media":187595,"comment_status":"","ping_status":"","sticky":false,"template":"","format":"standard","meta":{"footnotes":""},"categories":[2815],"tags":[1111,11,1777,674,1011,27,811,1307,1652,12,12673,3341,25,853],"class_list":{"0":"post-187594","1":"post","2":"type-post","3":"status-publish","4":"format-standard","5":"has-post-thumbnail","7":"category-lille","8":"tag-actu","9":"tag-actualites","10":"tag-eu","11":"tag-europe","12":"tag-fr","13":"tag-france","14":"tag-hauts-de-france","15":"tag-lille","16":"tag-loisirs-culture","17":"tag-news","18":"tag-notre-dame-de-la-treille","19":"tag-notre-dame-de-paris","20":"tag-republique-francaise","21":"tag-spectacles"},"share_on_mastodon":{"url":"https:\/\/pubeurope.com\/@fr\/114708299475803283","error":""},"_links":{"self":[{"href":"https:\/\/www.europesays.com\/fr\/wp-json\/wp\/v2\/posts\/187594","targetHints":{"allow":["GET"]}}],"collection":[{"href":"https:\/\/www.europesays.com\/fr\/wp-json\/wp\/v2\/posts"}],"about":[{"href":"https:\/\/www.europesays.com\/fr\/wp-json\/wp\/v2\/types\/post"}],"author":[{"embeddable":true,"href":"https:\/\/www.europesays.com\/fr\/wp-json\/wp\/v2\/users\/2"}],"replies":[{"embeddable":true,"href":"https:\/\/www.europesays.com\/fr\/wp-json\/wp\/v2\/comments?post=187594"}],"version-history":[{"count":0,"href":"https:\/\/www.europesays.com\/fr\/wp-json\/wp\/v2\/posts\/187594\/revisions"}],"wp:featuredmedia":[{"embeddable":true,"href":"https:\/\/www.europesays.com\/fr\/wp-json\/wp\/v2\/media\/187595"}],"wp:attachment":[{"href":"https:\/\/www.europesays.com\/fr\/wp-json\/wp\/v2\/media?parent=187594"}],"wp:term":[{"taxonomy":"category","embeddable":true,"href":"https:\/\/www.europesays.com\/fr\/wp-json\/wp\/v2\/categories?post=187594"},{"taxonomy":"post_tag","embeddable":true,"href":"https:\/\/www.europesays.com\/fr\/wp-json\/wp\/v2\/tags?post=187594"}],"curies":[{"name":"wp","href":"https:\/\/api.w.org\/{rel}","templated":true}]}}