{"id":187598,"date":"2025-06-19T05:10:09","date_gmt":"2025-06-19T05:10:09","guid":{"rendered":"https:\/\/www.europesays.com\/fr\/187598\/"},"modified":"2025-06-19T05:10:09","modified_gmt":"2025-06-19T05:10:09","slug":"tourisme-a-marseille-le-trop-plein","status":"publish","type":"post","link":"https:\/\/www.europesays.com\/fr\/187598\/","title":{"rendered":"Tourisme \u00e0 Marseille : le trop plein\u00a0?"},"content":{"rendered":"<p>Dimanche 15\u00a0juin, 600\u00a0manifestants ont d\u00e9fil\u00e9 dans les rues de Barcelone afin de protester contre le <a href=\"https:\/\/www.laprovence.com\/article\/tourisme\/35986563873145\/barcelone-un-tourisme-de-masse-source-de-tensions\" target=\"_blank\" rel=\"nofollow noopener\">surtourisme<\/a>. Pistolets \u00e0 eau \u00e0 la main, comme un symbole, il s\u2019agissait pour les Catalans de d\u00e9noncer \u00ab\u00a0la hausse des prix de l\u2019immobilier, la surpopulation des lieux publics\u00a0\u00bb. Des habitants vent debout, aux Bal\u00e9ares, \u00e0 G\u00eanes ou \u00e0 Venise, pilot\u00e9s par le collectif Southern Europe Network Against Touristification (SET).<\/p>\n<p>\u00c0 <a href=\"https:\/\/www.laprovence.com\/bouches-du-rhone\/marseille-13055\" target=\"_blank\" rel=\"nofollow noopener\">Marseille<\/a> pas de d\u00e9fil\u00e9, mais des tensions croissantes raviv\u00e9es \u00e0 l\u2019heure d\u2019\u00e9t\u00e9\u00a0: augmentation des <a href=\"https:\/\/www.laprovence.com\/article\/region\/6439204717944114\/info-la-provence-la-ville-de-marseille-reduit-la-duree-de-location-autorisee-des-residences-principales-sur-airbnb\" target=\"_blank\" rel=\"nofollow noopener\">locations de courte dur\u00e9e<\/a>, surfr\u00e9quentation des lieux touristiques. \u00ab\u00a0On constate les ravages sociaux et environnementaux sur nos villes depuis une dizaine d\u2019ann\u00e9es, insiste S\u00e9bastien Barles, adjoint (EELV) au maire \u00e0 la transition \u00e9nerg\u00e9tique. Explosion d\u2019<a href=\"https:\/\/www.laprovence.com\/article\/region\/2788421554842914\/restrictions-anti-airbnb-la-ville-de-marseille-confortee-en-justice-face-au-syndicat-des-loueurs-meubles\" target=\"_blank\" rel=\"nofollow noopener\">Airbnb<\/a>, du <a href=\"https:\/\/www.laprovence.com\/article\/region\/1646332407461315\/le-grand-port-de-marseille-tient-a-son-terminal-de-croisieres-de-luxe-au-j4\" target=\"_blank\" rel=\"nofollow noopener\">croisi\u00e9risme<\/a> et de l\u2019aviation low cost ont entra\u00een\u00e9 un tourisme de masse exponentiel, vecteur de pollution, de <a href=\"https:\/\/www.laprovence.com\/article\/region\/20668393422908\/face-a-la-crise-du-logement-a-marseille-elus-et-associations-plaident-pour-la-requisition\" target=\"_blank\" rel=\"nofollow noopener\">tensions sur le march\u00e9 locatif<\/a>, d\u2019emplois pr\u00e9caires\u2026 Il va falloir changer de paradigme et que l\u2019on m\u2019explique pourquoi la Ville budg\u00e9tise 9\u00a0millions par an dans la promotion touristique\u00a0\u00bb.<\/p>\n","protected":false},"excerpt":{"rendered":"Dimanche 15\u00a0juin, 600\u00a0manifestants ont d\u00e9fil\u00e9 dans les rues de Barcelone afin de protester contre le surtourisme. Pistolets \u00e0&hellip;\n","protected":false},"author":2,"featured_media":187599,"comment_status":"","ping_status":"","sticky":false,"template":"","format":"standard","meta":{"footnotes":""},"categories":[2814],"tags":[17,1111,11,1777,674,1011,27,884,12,11388,882,16,25,602,8029],"class_list":{"0":"post-187598","1":"post","2":"type-post","3":"status-publish","4":"format-standard","5":"has-post-thumbnail","7":"category-marseille","8":"tag-17","9":"tag-actu","10":"tag-actualites","11":"tag-eu","12":"tag-europe","13":"tag-fr","14":"tag-france","15":"tag-marseille","16":"tag-news","17":"tag-plein","18":"tag-provence-alpes-cote-dazur","19":"tag-region","20":"tag-republique-francaise","21":"tag-tourisme","22":"tag-trop"},"share_on_mastodon":{"url":"https:\/\/pubeurope.com\/@fr\/114708311154196042","error":""},"_links":{"self":[{"href":"https:\/\/www.europesays.com\/fr\/wp-json\/wp\/v2\/posts\/187598","targetHints":{"allow":["GET"]}}],"collection":[{"href":"https:\/\/www.europesays.com\/fr\/wp-json\/wp\/v2\/posts"}],"about":[{"href":"https:\/\/www.europesays.com\/fr\/wp-json\/wp\/v2\/types\/post"}],"author":[{"embeddable":true,"href":"https:\/\/www.europesays.com\/fr\/wp-json\/wp\/v2\/users\/2"}],"replies":[{"embeddable":true,"href":"https:\/\/www.europesays.com\/fr\/wp-json\/wp\/v2\/comments?post=187598"}],"version-history":[{"count":0,"href":"https:\/\/www.europesays.com\/fr\/wp-json\/wp\/v2\/posts\/187598\/revisions"}],"wp:featuredmedia":[{"embeddable":true,"href":"https:\/\/www.europesays.com\/fr\/wp-json\/wp\/v2\/media\/187599"}],"wp:attachment":[{"href":"https:\/\/www.europesays.com\/fr\/wp-json\/wp\/v2\/media?parent=187598"}],"wp:term":[{"taxonomy":"category","embeddable":true,"href":"https:\/\/www.europesays.com\/fr\/wp-json\/wp\/v2\/categories?post=187598"},{"taxonomy":"post_tag","embeddable":true,"href":"https:\/\/www.europesays.com\/fr\/wp-json\/wp\/v2\/tags?post=187598"}],"curies":[{"name":"wp","href":"https:\/\/api.w.org\/{rel}","templated":true}]}}