{"id":187605,"date":"2025-06-19T05:14:09","date_gmt":"2025-06-19T05:14:09","guid":{"rendered":"https:\/\/www.europesays.com\/fr\/187605\/"},"modified":"2025-06-19T05:14:09","modified_gmt":"2025-06-19T05:14:09","slug":"ou-se-trouvent-les-meilleures-maternites-de-paris-et-dile-de-france-voici-la-liste-2025","status":"publish","type":"post","link":"https:\/\/www.europesays.com\/fr\/187605\/","title":{"rendered":"O\u00f9 se trouvent les meilleures maternit\u00e9s de Paris et d&rsquo;\u00cele-de-France ? Voici la liste 2025"},"content":{"rendered":"<p>            Par<br \/>\n        <strong><br \/>\n            <a href=\"https:\/\/actu.fr\/auteur\/julie-bossart-actu-fr\" title=\"Consulter tous les articles de Julie Bossart\" rel=\"nofollow noopener\" target=\"_blank\">Julie Bossart<\/a><br \/>\n        <\/strong><\/p>\n<p>        Publi\u00e9 le<\/p>\n<p>            19 juin 2025 \u00e0 6h04        <\/p>\n<p>Chaque naissance est diff\u00e9rente. Tout comme les \u00e9tablissements de sant\u00e9 o\u00f9 elles ont lieu. Mais comme la future maman n\u2019a pas les m\u00eames attentes pour ce grand moment, trouver l\u2019endroit o\u00f9 donner la vie peut s\u2019av\u00e9rer compliquer. Pour aider ses lectrices \u00e0 faire le bon choix, <a href=\"https:\/\/www.lefigaro.fr\/sciences\/notre-classement-2025-des-meilleures-maternites-de-paris-et-d-ile-de-france-20250617\" rel=\"nofollow noopener\" target=\"_blank\">Le Figaro<\/a> \u00e9tablit depuis plusieurs ann\u00e9es son classement des 40 meilleures* <a href=\"https:\/\/actu.fr\/tag\/maternite\" rel=\"nofollow noopener\" target=\"_blank\">maternit\u00e9s<\/a> \u00e0 <a href=\"https:\/\/actu.fr\/paris\/dernieres-actus\" rel=\"nofollow noopener\" target=\"_blank\">Paris<\/a> et en \u00cele-de-France.<\/p>\n<p>Paris, le Val-d\u2019Oise et les Hauts-de-Seine se d\u00e9marquent<\/p>\n<p class=\" wall-content\">Le journal vient tout juste de publier son palmar\u00e8s 2025, gr\u00e2ce \u00e0 \u00ab\u00a0des donn\u00e9es souvent in\u00e9dites et habituellement non communiqu\u00e9es par les \u00e9tablissements, qui refl\u00e8tent la qualit\u00e9 du suivi de la grossesse et de la pratique m\u00e9dicale au sein de chaque maternit\u00e9\u00a0\u00bb. Suivant une m\u00e9thodologie tr\u00e8s pr\u00e9cise, Le Figaro a calcul\u00e9 les notes finales selon plusieurs crit\u00e8res comme \u00ab\u00a0le taux de c\u00e9sarienne et d\u2019\u00e9pisiotomie, les ateliers sp\u00e9cialis\u00e9s, la disponibilit\u00e9 du personnel, la note de satisfaction\u2026\u00a0\u00bb, pr\u00e9cise-t-il. Voici son verdict.\u00a0<\/p>\n<ol class=\" wall-content\">\n<li>H\u00f4pital Pierre-Rouqu\u00e8s \u2013 Maternit\u00e9 Les Bluets (75) : <strong>18,4\/20<\/strong><\/li>\n<li>H\u00f4pitaux de Saint-Maurice \u2013 Saint-Maurice (94) :<strong> 17,4\/20<\/strong><\/li>\n<li>H\u00f4pital des Diaconesses \u2013 Paris (75) : <strong>17,3\/20<\/strong><\/li>\n<li>H\u00f4pital Simone-Veil \u2013 Eaubonne (95) : <strong>17,1\/20<\/strong><\/li>\n<li>H\u00f4pital Foch \u2013 Suresnes (92) :<strong> 16,6\/20<\/strong><\/li>\n<li>Grand h\u00f4pital de l\u2019Est francilien \u2013 Marne-la-Vall\u00e9e \u2013 Jossigny (77) : <strong>16,6\/20<\/strong><\/li>\n<li>H\u00f4pital Ren\u00e9-Dubos-Pontoise \u2013 Pontoise (95) : <strong>16,5\/20<\/strong><\/li>\n<li>H\u00f4pital Paris Saint-Joseph \u2013 Maternit\u00e9 Notre-Dame-de-Bon-Secours \u2013 Paris (75) : <strong>16,4\/20<\/strong><\/li>\n<li>Centre hospitalier Argenteuil \u2013 Argenteuil (95) : <strong>16,4\/20<\/strong><\/li>\n<li>Centre hospitalier des Quatre-Villes \u2013 Saint-Cloud (92) :<strong> 16,1\/20<\/strong><\/li>\n<li>Centre hospitalier Sud-francilien \u2013 Corbeil-Essonnes (91) : <strong>16\/20<\/strong><\/li>\n<li>Centre hospitalier Rives de Seine \u2013 Neuilly \u2013 Neuilly-sur-Seine (92) : <strong>16\/20<\/strong><\/li>\n<li>Groupe hospitalier Nord-Essonne \u2013 Orsay (91) : <strong>15,8\/20<\/strong><\/li>\n<li>H\u00f4pital intercommunal Villeneuve-Saint-Georges \u2013 Villeneuve-Saint-Georges (94) : <strong>15,7\/20<\/strong><\/li>\n<li>H\u00f4pital Max Fourestier \u2013 Cash de Nanterre \u2013 Nanterre (92) : <strong>15,4\/20<\/strong><\/li>\n<li>Centre hospitalier d\u2019Arpajon \u2013 Arpajon (91) :<strong> 15,4\/20<\/strong><\/li>\n<li>H\u00f4pital priv\u00e9 de la Seine-Saint-Denis \u2013 Le Blanc-Mesnil (93) : <strong>15,3\/20<\/strong><\/li>\n<li>Maternit\u00e9 du Franco-Britannique \u2013 Levallois-Perret (92) : <strong>15,3\/20<\/strong><\/li>\n<li>Centre hospitalier de Rambouillet \u2013 Rambouillet (78) : <strong>15,3\/20<\/strong><\/li>\n<li>Grand h\u00f4pital de l\u2019Est francilien \u2013 Meaux (77) : <strong>15,1\/20<\/strong><\/li>\n<li>H\u00f4pital Priv\u00e9 d\u2019Antony \u2013 Antony (92) : <strong>15\/20<\/strong><\/li>\n<li>H\u00f4pital priv\u00e9 Armand-Brillard \u2013 Nogent-sur-Marne (94) : <strong>14,6\/20<\/strong><\/li>\n<li>H\u00f4pital intercommunal Cr\u00e9teil \u2013 Cr\u00e9teil (94) : <strong>14,6\/20<\/strong><\/li>\n<li>H\u00f4pital priv\u00e9 Marne-La-Vall\u00e9e \u2013 Bry-sur-Marne (94) : <strong>14,4\/20<\/strong><\/li>\n<li>Groupe hospitalier Carnelle-Portes de l\u2019Oise \u2013 Beaumont-sur-Oise (95) :<strong> 14,2\/20<\/strong><\/li>\n<li>Clinique de La Muette \u2013 Paris (75) : <strong>13,9\/20<\/strong><\/li>\n<li>Clinique de L\u2019Estr\u00e9e \u2013 Stains (93) : <strong>13,9\/20<\/strong><\/li>\n<li>H\u00f4pital Am\u00e9ricain de Paris \u2013 Neuilly-sur-Seine (92) : <strong>13,8\/20<\/strong><\/li>\n<li>H\u00f4pital priv\u00e9 de l\u2019Ouest parisien \u2013 Trappes (78) : <strong>13,6\/20<\/strong><\/li>\n<li>Centre hospitalier du Sud Seine-et-Marne \u2013 site Fontainebleau \u2013 Fontainebleau (77) : <strong>13,5\/20<\/strong><\/li>\n<li>H\u00f4pital priv\u00e9 de Parly 2 Le Chesnay \u2013 Le Chesnay-Rocquencourt (78) : <strong>13,5\/20<\/strong><\/li>\n<li>Clinique Claude-Bernard \u2013 Ermont (95) : <strong>13,5\/20<\/strong><\/li>\n<li>Clinique de l\u2019Yvette \u2013 Longjumeau (91) : <strong>13,5\/20<\/strong><\/li>\n<li>H\u00f4pital priv\u00e9 Claude-Galien \u2013 Quincy-sous-S\u00e9nart (91) : <strong>13,2\/20<\/strong><\/li>\n<li>Clinique du Mousseau \u2013 Evry (91) : <strong>13\/20<\/strong><\/li>\n<li>Clinique Sainte-Th\u00e9r\u00e8se \u2013 Paris (75) :<strong> 12,9\/20<\/strong><\/li>\n<li>H\u00f4pital priv\u00e9 de Versailles \u2013 Versailles (78) : <strong>12,4\/20<\/strong><\/li>\n<li>Clinique de l\u2019Essonne \u2013 H\u00f4pital priv\u00e9 d\u2019Evry \u2013 Evry (91) :<strong> 11,9\/20<\/strong><\/li>\n<li>Centre hospitalier du Sud Seine-et-Marne \u2013 Montereau (77) : <strong>11,8\/20<\/strong><\/li>\n<li>Clinique Conti \u2013 L\u2019Isle-Adam (95) : <strong>11,7\/20<\/strong><\/li>\n<\/ol>\n<p class=\" wall-content\">*Le Figaro a contact\u00e9 toutes les maternit\u00e9s de la r\u00e9gion, mais seulement 40 ont r\u00e9pondu. Les autres, qui n\u2019ont pas souhait\u00e9 communiquer, sont pr\u00e9sentes dans le classement, leurs notes \u00e9tant celles de 2024, souligne le journal.<\/p>\n<p class=\" wall-content\">Suivez toute l\u2019actualit\u00e9 de vos villes et m\u00e9dias favoris en vous inscrivant \u00e0 <a href=\"https:\/\/moncompte.actu.fr\" title=\"D\u00e9couvez Mon Actu\" rel=\"nofollow noopener\" data-trk=\"{&quot;cta&quot;:{&quot;action&quot;:&quot;https:\\\/\\\/moncompte.actu.fr&quot;,&quot;category&quot;:&quot;mon compte&quot;,&quot;from&quot;:&quot;article footer&quot;,&quot;name&quot;:&quot;Mon actu&quot;,&quot;type&quot;:&quot;cta&quot;}}\" target=\"_blank\">Mon Actu<\/a>.<\/p>\n","protected":false},"excerpt":{"rendered":"Par Julie Bossart Publi\u00e9 le 19 juin 2025 \u00e0 6h04 Chaque naissance est diff\u00e9rente. Tout comme les \u00e9tablissements&hellip;\n","protected":false},"author":2,"featured_media":187606,"comment_status":"","ping_status":"","sticky":false,"template":"","format":"standard","meta":{"footnotes":""},"categories":[1592],"tags":[1111,11,1719,1777,674,1011,27,662,15761,12,626,25,71,104],"class_list":{"0":"post-187605","1":"post","2":"type-post","3":"status-publish","4":"format-standard","5":"has-post-thumbnail","7":"category-ile-de-france","8":"tag-actu","9":"tag-actualites","10":"tag-enfants","11":"tag-eu","12":"tag-europe","13":"tag-fr","14":"tag-france","15":"tag-ile-de-france","16":"tag-maternite","17":"tag-news","18":"tag-paris","19":"tag-republique-francaise","20":"tag-sante","21":"tag-societe"},"share_on_mastodon":{"url":"https:\/\/pubeurope.com\/@fr\/114708326918065321","error":""},"_links":{"self":[{"href":"https:\/\/www.europesays.com\/fr\/wp-json\/wp\/v2\/posts\/187605","targetHints":{"allow":["GET"]}}],"collection":[{"href":"https:\/\/www.europesays.com\/fr\/wp-json\/wp\/v2\/posts"}],"about":[{"href":"https:\/\/www.europesays.com\/fr\/wp-json\/wp\/v2\/types\/post"}],"author":[{"embeddable":true,"href":"https:\/\/www.europesays.com\/fr\/wp-json\/wp\/v2\/users\/2"}],"replies":[{"embeddable":true,"href":"https:\/\/www.europesays.com\/fr\/wp-json\/wp\/v2\/comments?post=187605"}],"version-history":[{"count":0,"href":"https:\/\/www.europesays.com\/fr\/wp-json\/wp\/v2\/posts\/187605\/revisions"}],"wp:featuredmedia":[{"embeddable":true,"href":"https:\/\/www.europesays.com\/fr\/wp-json\/wp\/v2\/media\/187606"}],"wp:attachment":[{"href":"https:\/\/www.europesays.com\/fr\/wp-json\/wp\/v2\/media?parent=187605"}],"wp:term":[{"taxonomy":"category","embeddable":true,"href":"https:\/\/www.europesays.com\/fr\/wp-json\/wp\/v2\/categories?post=187605"},{"taxonomy":"post_tag","embeddable":true,"href":"https:\/\/www.europesays.com\/fr\/wp-json\/wp\/v2\/tags?post=187605"}],"curies":[{"name":"wp","href":"https:\/\/api.w.org\/{rel}","templated":true}]}}