{"id":187613,"date":"2025-06-19T05:18:13","date_gmt":"2025-06-19T05:18:13","guid":{"rendered":"https:\/\/www.europesays.com\/fr\/187613\/"},"modified":"2025-06-19T05:18:13","modified_gmt":"2025-06-19T05:18:13","slug":"dur-de-masquer-nos-emotions-a-paris-ces-agents-celebrent-le-mariage-de-mourants-en-moins-de-24-heures","status":"publish","type":"post","link":"https:\/\/www.europesays.com\/fr\/187613\/","title":{"rendered":"\u00ab\u00a0Dur de masquer nos \u00e9motions\u00a0\u00bb\u00a0: \u00e0 Paris, ces agents c\u00e9l\u00e8brent le mariage de mourants \u00ab\u00a0en moins de 24\u00a0heures\u00a0\u00bb"},"content":{"rendered":"<p class=\"paragraph text_align_left\">Parfois, les mots manquent. \u00ab C\u2019est compliqu\u00e9 de dire F\u00e9licitations \u00e0 quelqu\u2019un qui va mourir, m\u00eame s\u2019il semble heureux sur l\u2019instant \u00bb, l\u00e2che Anthony. Agent au service logistique g\u00e9n\u00e9rale de la mairie du XVIIIe arrondissement de Paris, il vient d\u2019orienter un \u00e9lu et une employ\u00e9e du service \u00e9tat civil vers <a href=\"https:\/\/www.leparisien.fr\/societe\/famille\/mariages-in-extremis-ces-couples-qui-se-disent-oui-au-seuil-de-la-mort-10-02-2024-OW3FAROSLBA5HEGDRNPZO3ZHVU.php\" target=\"_blank\" rel=\"noreferrer nofollow noopener\">un mariage \u00ab in extremis \u00bb<\/a>.<\/p>\n<p class=\"paragraph text_align_left\">Cette proc\u00e9dure permet de c\u00e9l\u00e9brer un mariage en urgence, lorsque le pronostic vital d\u2019un des futurs \u00e9poux est engag\u00e9. Elle existe depuis plus de vingt-cinq ans, mais tr\u00e8s peu de couples y ont recours. \u00ab Souvent par m\u00e9connaissance \u00bb, regrette Chantal, fonctionnaire \u00e0 l\u2019\u00c9tat civil <a href=\"https:\/\/www.leparisien.fr\/paris-75\/paris-75018\/\" target=\"_blank\" rel=\"noreferrer nofollow noopener\">du XVIIIe<\/a>. Entre 2020 et 2023, le XVIIIe a c\u00e9l\u00e9br\u00e9 six mariages de ce type.<\/p>\n","protected":false},"excerpt":{"rendered":"Parfois, les mots manquent. \u00ab C\u2019est compliqu\u00e9 de dire F\u00e9licitations \u00e0 quelqu\u2019un qui va mourir, m\u00eame s\u2019il semble&hellip;\n","protected":false},"author":2,"featured_media":187614,"comment_status":"","ping_status":"","sticky":false,"template":"","format":"standard","meta":{"footnotes":""},"categories":[1888],"tags":[11,1777,674,1011,27,1944,12,626,25,104],"class_list":{"0":"post-187613","1":"post","2":"type-post","3":"status-publish","4":"format-standard","5":"has-post-thumbnail","7":"category-paris","8":"tag-actualites","9":"tag-eu","10":"tag-europe","11":"tag-fr","12":"tag-france","13":"tag-ma-ville","14":"tag-news","15":"tag-paris","16":"tag-republique-francaise","17":"tag-societe"},"share_on_mastodon":{"url":"https:\/\/pubeurope.com\/@fr\/114708342595100543","error":""},"_links":{"self":[{"href":"https:\/\/www.europesays.com\/fr\/wp-json\/wp\/v2\/posts\/187613","targetHints":{"allow":["GET"]}}],"collection":[{"href":"https:\/\/www.europesays.com\/fr\/wp-json\/wp\/v2\/posts"}],"about":[{"href":"https:\/\/www.europesays.com\/fr\/wp-json\/wp\/v2\/types\/post"}],"author":[{"embeddable":true,"href":"https:\/\/www.europesays.com\/fr\/wp-json\/wp\/v2\/users\/2"}],"replies":[{"embeddable":true,"href":"https:\/\/www.europesays.com\/fr\/wp-json\/wp\/v2\/comments?post=187613"}],"version-history":[{"count":0,"href":"https:\/\/www.europesays.com\/fr\/wp-json\/wp\/v2\/posts\/187613\/revisions"}],"wp:featuredmedia":[{"embeddable":true,"href":"https:\/\/www.europesays.com\/fr\/wp-json\/wp\/v2\/media\/187614"}],"wp:attachment":[{"href":"https:\/\/www.europesays.com\/fr\/wp-json\/wp\/v2\/media?parent=187613"}],"wp:term":[{"taxonomy":"category","embeddable":true,"href":"https:\/\/www.europesays.com\/fr\/wp-json\/wp\/v2\/categories?post=187613"},{"taxonomy":"post_tag","embeddable":true,"href":"https:\/\/www.europesays.com\/fr\/wp-json\/wp\/v2\/tags?post=187613"}],"curies":[{"name":"wp","href":"https:\/\/api.w.org\/{rel}","templated":true}]}}