{"id":187615,"date":"2025-06-19T05:19:11","date_gmt":"2025-06-19T05:19:11","guid":{"rendered":"https:\/\/www.europesays.com\/fr\/187615\/"},"modified":"2025-06-19T05:19:11","modified_gmt":"2025-06-19T05:19:11","slug":"les-rouennais-paient-ils-plus-chers-leurs-billets-de-train-par-rapport-aux-autres-villes-a-1h30-de-paris","status":"publish","type":"post","link":"https:\/\/www.europesays.com\/fr\/187615\/","title":{"rendered":"Les Rouennais paient-ils plus chers leurs billets de train par rapport aux autres villes \u00e0 1h30 de Paris\u00a0?"},"content":{"rendered":"<p>            Par<br \/>\n        <strong><br \/>\n            <a href=\"https:\/\/actu.fr\/auteur\/adrien-filoche\" title=\"Consulter tous les articles de Adrien Filoche\" target=\"_blank\" rel=\"noopener\">Adrien Filoche<\/a><br \/>\n        <\/strong><\/p>\n<p>        Publi\u00e9 le<\/p>\n<p>            19 juin 2025 \u00e0 7h04        <\/p>\n<p>L\u2019\u00e9t\u00e9 arrive, synonyme de d\u00e9part en voyage pour les vacanciers. Tandis que certains privil\u00e9gient <a href=\"https:\/\/actu.fr\/tag\/sncf\" target=\"_blank\" rel=\"noopener\">le train<\/a> comme moyen de transport, la r\u00e9daction de 76actu\u00a0a voulu faire <strong>un comparatif des prix des billets pour rallier Paris<\/strong>, entre <strong>Rouen<\/strong> et d\u2019autres villes situ\u00e9es \u00e0 environ 1h30 de la capitale, \u00e0 l\u2019instar de Chartres, Amiens, Orl\u00e9ans, \u00c9vreux, Sens ou encore Lille, Reims et Tours. Voici ce que l\u2019on constate.<\/p>\n<p>On compare le prix moyen d\u2019un billet entre Rouen et Paris<\/p>\n<p class=\" wall-content\">Pour proc\u00e9der, nous avons pris comme base de comparatif un <strong>aller\/retour du vendredi\u00a04 au dimanche 6\u00a0juillet 2025<\/strong> en seconde classe, entre la ville choisie et Paris, pour un voyageur \u00e2g\u00e9 entre 30 et 59\u00a0ans, sans abonnement. Ces prix ont \u00e9t\u00e9 v\u00e9rifi\u00e9s \u00e0 la date du 17\u00a0juin 2025.<\/p>\n<p class=\" wall-content\">Pour Rouen, notre ville t\u00e9moin, situ\u00e9e \u00e0 environ 130 kilom\u00e8tres en voiture de Paris, on d\u00e9nombre 30 voyages vers Paris le vendredi 4\u00a0juillet. Les prix varient <strong>entre 10 et 30\u00a0euros<\/strong>, \u00e0 noter que les billets \u00ab\u2009promotion\u2009\u00bb \u00e0 10\u00a0euros sont valables uniquement pour les horaires les plus matinaux ou les plus tardifs.<\/p>\n<p class=\" wall-content\">On retrouve ainsi <strong>un prix moyen de 22,45\u00a0euros,<\/strong> pour des temps de trajets oscillant entre 1h17 (le plus court) et 1h46 (le plus long).<\/p>\n<p class=\" wall-content\">Pour le retour dans l\u2019autre sens le 6\u00a0juillet, on note la m\u00eame variabilit\u00e9 de prix (entre 10 et 30\u00a0euros), avec des temps de trajets compris entre 1h23 et plus de 2h. Sur 19 trajets, on retrouve un prix moyen de <strong>22,55\u00a0euros.<\/strong><\/p>\n<p>Sens et Orl\u00e9ans, dans la m\u00eame gamme de prix<\/p>\n<p class=\" wall-content\"><strong>Que disent les autres villes\u2009?<\/strong> Prenons Sens, dans l\u2019Yonne, qui se trouve a environ 130km en voiture de la capitale. Sur un aller le 4\u00a0juillet, le prix du billet oscille entre 13 et 23\u00a0euros, avec un temps de trajet allant de 55\u00a0minutes (le plus court) \u00e0 1h29 (le plus long). Sur 23 trajets, le <strong>prix moyen est de 22,55\u00a0euros.<\/strong><\/p>\n<p class=\" wall-content\">On retrouve les m\u00eames standards pour le retour du 6\u00a0juillet. Sur 13 trajets, tous les billets sont \u00e0 <strong>23\u00a0euros.<\/strong><\/p>\n<p class=\" wall-content\">Pour les habitants <strong>d\u2019Orl\u00e9ans<\/strong>, il faudra d\u00e9penser \u00e0 peu pr\u00e8s les m\u00eames sommes pour rejoindre Paris. Toujours sur les m\u00eames dates, le <strong>prix moyen d\u2019un billet aller est de 22,65\u00a0euros. <\/strong>Sur 32 trajets, le prix le plus faible est \u00e0 18\u00a0euros. Enfin, le temps de trajet va de 58\u00a0minutes \u00e0 1h39.<\/p>\n<p class=\" wall-content\">\n<p>Les billets les moins chers \u00e0 Chartres et \u00c9vreux<\/p>\n<p class=\" wall-content\">Pour observer les prix les plus bas, il faut jeter un \u0153il du c\u00f4t\u00e9 des villes de <strong>Chartres<\/strong> et aussi <strong>d\u2019\u00c9vreux<\/strong>. Pour la premi\u00e8re, situ\u00e9e \u00e0 environ 100 kilom\u00e8tres de Paris, le prix moyen d\u2019un billet pour rejoindre Paris le 4\u00a0juillet est <strong>de 19,70\u00a0euros<\/strong> sur 36 trajets. Le billet le moins cher est \u00e0 13\u00a0euros, le plus co\u00fbteux \u00e0 20,30\u00a0euros. En termes de temps de trajets, il faut compter entre 58\u00a0minutes et 1h33.<\/p>\n<p class=\" wall-content\">Sur le retour, le 6\u00a0juillet, le prix moyen grimpe l\u00e9g\u00e8rement, \u00e0 20,90\u00a0euros pour 20 trajets. Les temps de parcours sont presque identiques.<\/p>\n<p class=\" wall-content\">\u00c0 \u00c9vreux, on constate des prix encore plus bas. Sur 23 trajets vers Paris, les billets vont de 10 \u00e0 22\u00a0euros, pour un prix moyen de <strong>13,85\u00a0euros.<\/strong> On compte 23 trajets, le plus court \u00e0 1h02 et le plus long \u00e0 2h09 avec une correspondance. Sur 10 trajets retour, les prix varient entre 11 et 22\u00a0euros avec un prix moyen de <strong>16,85\u00a0euros.<\/strong><\/p>\n<p class=\" wall-content\">Dans ce cas de figure donc, le prix du billet, moins important que celui de Rouen, peut s\u2019expliquer par un nombre de kilom\u00e8tres r\u00e9duit.\u00a0<\/p>\n<p class=\" wall-content\">C\u2019est du c\u00f4t\u00e9 d\u2019<strong>Amiens<\/strong>, dans la Somme, a environ 140 kilom\u00e8tres en voiture de Paris, que les billets sont les plus co\u00fbteux. Sur un aller en direction de Paris le 4\u00a0juillet, le prix du billet varie entre 25,10 et 34,40\u00a0euros. Le temps de trajet le plus court est de 1h09, tandis que le plus long, avec une correspondance, est fix\u00e9 \u00e0 2h23. Enfin, sur 28 trajets,<strong> le prix moyen est de 26\u00a0euros,<\/strong> l\u00e9g\u00e8rement plus cher qu\u2019\u00e0 Rouen.<\/p>\n<p class=\" wall-content\">Pour le retour, sur des billets variant entre 20 et 69,50\u00a0euros, on d\u00e9compte un prix moyen de <strong>28,30\u00a0euros sur un total de 22 trajets<\/strong>. On retrouve la m\u00eame \u00e9chelle que l\u2019aller pour les temps de trajets. M\u00eame constat pour le prix moyen.<\/p>\n<p><strong>Lille, Reims et Tours \u00e0 1h30 de Paris en TGV<\/strong><\/p>\n<p class=\" wall-content\">Dans notre comparatif, on a \u00e9galement voulu mettre en perspective Rouen avec Lille, Reims et Tours, trois villes qui relient Paris en TGV, avec des temps de trajets parfois inf\u00e9rieurs \u00e0 une heure.<\/p>\n<p class=\" wall-content\">Pour relier <strong>Lille<\/strong> \u00e0 Paris le 4\u00a0juillet, il faudra ainsi d\u00e9bourser <strong>36,95\u00a0euros en moyenne<\/strong>, avec des billets allant de 19 \u00e0 62\u00a0euros sur les 28 trajets disponibles. Sur le retour, le prix moyen est de <strong>34,25\u00a0euros. <\/strong>La majorit\u00e9 des temps de trajets est situ\u00e9e dans une fourchette entre 1h et 1h10.<\/p>\n<p class=\" wall-content\">Pour rejoindre Paris depuis <strong>Reims<\/strong> le 4\u00a0juillet, la moyenne du billet de train est de <strong>40,30\u00a0euros.<\/strong> Le billet le plus abordable est \u00e0 27\u00a0euros, le plus cher \u00e0 67,70\u00a0euros. Sur 15 trajets, le temps de parcours varie entre 45 min et 1h25 (avec une correspondance). Le prix moyen est l\u00e9g\u00e8rement plus int\u00e9ressant au retour, avec <strong>36,20\u00a0euros<\/strong> d\u00e9bours\u00e9s si l\u2019on fait la moyenne des 13 trajets.<\/p>\n<p class=\" wall-content\">Derni\u00e8re ville compar\u00e9e, Tours, l\u00e0 o\u00f9 les billets sont les plus chers. Pour arriver \u00e0 Paris en train le 4\u00a0juillet, il faudra d\u00e9penser en moyenne <strong>45,45\u00a0euros.<\/strong> Sur les 26 trajets, le billet le plus cher grimpe \u00e0 85,40 euros, tandis que le moins couteux est \u00e0 19 euros. Le trajet en TGV est rapide puisque au plus vite, on peut rejoindre la capitale en 1h02.<\/p>\n<p class=\" wall-content\">Enfin, pour le retour le 6\u00a0juillet, le prix moyen d\u00e9passe la barre des 50, <strong>51,9 euros<\/strong> pour \u00eatre pr\u00e9cis. Sur 22 trajets, le prix le plus haut est \u00e0 86,40 euros, le plus bas \u00e0 29 euros. Pour ce qui est du temps de trajet, le train le plus rapide prend 1h00, tandis que le plus long, avec deux correspondances, met plus de 3 heures pour rentrer.<\/p>\n<p>Notre conclusion<\/p>\n<p>En comparant Rouen avec les autres villes situ\u00e9es \u00e0 une distance similaire et qui relient Paris en TER, les Rouennais ne paient pas forc\u00e9ment plus chers leurs billets de train vers Paris. Les Normands peuvent toutefois se sentir davantage l\u00e9s\u00e9s sur les temps de parcours, d&rsquo;autant plus qu&rsquo;ils auront tendance \u00e0 \u00eatre rallong\u00e9s au cours de l&rsquo;\u00e9t\u00e9 en raison des travaux Eole, en \u00cele-de-France. Enfin, les trajets en TGV (depuis Tours, Lille ou Reims) sont sans surprise plus rapides, mais plus on\u00e9reux.<\/p>\n<p>*base de comparatif pour un aller\/retour du vendredi\u00a04 au dimanche 6\u00a0juillet 2025 en seconde classe, entre la ville choisie et Paris, pour un voyageur \u00e2g\u00e9 entre 30 et 59\u00a0ans, sans abonnement. Ces prix ont \u00e9t\u00e9 v\u00e9rifi\u00e9s \u00e0 la date du 17\u00a0juin 2025.<\/p>\n<p>Suivez l\u2019actualit\u00e9 de Rouen sur <a href=\"https:\/\/www.whatsapp.com\/channel\/0029VaKfnf99hXF2ddApFB1D\" target=\"_blank\" rel=\"noopener\">notre cha\u00eene WhatsApp<\/a> et sur <a href=\"https:\/\/www.tiktok.com\/@76actu.fr?lang=fr\" target=\"_blank\" rel=\"noopener\">notre compte TikTok<\/a><\/p>\n<p class=\" wall-content\">Suivez toute l\u2019actualit\u00e9 de vos villes et m\u00e9dias favoris en vous inscrivant \u00e0 <a href=\"https:\/\/moncompte.actu.fr\" title=\"D\u00e9couvez Mon Actu\" rel=\"nofollow noopener\" data-trk=\"{&quot;cta&quot;:{&quot;action&quot;:&quot;https:\\\/\\\/moncompte.actu.fr&quot;,&quot;category&quot;:&quot;mon compte&quot;,&quot;from&quot;:&quot;article footer&quot;,&quot;name&quot;:&quot;Mon actu&quot;,&quot;type&quot;:&quot;cta&quot;}}\" target=\"_blank\">Mon Actu<\/a>.<\/p>\n<ul class=\"ac-article-tag wall-content\">\n<li><a href=\"https:\/\/actu.fr\/tag\/gare-roue-rive-droite\" data-trk=\"{&quot;cta&quot;:{&quot;action&quot;:&quot;Gare Rouen rive droite&quot;,&quot;category&quot;:&quot;tag&quot;,&quot;from&quot;:&quot;article footer&quot;,&quot;name&quot;:&quot;Gare Rouen rive droite&quot;,&quot;type&quot;:&quot;cta&quot;}}\" target=\"_blank\" rel=\"noopener\">#Gare Rouen rive droite<\/a><\/li>\n<li><a href=\"https:\/\/actu.fr\/tag\/sncf\" data-trk=\"{&quot;cta&quot;:{&quot;action&quot;:&quot;SNCF&quot;,&quot;category&quot;:&quot;tag&quot;,&quot;from&quot;:&quot;article footer&quot;,&quot;name&quot;:&quot;SNCF&quot;,&quot;type&quot;:&quot;cta&quot;}}\" target=\"_blank\" rel=\"noopener\">#SNCF<\/a><\/li>\n<\/ul>\n<p>                    <script async src=\"\/\/www.tiktok.com\/embed.js\"><\/script><\/p>\n","protected":false},"excerpt":{"rendered":"Par Adrien Filoche Publi\u00e9 le 19 juin 2025 \u00e0 7h04 L\u2019\u00e9t\u00e9 arrive, synonyme de d\u00e9part en voyage pour&hellip;\n","protected":false},"author":2,"featured_media":187616,"comment_status":"","ping_status":"","sticky":false,"template":"","format":"standard","meta":{"footnotes":""},"categories":[1888],"tags":[11,1777,674,1011,27,32535,12,626,25,2215,104],"class_list":{"0":"post-187615","1":"post","2":"type-post","3":"status-publish","4":"format-standard","5":"has-post-thumbnail","7":"category-paris","8":"tag-actualites","9":"tag-eu","10":"tag-europe","11":"tag-fr","12":"tag-france","13":"tag-gare-rouen-rive-droite","14":"tag-news","15":"tag-paris","16":"tag-republique-francaise","17":"tag-sncf","18":"tag-societe"},"share_on_mastodon":{"url":"","error":""},"_links":{"self":[{"href":"https:\/\/www.europesays.com\/fr\/wp-json\/wp\/v2\/posts\/187615","targetHints":{"allow":["GET"]}}],"collection":[{"href":"https:\/\/www.europesays.com\/fr\/wp-json\/wp\/v2\/posts"}],"about":[{"href":"https:\/\/www.europesays.com\/fr\/wp-json\/wp\/v2\/types\/post"}],"author":[{"embeddable":true,"href":"https:\/\/www.europesays.com\/fr\/wp-json\/wp\/v2\/users\/2"}],"replies":[{"embeddable":true,"href":"https:\/\/www.europesays.com\/fr\/wp-json\/wp\/v2\/comments?post=187615"}],"version-history":[{"count":0,"href":"https:\/\/www.europesays.com\/fr\/wp-json\/wp\/v2\/posts\/187615\/revisions"}],"wp:featuredmedia":[{"embeddable":true,"href":"https:\/\/www.europesays.com\/fr\/wp-json\/wp\/v2\/media\/187616"}],"wp:attachment":[{"href":"https:\/\/www.europesays.com\/fr\/wp-json\/wp\/v2\/media?parent=187615"}],"wp:term":[{"taxonomy":"category","embeddable":true,"href":"https:\/\/www.europesays.com\/fr\/wp-json\/wp\/v2\/categories?post=187615"},{"taxonomy":"post_tag","embeddable":true,"href":"https:\/\/www.europesays.com\/fr\/wp-json\/wp\/v2\/tags?post=187615"}],"curies":[{"name":"wp","href":"https:\/\/api.w.org\/{rel}","templated":true}]}}