{"id":187625,"date":"2025-06-19T05:24:10","date_gmt":"2025-06-19T05:24:10","guid":{"rendered":"https:\/\/www.europesays.com\/fr\/187625\/"},"modified":"2025-06-19T05:24:10","modified_gmt":"2025-06-19T05:24:10","slug":"lallemagne-en-alerte-face-une-augmentation-de-la-consommation-des-fumeurs","status":"publish","type":"post","link":"https:\/\/www.europesays.com\/fr\/187625\/","title":{"rendered":"L\u2019Allemagne en alerte face une augmentation de la consommation des fumeurs"},"content":{"rendered":"<p style=\"text-align: justify\">Alors que le nombre total de fumeurs tend \u00e0 diminuer, l\u2019Allemagne enregistre une hausse significative de la consommation de tabac chez les fumeurs. D\u2019apr\u00e8s les donn\u00e9es de la caisse d\u2019assurance maladie KKH, le nombre de personnes fumant plus de 20 cigarettes par jour a augment\u00e9 de 50 % en dix ans. Cette tendance s\u2019accompagne d\u2019une progression marqu\u00e9e des maladies respiratoires chroniques comme la BPCO, dont les cas ont augment\u00e9 de 30 % entre 2013 et 2023<a href=\"#_ftn1\" name=\"_ftnref1\"><strong>[1]<\/strong><\/a>.<\/p>\n<p style=\"text-align: justify\">L&rsquo;enqu\u00eate allemande sur le tabagisme (\u00e9tude Debra) indique que le nombre de fumeurs en Allemagne s&rsquo;\u00e9l\u00e8ve \u00e0 environ 32 % en 2023 en population g\u00e9n\u00e9rale.<\/p>\n<p><strong>Une augmentation de la consommation des fumeurs et des pathologies associ\u00e9es<\/strong><\/p>\n<p style=\"text-align: justify\">Selon une analyse de la caisse d\u2019assurance maladie &#8211; Kaufm\u00e4nnische Krankenkasse KKH, le nombre de personnes consommant plus de 20 cigarettes par jour a augment\u00e9 de 50 % en dix ans en Allemagne. Cette tendance concerne principalement les hommes \u00e2g\u00e9s de 40 \u00e0 59 ans, mais touche \u00e9galement des tranches plus jeunes. Si le tabagisme global recule l\u00e9g\u00e8rement dans certaines cat\u00e9gories de la population, cette hausse de la consommation soul\u00e8ve une inqui\u00e9tude chez les professionnels de sant\u00e9 en raison de l\u2019aggravation encore des pathologies associ\u00e9es.<\/p>\n<p style=\"text-align: justify\">Les donn\u00e9es de KKH r\u00e9v\u00e8lent une augmentation notable des pathologies chroniques li\u00e9es au tabac, en particulier la broncho-pneumopathie chronique obstructive (BPCO). Entre 2013 et 2023, le nombre de personnes atteintes de BPCO suivies par la caisse d\u2019assurance a progress\u00e9 de 30 % et pr\u00e8s d\u2019un quart (22,8\u202f%) des fumeurs ayant une consommation quotidienne de plus de 20 cigarettes \u00e9taient atteints de BPCO, contre 19,5\u202f% dix ans plus t\u00f4t.\u00a0 Cette maladie respiratoire grave, qui provoque une obstruction progressive des voies a\u00e9riennes, est fortement li\u00e9e \u00e0 une consommation prolong\u00e9e et importante de tabac. Les femmes repr\u00e9sentent d\u00e9sormais 40 % des patients atteints, un chiffre en augmentation, traduisant l&rsquo;\u00e9volution des comportements tabagiques dans la population f\u00e9minine.<\/p>\n<p style=\"text-align: justify\">La BPCO reste souvent sous-diagnostiqu\u00e9e en raison de sympt\u00f4mes discrets au d\u00e9but de la maladie (essoufflement, toux chronique, fatigue). Or, une fois install\u00e9e, elle est irr\u00e9versible et pourrait constituer la troisi\u00e8me cause de d\u00e9c\u00e8s dans le monde d\u2019ici 2030 selon l\u2019<a href=\"https:\/\/www.emro.who.int\/fr\/health-topics\/chronic-obstructive-pulmonary-disease-copd\/\" rel=\"nofollow noopener\" target=\"_blank\">OMS<\/a>. En Allemagne, les pneumologues alertent \u00e9galement sur la hausse des cas chez des personnes encore actives professionnellement, mettant en lumi\u00e8re l\u2019impact croissant du tabac sur la qualit\u00e9 de vie et la productivit\u00e9 des adultes d\u2019\u00e2ge moyen.<\/p>\n<p style=\"text-align: justify\">L\u2019\u00e9tude de la KKH met \u00e9galement en \u00e9vidence d\u2019importantes disparit\u00e9s r\u00e9gionales. Dans le Land de Thuringe, la nombre de fumeur a doubl\u00e9 en dix ans, passant de 3,5 % en 2013 \u00e0 7 % en 2023. Berlin affiche les taux les plus \u00e9lev\u00e9s \u00e0 l\u2019\u00e9chelle nationale, avec 9 % des assur\u00e9s concern\u00e9s en 2023 contre 6,4 % dix ans plus t\u00f4t. \u00c0 l\u2019inverse, les L\u00e4nder du Bade-Wurtemberg (4,3 %) et de Hesse (4,7 %) pr\u00e9sentent les taux les plus faibles de d\u00e9pendance tabagique en 2023. Ces \u00e9carts traduisent l\u2019in\u00e9gale exposition au tabac selon les territoires, et appellent \u00e0 des politiques de pr\u00e9vention plus cibl\u00e9es.<\/p>\n<p style=\"text-align: justify\">Outre la BPCO, les experts soulignent \u00e9galement une augmentation des infections respiratoires chroniques, des crises d\u2019asthme s\u00e9v\u00e8res, et un risque accru de maladies cardiovasculaires en particulier dans cette cat\u00e9gorie de fumeurs.<\/p>\n<p><strong>Une politique de lutte antitabac \u00e0 la traine en Allemagne<\/strong><\/p>\n<p style=\"text-align: justify\">Malgr\u00e9 la ratification de la Convention-cadre pour la lutte antitabac (CCLAT) de \u00a0l\u2019Organisation mondiale de la Sant\u00e9 (OMS), l\u2019Allemagne figure parmi les pays les moins avanc\u00e9s en mati\u00e8re de r\u00e9glementation et de pr\u00e9vention du tabagisme en Europe. Contrairement \u00e0 de nombreux pays voisins qui ont adopt\u00e9 des politiques globales de lutte contre le tabac \u2013 taxation dissuasive, interdictions strictes de publicit\u00e9, emballage neutre, accompagnement renforc\u00e9 \u00e0 l\u2019arr\u00eat \u2013 l\u2019Allemagne reste en retrait sur la plupart de ces leviers.<\/p>\n<p style=\"text-align: justify\">En 2023, l\u2019OMS a d\u2019ailleurs point\u00e9 du doigt cette situation dans son neuvi\u00e8me rapport annuel sur la consommation mondiale de tabac, en condamnant explicitement l\u2019inaction de l\u2019Allemagne sur les quinze derni\u00e8res ann\u00e9es. R\u00fcdiger Krech, directeur de la promotion de la sant\u00e9 \u00e0 l\u2019OMS, a d\u00e9clar\u00e9 que la politique allemande actuelle en mati\u00e8re de tabac \u00e9tait \u00ab tr\u00e8s pr\u00e9occupante \u00bb, soulignant l\u2019absence de mesures efficaces pour pr\u00e9venir l\u2019initiation ou accompagner le sevrage.<\/p>\n<p style=\"text-align: justify\">Parmi les principales failles du syst\u00e8me allemand figure la relative accessibilit\u00e9 financi\u00e8re des produits du tabac. Selon les donn\u00e9es de l\u2019association allemande des fabricants de cigarettes (Deutscher Zigarettenverband, DZV), le prix moyen d\u2019un paquet de 20 cigarettes \u00e9tait de 8,70 euros en 2024 \u2013 un tarif bien inf\u00e9rieur \u00e0 celui pratiqu\u00e9 dans d\u2019autres pays d\u2019Europe de l\u2019Ouest ayant adopt\u00e9 une politique fiscale plus volontariste. Ce prix relativement bas ne permet pas de dissuader efficacement les jeunes ou les populations \u00e0 faibles revenus de fumer.<\/p>\n<p style=\"text-align: justify\">La publicit\u00e9 pour le tabac reste par ailleurs encore largement autoris\u00e9e dans l\u2019espace public, notamment sur les panneaux d\u2019affichage, dans les cin\u00e9mas et sur les devantures de certains points de vente. Les dispositifs de r\u00e9glementation du marketing pour les nouveaux produits nicotin\u00e9s (comme les cigarettes \u00e9lectroniques, le tabac chauff\u00e9 ou les sachets de nicotine) sont \u00e9galement jug\u00e9s insuffisants.<\/p>\n<p style=\"text-align: justify\">Enfin, la forte pr\u00e9sence des lobbys de l\u2019industrie du tabac constitue un frein majeur \u00e0 toute avanc\u00e9e structurelle. Plusieurs ONG et experts de sant\u00e9 publique d\u00e9noncent r\u00e9guli\u00e8rement le poids des fabricants dans les processus l\u00e9gislatifs, qui contribue \u00e0 maintenir un cadre r\u00e9glementaire permissif, en d\u00e9calage avec la gravit\u00e9 de la situation et les recommandations internationales.<\/p>\n<p style=\"text-align: justify\"><strong style=\"text-align: justify\"><a href=\"https:\/\/www.generationsanstabac.org\/\" rel=\"nofollow noopener\" target=\"_blank\">\u00a9G\u00e9n\u00e9ration Sans Tabac<\/a><\/strong><\/p>\n<p style=\"text-align: right\"><strong>AE<\/strong><\/p>\n<p style=\"text-align: justify\"><a href=\"#_ftnref1\" name=\"_ftn1\">[1]<\/a> Communiqu\u00e9, <a href=\"https:\/\/www.kkh.de\/presse\/pressemeldungen\/rauchenundcopd\" rel=\"nofollow noopener\" target=\"_blank\">Bald atemlos? Zahl der Tabaks\u00fcchtigen stark gestiegen<\/a>, KKH, publi\u00e9 le 26 mai 2025, consult\u00e9 le 16 juin 2025<\/p>\n<p><strong style=\"color: #999999\"><a style=\"color: #999999\" href=\"http:\/\/www.cnct.fr\/\" target=\"_blank\" rel=\"noopener noreferrer nofollow\">Comit\u00e9 national contre le tabagisme |<\/a><\/strong>        <\/p>\n","protected":false},"excerpt":{"rendered":"Alors que le nombre total de fumeurs tend \u00e0 diminuer, l\u2019Allemagne enregistre une hausse significative de la consommation&hellip;\n","protected":false},"author":2,"featured_media":187626,"comment_status":"","ping_status":"","sticky":false,"template":"","format":"standard","meta":{"footnotes":""},"categories":[1587],"tags":[11,672,1804,1805,1803,1777,674,1801,12,1802],"class_list":{"0":"post-187625","1":"post","2":"type-post","3":"status-publish","4":"format-standard","5":"has-post-thumbnail","7":"category-allemagne","8":"tag-actualites","9":"tag-allemagne","10":"tag-bundesrepublik-deutschland","11":"tag-de","12":"tag-deutschland","13":"tag-eu","14":"tag-europe","15":"tag-germany","16":"tag-news","17":"tag-republique-federale-dallemagne"},"share_on_mastodon":{"url":"https:\/\/pubeurope.com\/@fr\/114708366176932143","error":""},"_links":{"self":[{"href":"https:\/\/www.europesays.com\/fr\/wp-json\/wp\/v2\/posts\/187625","targetHints":{"allow":["GET"]}}],"collection":[{"href":"https:\/\/www.europesays.com\/fr\/wp-json\/wp\/v2\/posts"}],"about":[{"href":"https:\/\/www.europesays.com\/fr\/wp-json\/wp\/v2\/types\/post"}],"author":[{"embeddable":true,"href":"https:\/\/www.europesays.com\/fr\/wp-json\/wp\/v2\/users\/2"}],"replies":[{"embeddable":true,"href":"https:\/\/www.europesays.com\/fr\/wp-json\/wp\/v2\/comments?post=187625"}],"version-history":[{"count":0,"href":"https:\/\/www.europesays.com\/fr\/wp-json\/wp\/v2\/posts\/187625\/revisions"}],"wp:featuredmedia":[{"embeddable":true,"href":"https:\/\/www.europesays.com\/fr\/wp-json\/wp\/v2\/media\/187626"}],"wp:attachment":[{"href":"https:\/\/www.europesays.com\/fr\/wp-json\/wp\/v2\/media?parent=187625"}],"wp:term":[{"taxonomy":"category","embeddable":true,"href":"https:\/\/www.europesays.com\/fr\/wp-json\/wp\/v2\/categories?post=187625"},{"taxonomy":"post_tag","embeddable":true,"href":"https:\/\/www.europesays.com\/fr\/wp-json\/wp\/v2\/tags?post=187625"}],"curies":[{"name":"wp","href":"https:\/\/api.w.org\/{rel}","templated":true}]}}