{"id":18763,"date":"2025-04-12T01:37:16","date_gmt":"2025-04-12T01:37:16","guid":{"rendered":"https:\/\/www.europesays.com\/fr\/18763\/"},"modified":"2025-04-12T01:37:16","modified_gmt":"2025-04-12T01:37:16","slug":"nice-apres-la-mort-dun-jeune-dans-un-accident-un-quartier-entier-sous-le-choc","status":"publish","type":"post","link":"https:\/\/www.europesays.com\/fr\/18763\/","title":{"rendered":"Nice. Apr\u00e8s la mort d&rsquo;un jeune dans un accident, un quartier entier sous le choc"},"content":{"rendered":"<p>            Par<br \/>\n        <strong><br \/>\n            <a href=\"https:\/\/actu.fr\/auteur\/manon-reinhardt\" title=\"Consulter tous les articles de Manon Reinhardt\" rel=\"nofollow noopener\" target=\"_blank\">Manon Reinhardt<\/a><br \/>\n        <\/strong><\/p>\n<p>        Publi\u00e9 le<\/p>\n<p>            11 avr. 2025 \u00e0 12h20        <\/p>\n<p>Un drame s\u2019est produit sur le boulevard de Cessole \u00e0 Nord de <a href=\"https:\/\/actu.fr\/provence-alpes-cote-d-azur\/nice_06088\" rel=\"nofollow noopener\" target=\"_blank\">Nice<\/a> (<a href=\"https:\/\/actu.fr\/provence-alpes-cote-d-azur\/alpes-maritimes_06\" rel=\"nofollow noopener\" target=\"_blank\">Alpes-Maritimes<\/a>), ce vendredi 11\u00a0avril 2025 vers 7h du matin. <strong>Un jeune motard de 22\u00a0ans est d\u00e9c\u00e9d\u00e9<\/strong> dans un tr\u00e8s violent accident de la circulation. L\u2019accident, qui impliquait \u00e9galement une voiture, a fait un autre bless\u00e9.<\/p>\n<p class=\" wall-content\">Les habitants et commer\u00e7ants du quartier, boulevers\u00e9s, d\u00e9noncent la vitesse quotidienne des automobilistes sur cet axe et d\u00e9plorent un manque d\u2019am\u00e9nagements.<\/p>\n<p>La vitesse particuli\u00e8rement probl\u00e9matique<\/p>\n<p class=\" wall-content\">Le choc a \u00e9t\u00e9 tr\u00e8s violent, en t\u00e9moigne l\u2019\u00e9tat de la voiture qui tr\u00f4ne au milieu de la chauss\u00e9e. Ce vendredi matin, aux alentours de 7h, <a href=\"https:\/\/actu.fr\/provence-alpes-cote-d-azur\/nice_06088\/nice-un-jeune-homme-meurt-dans-un-tragique-accident-de-la-route_62496884.html\" rel=\"nofollow noopener\" target=\"_blank\">un accident de la circulation<\/a> impliquant une moto et un v\u00e9hicule s\u2019est produit sur le boulevard de Cessole, au niveau du num\u00e9ro\u00a082.<\/p>\n<p>    <a href=\"https:\/\/www.google.com\/maps\/embed?pb=!1m18!1m12!1m3!1d2883.6819416415883!2d7.248424590204182!3d43.71715847378318!2m3!1f0!2f0!3f0!3m2!1i1024!2i768!4f13.1!3m3!1m2!1s0x12cdcfe33fa7d12f%3A0xb5cd610718676b2f!2s82%20Bd%20de%20Cessole%2C%2006100%20Nice!5e0!3m2!1sfr!2sfr!4v1744365639106!5m2!1sfr!2sfr\" title=\"Ouvrie le lien\" rel=\"nofollow noopener\" target=\"_blank\">Cliquez ici pour visualiser le contenu<\/a><\/p>\n<p class=\" wall-content\">Le pilote du deux-roues est d\u00e9c\u00e9d\u00e9 sur place, malgr\u00e9 une longue tentative de r\u00e9animation. <strong>Il \u00e9tait \u00e2g\u00e9 d\u2019\u00e0 peine 22\u00a0ans<\/strong>. Son passager, 35\u00a0ans, est l\u00e9g\u00e8rement bless\u00e9. L\u2019\u00e9tat de sant\u00e9 du conducteur de la voiture n\u2019a pas \u00e9t\u00e9 pr\u00e9cis\u00e9 par les sapeurs-pompiers. L\u2019intervention des secours a n\u00e9cessit\u00e9 la fermeture de l\u2019axe.<\/p>\n<p>Vid\u00e9os : en ce moment sur Actu<br \/>\n      <img   decoding=\"async\" loading=\"lazy\" src=\"https:\/\/www.europesays.com\/fr\/wp-content\/uploads\/2025\/04\/accident-cessole-nice-1-1-960x640.jpeg\" alt=\"Le choc a \u00e9t\u00e9 tr\u00e8s violent \u00e0 cette intersection entre la voiture et la moto.\" width=\"960\" height=\"640\"\/><br \/>\n    Le choc a \u00e9t\u00e9 tr\u00e8s violent \u00e0 cette intersection entre la voiture et la moto. (\u00a9Manon Reinhardt \/ actu Nice)<\/p>\n<p class=\" wall-content\">Les habitants et commer\u00e7ants du quartier, tr\u00e8s choqu\u00e9s, n\u2019ont pu que constater la triste sc\u00e8ne. Tous d\u00e9noncent la vitesse particuli\u00e8rement excessive des automobilistes sur le boulevard.<\/p>\n<p>\u00ab\u2009Un gros boum\u2009\u00bb entendu par les riverains<\/p>\n<p class=\" wall-content\">Helmi vit dans l\u2019un des immeubles autour. Il raconte avoir entendu \u00ab\u2009un gros boum\u2009\u00bb t\u00f4t ce matin. \u00ab\u2009Le bruit a \u00e9t\u00e9 impressionnant, comme une d\u00e9flagration.\u2009\u00bb<\/p>\n<p class=\" wall-content\">Le riverain a les larmes aux yeux. \u00ab\u2009Des voisins, dont un pompier, sont descendus pour proc\u00e9der aux premiers secours. Ils l\u2019ont mass\u00e9 <strong>pendant 45\u00a0minutes<\/strong>. Mais ici c\u2019est tout le temps, il y a un tr\u00e8s gros probl\u00e8me de vitesse.\u2009\u00bb De jour comme de nuit, les accidents se multiplient \u00ab\u2009au m\u00eame endroit\u2009\u00bb. Selon lui, cette trag\u00e9die \u00e9tait pr\u00e9visible.<\/p>\n<blockquote class=\"ac-article-quote wall-content\">\n<p>Il n&rsquo;y a rien qui change, ils devraient mettre des ralentisseurs. M\u00eame un radar, ou faire plus de contr\u00f4les. Arriv\u00e9e la nuit, \u00e7a devient un rallye ici. Il faut faire quelque chose, c&rsquo;\u00e9tait qu&rsquo;une question de temps. Jusqu&rsquo;\u00e0 pr\u00e9sent ce n&rsquo;\u00e9tait que des bless\u00e9s et voil\u00e0, il faut qu&rsquo;il y ait un mort pour que \u00e7a change ?<\/p>\n<p>    <strong>Helmi<\/strong><br \/>\n        Habitant du quartier    <\/p><\/blockquote>\n<p>Des commer\u00e7ants en col\u00e8re<\/p>\n<p class=\" wall-content\">Antonio, g\u00e9rant d\u2019une boucherie, prenait sa pause cigarette quand l\u2019accident a eu lieu. Il s\u2019est d\u00e9roul\u00e9 juste devant ses yeux. \u00ab\u2009Il n\u2019a m\u00eame pas eu le temps de freiner, il s\u2019est fait mal\u2026\u2009\u00bb Le commer\u00e7ant est l\u2019un <strong>des t\u00e9moins<\/strong> qui a aid\u00e9 \u00e0 le r\u00e9animer. Il est tr\u00e8s remont\u00e9.<\/p>\n<p class=\" wall-content\">\u00ab\u2009Les \u00e9lus viennent faire les beaux et les stars, mais il y a des morts ici\u2009! Le probl\u00e8me, c\u2019est la vitesse, c\u2019est tous les jours\u2009\u00bb, fustige-t-il. M\u00eame son de cloche chez Sandy qui tient un salon de coiffure depuis 30\u00a0ans. Elle aussi est en col\u00e8re.<\/p>\n<blockquote class=\"ac-article-quote wall-content\">\n<p>On a beau en parler et le dire, depuis qu&rsquo;il y a eu la transformation (le changement de sens sur Cessole depuis octobre, ndlr), c&rsquo;est pire que tout. Comme il y a le c\u00e9der le passage, c&rsquo;est toute la journ\u00e9e que j&rsquo;entends des coups de frein. C&rsquo;est \u00e9pouvantable.<\/p>\n<p>    <strong>Sandy<\/strong><br \/>\n        G\u00e9rante de Sandy Coiffure    <\/p><\/blockquote>\n<p class=\" wall-content\">Le stationnement anarchique de certaines voitures r\u00e9duirait la visibilit\u00e9 depuis la rue Cagnoli, selon plusieurs riverains. \u00c0 noter \u00e9galement que cette portion du boulevard Cessole est limit\u00e9e \u00e0 30\u00a0km\/h.<\/p>\n<p class=\" wall-content\">Suivez toute l\u2019actualit\u00e9 de vos villes et m\u00e9dias favoris en vous inscrivant \u00e0 <a href=\"https:\/\/moncompte.actu.fr\" title=\"D\u00e9couvez Mon Actu\" rel=\"nofollow noopener\" data-trk=\"{&quot;cta&quot;:{&quot;action&quot;:&quot;https:\\\/\\\/moncompte.actu.fr&quot;,&quot;category&quot;:&quot;mon compte&quot;,&quot;from&quot;:&quot;article footer&quot;,&quot;name&quot;:&quot;Mon actu&quot;,&quot;type&quot;:&quot;cta&quot;}}\" target=\"_blank\">Mon Actu<\/a>.<\/p>\n","protected":false},"excerpt":{"rendered":"Par Manon Reinhardt Publi\u00e9 le 11 avr. 2025 \u00e0 12h20 Un drame s\u2019est produit sur le boulevard de&hellip;\n","protected":false},"author":2,"featured_media":18764,"comment_status":"","ping_status":"","sticky":false,"template":"","format":"standard","meta":{"footnotes":""},"categories":[2819],"tags":[119,1111,11,1777,674,1011,27,12,2401,1311,882,25,104],"class_list":{"0":"post-18763","1":"post","2":"type-post","3":"status-publish","4":"format-standard","5":"has-post-thumbnail","7":"category-nice","8":"tag-accident","9":"tag-actu","10":"tag-actualites","11":"tag-eu","12":"tag-europe","13":"tag-fr","14":"tag-france","15":"tag-news","16":"tag-nice","17":"tag-pompiers","18":"tag-provence-alpes-cote-dazur","19":"tag-republique-francaise","20":"tag-societe"},"share_on_mastodon":{"url":"https:\/\/pubeurope.com\/@fr\/114322436519070070","error":""},"_links":{"self":[{"href":"https:\/\/www.europesays.com\/fr\/wp-json\/wp\/v2\/posts\/18763","targetHints":{"allow":["GET"]}}],"collection":[{"href":"https:\/\/www.europesays.com\/fr\/wp-json\/wp\/v2\/posts"}],"about":[{"href":"https:\/\/www.europesays.com\/fr\/wp-json\/wp\/v2\/types\/post"}],"author":[{"embeddable":true,"href":"https:\/\/www.europesays.com\/fr\/wp-json\/wp\/v2\/users\/2"}],"replies":[{"embeddable":true,"href":"https:\/\/www.europesays.com\/fr\/wp-json\/wp\/v2\/comments?post=18763"}],"version-history":[{"count":0,"href":"https:\/\/www.europesays.com\/fr\/wp-json\/wp\/v2\/posts\/18763\/revisions"}],"wp:featuredmedia":[{"embeddable":true,"href":"https:\/\/www.europesays.com\/fr\/wp-json\/wp\/v2\/media\/18764"}],"wp:attachment":[{"href":"https:\/\/www.europesays.com\/fr\/wp-json\/wp\/v2\/media?parent=18763"}],"wp:term":[{"taxonomy":"category","embeddable":true,"href":"https:\/\/www.europesays.com\/fr\/wp-json\/wp\/v2\/categories?post=18763"},{"taxonomy":"post_tag","embeddable":true,"href":"https:\/\/www.europesays.com\/fr\/wp-json\/wp\/v2\/tags?post=18763"}],"curies":[{"name":"wp","href":"https:\/\/api.w.org\/{rel}","templated":true}]}}