{"id":187648,"date":"2025-06-19T05:39:17","date_gmt":"2025-06-19T05:39:17","guid":{"rendered":"https:\/\/www.europesays.com\/fr\/187648\/"},"modified":"2025-06-19T05:39:17","modified_gmt":"2025-06-19T05:39:17","slug":"jai-un-gros-probleme-avec","status":"publish","type":"post","link":"https:\/\/www.europesays.com\/fr\/187648\/","title":{"rendered":"\u201cJ\u2019ai un gros probl\u00e8me avec\u2026\u201d"},"content":{"rendered":"<p>Depuis quelques ann\u00e9es, la silhouette de <strong>Paul<br \/>\nMirabel<\/strong> nous est des plus famili\u00e8res. Normal : l\u2019humoriste<br \/>\nest singulier. <strong>Dans son allure, nonchalante, son physique,<br \/>\nd\u00e9gingand\u00e9, sa diction, h\u00e9sitante.<\/strong> Si sa prof\u2019 de th\u00e9\u00e2tre<br \/>\nlui a reproch\u00e9 tout cela, il y a longtemps, celui-ci en a fait son<br \/>\nstyle sur sc\u00e8ne. Voire, carr\u00e9ment, sa <strong>marque de<br \/>\nfabrique<\/strong> lui permettant de se distinguer de la rude<br \/>\nconcurrence dans le <strong>stand-up<\/strong> tricolore. En 2025,<br \/>\nPaul Mirabel est au top. Il a trac\u00e9 sa route sans se retourner.<br \/>\n<strong>C\u2019est peut-\u00eatre pour cela, aussi, qu\u2019il a annul\u00e9 r\u00e9cemment<br \/>\nun spectacle \u00e0 la derni\u00e8re minute.<\/strong><\/p>\n<p>Paul Mirabel : de l\u2019\u00e9cole de commerce \u00e0 la sc\u00e8ne<\/p>\n<p><strong>Tout gamin, Paul Mirabel se d\u00e9couvre une passion<br \/>\nd\u00e9vorante pour Gad Elmaleh.<\/strong> Et, plus largement, pour<br \/>\nl\u2019humour sur sc\u00e8ne. Il mate en boucle un DVD d\u2019un des spectacles de<br \/>\nl\u2019humoriste. Sans le savoir, ses parents, qui lui ont offert le<br \/>\npr\u00e9cieux s\u00e9same, plantent quelques graines qui vont germer dans les<br \/>\nann\u00e9es \u00e0 venir. <strong>Car Paul veut devenir<br \/>\nhumoriste.<\/strong><\/p>\n<p>Les voies du rire sont imp\u00e9n\u00e9trables. <strong>Pendant un temps,<br \/>\nPaul Mirabel met son r\u00eave de c\u00f4t\u00e9.<\/strong> Il enquille des \u00e9tudes<br \/>\nde commerce apr\u00e8s un Bac S. Mais il le sait au fond de lui : il<br \/>\nveut faire rire. Comme Gad Elmaleh. Finalement, fra\u00eechement<br \/>\ndipl\u00f4m\u00e9, il zappe le business pour les <strong>comedy<br \/>\nclubs<\/strong> parisiens. <strong>2018, il encha\u00eene les<br \/>\nsc\u00e8nes, se fait remarquer du public.<\/strong><\/p>\n<p>L\u2019humoriste conna\u00eet une ascension folle d\u00e8s 2020<\/p>\n<p>Mais \u00e9galement de la profession. <strong>Fary<\/strong>, com\u00e9dien<br \/>\n\u00e9tabli dans le milieu, lui propose de faire sa premi\u00e8re partie un<br \/>\nan apr\u00e8s. <strong>Paul Mirabel conna\u00eet alors une ascension folle<br \/>\ndans le milieu.<\/strong> En septembre de la m\u00eame ann\u00e9e, 2019, donc,<br \/>\nil int\u00e8gre le c\u00e9l\u00e8bre <strong>Jamel Comedy Club<\/strong>. Son r\u00eave<br \/>\ndevient r\u00e9alit\u00e9. Mais l\u2019aventure ne s\u2019arr\u00eate pas l\u00e0\u2026 L<a href=\"https:\/\/www.melty.fr\/people\/avant-les-rumeurs-avec-iris-mittenaere-paul-mirabel-tres-franc-sur-le-couple-ca-peut-etre-un-desavantage-2242038.html\" rel=\"nofollow noopener\" target=\"_blank\">e<br \/>\nsucc\u00e8s et la c\u00e9l\u00e9brit\u00e9 arrivent \u00e0 sa porte<\/a>.<\/p>\n<p>2020, Paul Mirabel casse Internet. Un de ses sketchs, Je me<br \/>\nsuis fait racketter, dans lequel il met en avance un style de<br \/>\n\u2018vicos\u2019, cartonne sur <strong>YouTube<\/strong>. Bilan ?<br \/>\n<strong>Plus de 28 000 000 de vues en 5 ans !<\/strong> D\u00e8s lors, on<br \/>\nvoit l\u2019humoriste un peu partout : sur <strong>Prime Video<\/strong><br \/>\n(<strong>LOL &#8211; Qui rit, sort !<\/strong>), \u00e0 la<br \/>\n<strong>t\u00e9l\u00e9<\/strong> (Jeune et golri), sur<br \/>\n<strong>sc\u00e8ne<\/strong> (ses spectacles Z\u00e8bre,<br \/>\nAmour) et m\u00eame au <strong>cin\u00e9ma<\/strong><br \/>\n(Classico).<\/p>\n<p>Paul Mirabel fait des confidences sur<br \/>\nses besoins<\/p>\n<p><strong>En cinq ans, Paul Mirabel est pass\u00e9 de nouvelle<br \/>\nsensation de l\u2019humour \u00e0 valeur s\u00fbre de la com\u00e9die.<\/strong><br \/>\nToutefois, cette omnipr\u00e9sence m\u00e9diatique, cet abattage artistique,<br \/>\na un prix. L\u2019humoriste semble avoir trop forc\u00e9. La preuve ?<br \/>\n<strong>Paul Mirabel a annul\u00e9 une repr\u00e9sentation <a href=\"https:\/\/www.melty.fr\/people\/coup-dur-pour-paul-mirabel-lhumoriste-au-plus-bas-annule-son-spectacle-desole-2241850.html\" rel=\"nofollow noopener\" target=\"_blank\"><br \/>\nde son spectacle \u00e0 Nancy \u00e0 la derni\u00e8re minute<\/a>.<\/strong><br \/>\nCelui-ci a fait la triste annonce sur son compte<br \/>\n<strong>Instagram<\/strong>. Il a ponctu\u00e9 son message d\u2019une touche<br \/>\nde <strong>bienveillance<\/strong> envers ses fans.<\/p>\n<p><strong>Flashback : nous sommes en 2024 dans les colonnes de<br \/>\nGQ.<\/strong> Paul Mirabel <a href=\"https:\/\/www.gqmagazine.fr\/article\/paul-mirabel-interview-gq-hype-spectacle-par-amour\" rel=\"nofollow noopener\" target=\"_blank\"><br \/>\nfait la Une du magazine <strong>GQ Hype<\/strong><\/a>. On le voit<br \/>\ngrim\u00e9 en boxeur, marcel blanc, visage tum\u00e9fi\u00e9, gants de boxe<br \/>\nd\u00e9pareill\u00e9s avec le titre \u00e9quivoque : <strong>Paul Mirabel, nouveau<br \/>\npoids lourd de l\u2019humour<\/strong>. On appr\u00e9ciera le jeu de mot. Dans<br \/>\ncette interview, ce dernier \u00e9voque notamment l\u2019importance du noble<br \/>\nart dans son quotidien. La boxe lui a apport\u00e9 un certain<br \/>\n\u201capaisement\u201d si l\u2019on en croit GQ. Puis, Paul Mirabel fait<br \/>\nquelques confidences sur ses besoins. Et notamment l\u2019origine de son<br \/>\nnouveau spectacle, Amour : \u201c<strong>J\u2019ai un gros<br \/>\nprobl\u00e8me avec l\u2019inactivit\u00e9.<\/strong> Je ne me voyais pas ne rien<br \/>\nfaire ou ne pas monter sur sc\u00e8ne pendant plusieurs ann\u00e9es. J\u2019ai eu<br \/>\nl\u2019envie tr\u00e8s vite de monter sur sc\u00e8ne.\u201d Avec deux one man<br \/>\nshows en trois ans, en 2021 et 2024, Paul Mirabel est sans aucun<br \/>\ndoute un <strong>artiste hype<\/strong> doubl\u00e9 d\u2019un<br \/>\n<strong>bourreau de travail<\/strong>.<\/p>\n","protected":false},"excerpt":{"rendered":"Depuis quelques ann\u00e9es, la silhouette de Paul Mirabel nous est des plus famili\u00e8res. Normal : l\u2019humoriste est singulier.&hellip;\n","protected":false},"author":2,"featured_media":187649,"comment_status":"","ping_status":"","sticky":false,"template":"","format":"standard","meta":{"footnotes":""},"categories":[1359],"tags":[905,58,59,1011,27,18670,973],"class_list":{"0":"post-187648","1":"post","2":"type-post","3":"status-publish","4":"format-standard","5":"has-post-thumbnail","7":"category-people","8":"tag-a-la-une-melty","9":"tag-divertissement","10":"tag-entertainment","11":"tag-fr","12":"tag-france","13":"tag-paul-mirabel","14":"tag-people"},"share_on_mastodon":{"url":"https:\/\/pubeurope.com\/@fr\/114708425258231373","error":""},"_links":{"self":[{"href":"https:\/\/www.europesays.com\/fr\/wp-json\/wp\/v2\/posts\/187648","targetHints":{"allow":["GET"]}}],"collection":[{"href":"https:\/\/www.europesays.com\/fr\/wp-json\/wp\/v2\/posts"}],"about":[{"href":"https:\/\/www.europesays.com\/fr\/wp-json\/wp\/v2\/types\/post"}],"author":[{"embeddable":true,"href":"https:\/\/www.europesays.com\/fr\/wp-json\/wp\/v2\/users\/2"}],"replies":[{"embeddable":true,"href":"https:\/\/www.europesays.com\/fr\/wp-json\/wp\/v2\/comments?post=187648"}],"version-history":[{"count":0,"href":"https:\/\/www.europesays.com\/fr\/wp-json\/wp\/v2\/posts\/187648\/revisions"}],"wp:featuredmedia":[{"embeddable":true,"href":"https:\/\/www.europesays.com\/fr\/wp-json\/wp\/v2\/media\/187649"}],"wp:attachment":[{"href":"https:\/\/www.europesays.com\/fr\/wp-json\/wp\/v2\/media?parent=187648"}],"wp:term":[{"taxonomy":"category","embeddable":true,"href":"https:\/\/www.europesays.com\/fr\/wp-json\/wp\/v2\/categories?post=187648"},{"taxonomy":"post_tag","embeddable":true,"href":"https:\/\/www.europesays.com\/fr\/wp-json\/wp\/v2\/tags?post=187648"}],"curies":[{"name":"wp","href":"https:\/\/api.w.org\/{rel}","templated":true}]}}