{"id":187650,"date":"2025-06-19T05:40:17","date_gmt":"2025-06-19T05:40:17","guid":{"rendered":"https:\/\/www.europesays.com\/fr\/187650\/"},"modified":"2025-06-19T05:40:17","modified_gmt":"2025-06-19T05:40:17","slug":"la-face-sombre-dun-tourisme-qui-detruit-tout-sur-son-passage","status":"publish","type":"post","link":"https:\/\/www.europesays.com\/fr\/187650\/","title":{"rendered":"la face sombre d\u2019un tourisme qui d\u00e9truit tout sur son passage"},"content":{"rendered":"<p>Ne cherchez plus <a href=\"https:\/\/www.presse-citron.net\/le-mystere-de-la-joconde-enfin-revele-par-cette-geologue\/\" rel=\"nofollow noopener\" target=\"_blank\">la Joconde<\/a>, elle a disparu derri\u00e8re les smartphones. Le Louvre est ferm\u00e9, pas pour des raisons techniques, mais parce que ses employ\u00e9s sont \u00e0 bout de nerfs. Lundi matin, les agents d\u2019accueil, de s\u00e9curit\u00e9 et de surveillance ont cess\u00e9 leurs activit\u00e9s par surprise, <strong>bloquant l\u2019ouverture du mus\u00e9e jusqu\u2019\u00e0 14 h 30<\/strong>. Une fr\u00e9quentation devenue ing\u00e9rable, des effectifs qui fondent comme neige au soleil, et une fatigue qui s\u2019accumule\u00a0: tels ont \u00e9t\u00e9 les motifs avanc\u00e9s. \u00c0 l\u2019entr\u00e9e, des touristes hagards patientaient \u00e0 m\u00eame le sol, sans comprendre ce qu\u2019il se passait.<\/p>\n<p>Ce qui se trame dans l\u2019un des plus beaux mus\u00e9es du monde n\u2019est que le sympt\u00f4me d\u2019un <strong>mal plus important, affectant l\u2019Europe enti\u00e8re<\/strong>. Venise, Lisbonne, Majorque, toutes nos splendides villes croulent sous <a href=\"https:\/\/www.presse-citron.net\/degats-du-tourisme-de-masse-airbnb-se-defausse-et-attaque-violemment-les-hotels\/\" rel=\"nofollow noopener\" target=\"_blank\">le tourisme de masse<\/a>.<\/p>\n<p> Le Louvre, ou la lente agonie d\u2019un mus\u00e9e qui n\u2019est plus admir\u00e9 <\/p>\n<p>Chaque jour, 20\u202f000 visiteurs se pressent pour apercevoir, ou plut\u00f4t photographier, la Mona Lisa. Dans cette salle devenue compl\u00e8tement irrespirable, le tableau de L\u00e9onard de Vinci n\u2019est devenu qu\u2019un fond d\u2019\u00e9cran grandeur nature pour selfies f\u00e9briles. Si vous avez d\u00e9j\u00e0 visit\u00e9 la Salle des \u00c9tats, dans laquelle est situ\u00e9 le tableau du grand ma\u00eetre italien, peut-\u00eatre avez-vous d\u00e9j\u00e0 eu un aper\u00e7u de cet enfer climatis\u00e9 : une foule compacte, t\u00e9l\u00e9phones en main, bras tendus, o\u00f9 <strong>toute notion de contemplation ou de politesse s\u2019est \u00e9vapor\u00e9e quelque part entre deux perches \u00e0 selfie<\/strong>.\u00a0\u00ab\u00a0On ne voit pas un tableau. On voit des t\u00e9l\u00e9phones. On voit des coudes. On ressent de la chaleur. Et on est pouss\u00e9 dehors\u202f\u00bb, r\u00e9sume Ji-Hyun Park, une touriste sud-cor\u00e9enne.<\/p>\n<p>Le ras-le-bol des agents est aussi nourri par <strong>une r\u00e9alit\u00e9 sociale exasp\u00e9rante<\/strong>. Selon <a href=\"https:\/\/www.lemonde.fr\/culture\/article\/2025\/06\/17\/le-louvre-bloque-plusieurs-heures-apres-une-greve-surprise-de-ses-agents-d-accueil_6613597_3246.html\" target=\"_blank\" rel=\"false noopener nofollow\">nos confr\u00e8res du Monde<\/a>, en quinze ans, le mus\u00e9e a perdu pr\u00e8s de 200 postes en \u00e9quivalent temps plein, alors m\u00eame qu\u2019il fr\u00f4le les 9 millions de visiteurs annuels, dont 80\u00a0% de visiteurs internationaux.<\/p>\n<p>La jauge officielle est cens\u00e9e \u00eatre de 30\u202f000 personnes par jour, un plafond r\u00e9guli\u00e8rement atteint, au point de mettre les \u00e9quipes et les infrastructures \u00e0 rude \u00e9preuve. <strong>Le sous-effectif est donc devenu ing\u00e9rable<\/strong>, et les conditions de visite ressemblent de plus en plus \u00e0 une file d\u2019attente dans une gare bond\u00e9e.<\/p>\n<p> Un mus\u00e9e fatigu\u00e9 \u00e0 repeindre <\/p>\n<p>En plus d\u2019\u00eatre surpeupl\u00e9, le Louvre vieillit, menac\u00e9 par <strong>les infiltrations et des probl\u00e8mes de temp\u00e9rature<\/strong> qui fragilisent la conservation des \u0153uvres. Sa directrice, Laurence des Cars, a attir\u00e9 l\u2019attention des pouvoirs publics d\u00e8s le mois de janvier sur la v\u00e9tust\u00e9 de ce gigantesque b\u00e2timent datant de 1190.<\/p>\n<p>En r\u00e9ponse, l\u2019\u00c9lys\u00e9e a promis <strong>un projet pharaonique de r\u00e9novation d\u2019ici 2031<\/strong> : nouvelle entr\u00e9e, salle d\u00e9di\u00e9e \u00e0 La Joconde, tarification diff\u00e9renci\u00e9e pour les touristes non-europ\u00e9ens, et objectif affich\u00e9 d\u2019absorber 12 millions de visiteurs par an. Un projet \u00e0 800 millions d\u2019euros, qui s\u2019\u00e9talera sur une dizaine d\u2019ann\u00e9es selon l\u2019entourage d\u2019Emmanuel Macron, r\u00e9pondant au nom de \u00ab\u00a0Nouvelle Renaissance du Louvre\u00a0\u00bb. Annonc\u00e9 par le pr\u00e9sident au mois de janvier de cette ann\u00e9e, aucune information n\u2019a cependant \u00e9t\u00e9 donn\u00e9e quant \u00e0 un possible regonflement des effectifs, <a href=\"https:\/\/www.elysee.fr\/emmanuel-macron\/2025\/01\/28\/pour-la-nouvelle-renaissance-du-louvre\" target=\"_blank\" rel=\"false noopener nofollow\">m\u00eame sur le site de l\u2019\u00c9lys\u00e9e<\/a>.<\/p>\n<p>Le Louvre croule sous son succ\u00e8s, mais celui-ci <strong>n\u2019est plus gage aujourd\u2019hui de vitalit\u00e9<\/strong>. Il est devenu, comme bien d\u2019autres grands mus\u00e9es internationaux, une institution culturelle qui tente de survivre dans un monde <strong>qui n\u2019a plus le temps de regarder<\/strong>. <strong>Quel cruel paradoxe que celui-ci<\/strong> : l\u2019art ne nous a jamais \u00e9t\u00e9 aussi accessible, mais il ne nous a jamais \u00e9t\u00e9 aussi lointain \u00e9motionnellement parlant. On en reparle dans dix ans, <strong>apr\u00e8s le grand chantier<\/strong>\u00a0?<\/p>\n<ul class=\"tldr\">\n<li>Le mus\u00e9e du Louvre fait face \u00e0 une crise majeure due \u00e0 l\u2019afflux incontr\u00f4lable de visiteurs et \u00e0 la r\u00e9duction de ses effectifs.<\/li>\n<li>L\u2019exp\u00e9rience de visite, notamment devant la Joconde, est g\u00e2ch\u00e9e par le tourisme de masse qui privil\u00e9gie la photo \u00e0 la contemplation, un probl\u00e8me symptomatique de nombreuses villes europ\u00e9ennes.<\/li>\n<li>Un vaste plan de r\u00e9novation est pr\u00e9vu pour moderniser les infrastructures et g\u00e9rer l\u2019affluence, mais sans garantie d\u2019am\u00e9lioration des conditions de travail du personnel.<\/li>\n<\/ul>\n<blockquote>\n<p class=\"text-base text-neutral-700 dark:text-neutral-300\">\ud83d\udccd Pour ne manquer aucune actualit\u00e9 de Presse-citron, suivez-nous sur <a href=\"https:\/\/news.google.com\/publications\/CAAqBggKMIPiNTC70wU?hl=fr&amp;gl=FR&amp;ceid=FR%3Afr\" target=\"_blank\" rel=\"nofollow noopener\">Google Actualit\u00e9s<\/a> et <a href=\"https:\/\/whatsapp.com\/channel\/0029VaCkGuz4NViitBXbEr0b\" target=\"_blank\" rel=\"nofollow noopener\">WhatsApp<\/a>.<\/p>\n<\/blockquote>\n","protected":false},"excerpt":{"rendered":"Ne cherchez plus la Joconde, elle a disparu derri\u00e8re les smartphones. Le Louvre est ferm\u00e9, pas pour des&hellip;\n","protected":false},"author":2,"featured_media":187651,"comment_status":"","ping_status":"","sticky":false,"template":"","format":"standard","meta":{"footnotes":""},"categories":[1358],"tags":[1348,1384,1385,1386,58,59,1011,27,3048,626,602],"class_list":{"0":"post-187650","1":"post","2":"type-post","3":"status-publish","4":"format-standard","5":"has-post-thumbnail","7":"category-arts-et-design","8":"tag-arts","9":"tag-arts-and-design","10":"tag-arts-et-design","11":"tag-design","12":"tag-divertissement","13":"tag-entertainment","14":"tag-fr","15":"tag-france","16":"tag-musee","17":"tag-paris","18":"tag-tourisme"},"share_on_mastodon":{"url":"https:\/\/pubeurope.com\/@fr\/114708429116189068","error":""},"_links":{"self":[{"href":"https:\/\/www.europesays.com\/fr\/wp-json\/wp\/v2\/posts\/187650","targetHints":{"allow":["GET"]}}],"collection":[{"href":"https:\/\/www.europesays.com\/fr\/wp-json\/wp\/v2\/posts"}],"about":[{"href":"https:\/\/www.europesays.com\/fr\/wp-json\/wp\/v2\/types\/post"}],"author":[{"embeddable":true,"href":"https:\/\/www.europesays.com\/fr\/wp-json\/wp\/v2\/users\/2"}],"replies":[{"embeddable":true,"href":"https:\/\/www.europesays.com\/fr\/wp-json\/wp\/v2\/comments?post=187650"}],"version-history":[{"count":0,"href":"https:\/\/www.europesays.com\/fr\/wp-json\/wp\/v2\/posts\/187650\/revisions"}],"wp:featuredmedia":[{"embeddable":true,"href":"https:\/\/www.europesays.com\/fr\/wp-json\/wp\/v2\/media\/187651"}],"wp:attachment":[{"href":"https:\/\/www.europesays.com\/fr\/wp-json\/wp\/v2\/media?parent=187650"}],"wp:term":[{"taxonomy":"category","embeddable":true,"href":"https:\/\/www.europesays.com\/fr\/wp-json\/wp\/v2\/categories?post=187650"},{"taxonomy":"post_tag","embeddable":true,"href":"https:\/\/www.europesays.com\/fr\/wp-json\/wp\/v2\/tags?post=187650"}],"curies":[{"name":"wp","href":"https:\/\/api.w.org\/{rel}","templated":true}]}}