{"id":187654,"date":"2025-06-19T05:42:10","date_gmt":"2025-06-19T05:42:10","guid":{"rendered":"https:\/\/www.europesays.com\/fr\/187654\/"},"modified":"2025-06-19T05:42:10","modified_gmt":"2025-06-19T05:42:10","slug":"qui-veut-presenter-le-jt-de-france-2","status":"publish","type":"post","link":"https:\/\/www.europesays.com\/fr\/187654\/","title":{"rendered":"qui veut pr\u00e9senter le JT de France 2 ?"},"content":{"rendered":"<p>Depuis l\u2019\u00e9viction d\u2019Anne-Sophie Lapix \u00e0 la pr\u00e9sentation des journaux de \u00ab20 Heures\u00bb, le groupe du service public semble peiner \u00e0 embaucher son successeur. Rappel des comp\u00e9tences et du profil requis pour candidater.<\/p>\n<p class=\"fig-paragraph\">France 2 cherche d\u00e9sesp\u00e9r\u00e9ment son pr\u00e9sentateur de journal t\u00e9l\u00e9vis\u00e9. Depuis l\u2019annonce du\u00a0<a href=\"http:\/\/www.lefigaro.fr\/flash-actu\/anne-sophie-lapix-va-quitter-la-presentation-du-20-heures-de-france-2-mi-juillet-20250527\" target=\"_blank\" data-fig-type=\"NewsFlash\" rel=\"noopener nofollow\" data-gtm-custom-categorie=\"navigation\" data-gtm-custom-action=\"crossclick\" data-gtm-custom-label=\"Contextuel\" data-gtm-event=\"customEventSPE\" data-fig-domain=\"LEFIGARO\">d\u00e9part d\u2019Anne-Sophie Lapix<\/a>, qui assurait les journaux de 20 Heures de la cha\u00eene, la direction du service public \u00e9cume les refus.\u00a0<a href=\"http:\/\/tvmag.lefigaro.fr\/programme-tv\/actu-tele\/darius-rochebin-au-20-heures-de-france-2-il-semble-qu-il-a-bel-et-bien-ferme-la-porte-20250609\" target=\"_blank\" data-fig-type=\"Article\" rel=\"noopener nofollow\" data-gtm-custom-categorie=\"navigation\" data-gtm-custom-action=\"crossclick\" data-gtm-custom-label=\"Contextuel\" data-gtm-event=\"customEventSPE\" data-fig-domain=\"TVMAG\">Darius Rochebin<\/a>, Anne-Claire Coudray et plus r\u00e9cemment\u00a0<a href=\"http:\/\/www.lefigaro.fr\/medias\/caroline-roux-dit-non-au-20-heures-de-france-2-20250618\" target=\"_blank\" data-fig-type=\"NewsFlash\" rel=\"noopener nofollow\" data-gtm-custom-categorie=\"navigation\" data-gtm-custom-action=\"crossclick\" data-gtm-custom-label=\"Contextuel\" data-gtm-event=\"customEventSPE\" data-fig-domain=\"LEFIGARO\">Caroline Roux<\/a>&#8230; Tous semblent fermer la porte \u00e0 s\u2019asseoir dans le fauteuil laiss\u00e9 libre par la journaliste de 53 ans. Mais, \u00e0 quoi ressemble r\u00e9ellement la fiche de poste d\u2019un pr\u00e9sentateur de JT\u00a0? TV Magazine s\u2019est gliss\u00e9 dans la peau des ressources humaines.<\/p>\n<p class=\"fig-body-link\">\n            \u00c0 lire aussi<br \/>\n        <a class=\"fig-body-link__link\" href=\"http:\/\/tvmag.lefigaro.fr\/programme-tv\/actu-tele\/apres-le-20-heures-de-france-2-anne-sophie-lapix-rebondira-sur-rtl-20250616\" target=\"_blank\" data-fig-type=\"NewsFlash\" rel=\"noopener nofollow\" data-gtm-custom-categorie=\"navigation\" data-gtm-custom-action=\"crossclick\" data-gtm-custom-label=\"Contextuel\" data-gtm-event=\"customEventSPE\" data-fig-domain=\"TVMAG\">Apr\u00e8s le 20 Heures de France 2, Anne-Sophie Lapix rebondira sur RTL<br \/>\n    <\/a>\n<\/p>\n<p>Une journ\u00e9e type<\/p>\n<p class=\"fig-paragraph\">La journ\u00e9e d\u2019un pr\u00e9sentateur du \u00ab20 Heures\u00bb, quelle que soit la cha\u00eene, ne commence par \u00e0 19h59. Bien au contraire. Le journaliste, en plus de r\u00e9diger ses lancements en amont, construit son journal avec l\u2019\u00e9quipe de reporters. D\u00e8s le matin, il effectue une revue de presse d\u00e9taill\u00e9e sur les diff\u00e9rentes actualit\u00e9s tomb\u00e9es dans la nuit ou au petit matin. En l\u2019occurrence, Anne-Sophie Lapix expliquait dans un entretien \u00e0\u00a0<a href=\"https:\/\/www.telestar.fr\/actu-tv\/anne-claire-coudray-ce-qu-elle-ne-fait-jamais-avant-de-presenter-son-journal-799903\" target=\"_blank\" rel=\"nofollow noopener\" data-gtm-custom-categorie=\"navigation\" data-gtm-custom-action=\"crossclick\" data-gtm-custom-label=\"Contextuel\" data-gtm-event=\"customEventSPE\">T\u00e9l\u00e9-Star<\/a> \u00a0que d\u00e8s 8h45, elle s\u2019entretenait avec le r\u00e9dacteur en chef pour d\u00e9terminer la liste des sujets et des intervenants \u00e0 avoir pour le journal du soir. Aux alentours de 10 heures, direction la conf\u00e9rence de r\u00e9daction pour \u00e9tablir la structure \u00e0 proprement parler de l\u2019\u00e9dition du jour. \u00c0 la mi-journ\u00e9e, la moiti\u00e9 du journal est cens\u00e9e \u00eatre pr\u00eate. Pour coller au maximum \u00e0 l\u2019actualit\u00e9, une seconde conf\u00e9rence de presse est organis\u00e9e aux alentours de 15 heures.<\/p>\n<p class=\"fig-paragraph\">Une fois cette r\u00e9union termin\u00e9e, le pr\u00e9sentateur s\u2019attelle \u00e0 la r\u00e9daction de ses lancements et \u00e0 leur \u00abmise en bouche\u00bb jusqu\u2019\u00e0 l\u2019instant du maquillage et de la coiffure. Certains passent entre les mains expertes de l\u2019\u00e9quipe HMC (Habillement Maquillage Coiffure NDLR), d\u2019autres comme Anne-Claire Coudray pr\u00e9f\u00e8re effectuer cette \u00e9tape en solo, arm\u00e9e de sa bombe de laque et de son n\u00e9cessaire beaut\u00e9. Quelques minutes avant le lancement du g\u00e9n\u00e9rique, l\u2019angoisse de chacun reste de se retrouver coinc\u00e9 dans un ascenseur ou aux toilettes. \u00abLe cauchemar des pr\u00e9sentateurs d\u00e9butants, c\u2019est de ne pas trouver la route vers le studio\u00bb, a confi\u00e9 Anne-Claire Coudray sur RTL. R\u00e9sultat\u00a0? \u00abOn prend les escaliers, m\u00eame avec des talons de 12 centim\u00e8tres. On ne prend pas l\u2019ascenseur avant le Journal. J\u2019arr\u00eate aussi d\u2019avoir envie de faire pipi au moins trois quarts d\u2019heure avant\u00bb, a pr\u00e9cis\u00e9 le visage de TF1. Des informations pr\u00e9cieuses pour un novice.<\/p>\n<p>Parcours<\/p>\n<p class=\"fig-paragraph\">Historiquement, il est d\u2019usage qu\u2019un pr\u00e9sentateur a une formation de journaliste. Souvent, les profils ont \u0153uvr\u00e9 dans d\u2019autres branches du m\u00e9tier avant de passer devant la cam\u00e9ra. Par exemple, Anne-Claire Coudray \u00e9tait grand reporter \u00e0 l\u2019\u00e9tranger. Marie-Sophie Lacarrau s\u2019est imm\u00e9diatement fait la main en pr\u00e9sentant les journaux en r\u00e9gion puis en grimpant petit \u00e0 petit les \u00e9chelons acc\u00e9dant au titre de joker jusqu\u2019\u00e0 obtenir une place de titulaire sur la Une.<\/p>\n<p>Salaire<\/p>\n<p class=\"fig-paragraph\">Pour ce qu\u2019il est de la r\u00e9mun\u00e9ration, les informations oscillent en fonction des cha\u00eenes et des profils. Au vu des rumeurs, la Une accorderait de meilleurs salaires \u00e0 leurs pr\u00e9sentateurs que France T\u00e9l\u00e9visions. Anne-Claire Coudray aurait per\u00e7u en 2019 un salaire compris entre 30.000 et 45.000 euros par mois. Son coll\u00e8gue du \u00ab20 Heures\u00bb en semaine, Gilles Bouleau, nous parlait quant \u00e0 lui d\u2019un chiffre \u00e9quivalent \u00e0 celui d\u2019un \u00abjoueur de football de Ligue 2\u00bb, soit en moyenne entre 10.000 \u00e0 15.000 euros. La r\u00e9mun\u00e9ration de Laurent Delahousse sur France T\u00e9l\u00e9visions aurait quant \u00e0 elle \u00e9t\u00e9 estim\u00e9e \u00e0 15.000 euros mensuels. Les fourchettes sont larges, reste au candidat de manier l\u2019art de la n\u00e9gociation en sa faveur. \u00c0 vos CV et lettres de motivations\u00a0!<\/p>\n<p>En r\u00e9sum\u00e9&#8230;<\/p>\n<p class=\"fig-paragraph\">H\/F, Passionn\u00e9 par l\u2019actualit\u00e9 en g\u00e9n\u00e9ral, vous \u00eates dynamique, r\u00e9actif, rigoureux et curieux. Vous cherchez \u00e0 int\u00e9resser un public le plus large possible aux th\u00e9matiques en question. Vous couvrez l\u2019actualit\u00e9 chaude et froide, nationale et internationale, face \u00e0 la cam\u00e9ra. Vous aimez travailler en \u00e9quipe.<\/p>\n<ul class=\"fig-list\">\n<li>Force de propositions sur des sujets et des formats<\/li>\n<li>Curiosit\u00e9 et rigueur<\/li>\n<li>Excellente veille de l\u2019actualit\u00e9<\/li>\n<li>Bonne connaissance du secteur et de ses acteurs<\/li>\n<li>Bonne diction<\/li>\n<\/ul>\n","protected":false},"excerpt":{"rendered":"Depuis l\u2019\u00e9viction d\u2019Anne-Sophie Lapix \u00e0 la pr\u00e9sentation des journaux de \u00ab20 Heures\u00bb, le groupe du service public semble&hellip;\n","protected":false},"author":2,"featured_media":187655,"comment_status":"","ping_status":"","sticky":false,"template":"","format":"standard","meta":{"footnotes":""},"categories":[1356],"tags":[497,496,499,58,59,1011,27,594,5419,500,504,505,495,503,502,501,252,1364,498],"class_list":{"0":"post-187654","1":"post","2":"type-post","3":"status-publish","4":"format-standard","5":"has-post-thumbnail","7":"category-television","8":"tag-actu-tv","9":"tag-actualite-tv","10":"tag-buzz-tv","11":"tag-divertissement","12":"tag-entertainment","13":"tag-fr","14":"tag-france","15":"tag-france-2","16":"tag-journal-televise","17":"tag-medias","18":"tag-news-tele","19":"tag-news-television","20":"tag-news-tv","21":"tag-programme-tele","22":"tag-programme-tv","23":"tag-quiz-tv","24":"tag-television","25":"tag-tv","26":"tag-tv-actu"},"share_on_mastodon":{"url":"https:\/\/pubeurope.com\/@fr\/114708437030231562","error":""},"_links":{"self":[{"href":"https:\/\/www.europesays.com\/fr\/wp-json\/wp\/v2\/posts\/187654","targetHints":{"allow":["GET"]}}],"collection":[{"href":"https:\/\/www.europesays.com\/fr\/wp-json\/wp\/v2\/posts"}],"about":[{"href":"https:\/\/www.europesays.com\/fr\/wp-json\/wp\/v2\/types\/post"}],"author":[{"embeddable":true,"href":"https:\/\/www.europesays.com\/fr\/wp-json\/wp\/v2\/users\/2"}],"replies":[{"embeddable":true,"href":"https:\/\/www.europesays.com\/fr\/wp-json\/wp\/v2\/comments?post=187654"}],"version-history":[{"count":0,"href":"https:\/\/www.europesays.com\/fr\/wp-json\/wp\/v2\/posts\/187654\/revisions"}],"wp:featuredmedia":[{"embeddable":true,"href":"https:\/\/www.europesays.com\/fr\/wp-json\/wp\/v2\/media\/187655"}],"wp:attachment":[{"href":"https:\/\/www.europesays.com\/fr\/wp-json\/wp\/v2\/media?parent=187654"}],"wp:term":[{"taxonomy":"category","embeddable":true,"href":"https:\/\/www.europesays.com\/fr\/wp-json\/wp\/v2\/categories?post=187654"},{"taxonomy":"post_tag","embeddable":true,"href":"https:\/\/www.europesays.com\/fr\/wp-json\/wp\/v2\/tags?post=187654"}],"curies":[{"name":"wp","href":"https:\/\/api.w.org\/{rel}","templated":true}]}}